{"id":1076,"date":"2021-10-03T21:56:00","date_gmt":"2021-10-04T00:56:00","guid":{"rendered":"http:\/\/bohngass.com.br\/?p=1076"},"modified":"2021-10-03T21:56:01","modified_gmt":"2021-10-04T00:56:01","slug":"pt-aciona-mp-para-investigar-offshore-milionaria-de-paulo-guedes-em-paraiso-fiscal","status":"publish","type":"post","link":"https:\/\/bohngass.com.br\/?p=1076","title":{"rendered":"PT aciona MP para investigar offshore milion\u00e1ria de Paulo Guedes em para\u00edso fiscal"},"content":{"rendered":"\n<p>O l\u00edder do PT na C\u00e2mara,&nbsp;<strong>Elvino Bohn Gass (RS)<\/strong>, anunciou hoje que a bancada do partido vai encaminhar \u00e0 Procuradoria \u2013Geral da Rep\u00fablica pedido de investiga\u00e7\u00e3o do ministro da Economia, Paulo Guedes, e do presidente do Banco Central, Roberto Campos Neto, em raz\u00e3o de denuncia divulgada neste domingo (3) pelo ICIJ (Cons\u00f3rcio Internacional de Jornalistas Investigativos, na sigla em ingl\u00eas). Ambos foram denunciados por terem empresas em para\u00edsos fiscais e as manterem depois de ingressar no governo, no in\u00edcio de 2019.<\/p>\n\n\n\n<p>Para Bohn Gass, Guedes e o presidente do BC devem ser alvo de profunda e rigorosa investiga\u00e7\u00e3o por parte do Minist\u00e9rio P\u00fablico. \u201cCom base nas normas do servi\u00e7o p\u00fablico e na Lei de Conflito de Interesses, o caso sugere que pode ter havido autofavorecimento\u201d, disse Bohn Gass. \u00b4\u2019Estamos falando de dois dos mais importantes respons\u00e1veis pela condu\u00e7\u00e3o da pol\u00edtica econ\u00f4mica do Pa\u00eds neste momento. Em nome da lisura e da transpar\u00eancia, o povo brasileiro tem o direito a essas informa\u00e7\u00f5es\u201d, completou o l\u00edder do PT.<\/p>\n\n\n\n<h2 class=\"wp-block-heading\"><strong>Sob suspei\u00e7\u00e3o<\/strong><\/h2>\n\n\n\n<p>O petista lembra que quem tem offshore precisa declarar \u00e0 Receita Federal e ao pr\u00f3prio Banco Central. \u201cMas, se o dono dessa offshore for ocupante de cargo p\u00fablico, est\u00e1 sujeito, ainda, a outras regras, justamente para que n\u00e3o haja autofavorecimento\u201d, comentou.<\/p>\n\n\n\n<p>\u201cE causa estranheza que tanto Guedes quanto Campos Neto, como integrantes do Conselho Monet\u00e1rio Nacional, tenham participado diretamente da decis\u00e3o do atual governo de elevar de 100 mil d\u00f3lares para 1 milh\u00e3o de d\u00f3lares o valor que se pode ter no exterior sem informar ao Banco Central\u201d, disse Bohn Gass. O l\u00edder informou &nbsp;que tamb\u00e9m deve assinar pedido para que as duas autoridades monet\u00e1rias sejam convocadas a prestar esclarecimentos no Congresso Nacional.<\/p>\n\n\n\n<p>Segundo o cons\u00f3rcio de jornalistas, no dia 24 de setembro de 2014, com o mercado financeiro cada vez mais agitado diante da imin\u00eancia da reelei\u00e7\u00e3o de Dilma Rousseff (PT), o Banco Central interveio para conter a alta do d\u00f3lar. No dia seguinte, o economista Paulo Guedes, ent\u00e3o s\u00f3cio da gestora de recursos Bozano Investimentos, tomou uma provid\u00eancia para manter parte da sua fortuna longe das turbul\u00eancias da economia brasileira: fundou a Dreadnoughts International, uma offshore nas Ilhas Virgens Brit\u00e2nicas, um para\u00edso fiscal no Caribe.<\/p>\n\n\n\n<h2 class=\"wp-block-heading\"><strong>Saldo no exterior<\/strong><\/h2>\n\n\n\n<p>Nos meses seguintes, Guedes aportou na conta da offshore, aberta numa ag\u00eancia do banco Cr\u00e9dit Suisse, em Nova York, a quantia de 9,55 milh\u00f5es de d\u00f3lares, o equivalente a 23 milh\u00f5es de reais na \u00e9poca (no c\u00e2mbio atual, o valor hoje corresponde a 50 milh\u00f5es de reais).<\/p>\n\n\n\n<p>A abertura de uma offshore ou de contas no exterior n\u00e3o \u00e9 ilegal, desde que o saldo mantido l\u00e1 fora seja declarado \u00e0 Receita Federal e ao Banco Central. Mas, no caso de servidores p\u00fablicos, a situa\u00e7\u00e3o \u00e9 diferente. O artigo 5\u00ba do C\u00f3digo de Conduta da Alta Administra\u00e7\u00e3o Federal, institu\u00eddo em 2000, pro\u00edbe funcion\u00e1rios do alto escal\u00e3o de manter aplica\u00e7\u00f5es financeiras, no Brasil ou no exterior, pass\u00edveis de ser afetadas por pol\u00edticas governamentais. A proibi\u00e7\u00e3o n\u00e3o se refere a toda e qualquer pol\u00edtica oficial, mas apenas \u00e0quelas sobre as quais \u201ca autoridade p\u00fablica tenha informa\u00e7\u00f5es privilegiadas, em raz\u00e3o do cargo ou fun\u00e7\u00e3o\u201d. Em janeiro de 2019, cinco anos depois de abrir a offshore e depositar 9,55 milh\u00f5es de d\u00f3lares, Guedes virou o principal fiador do governo Bolsonaro e assumiu o cargo de ministro da Economia, sob cuja responsabilidade est\u00e1 um enorme leque de decis\u00f5es capazes de afetar seus pr\u00f3prios investimentos no exterior.<\/p>\n\n\n\n<p>As penas para quem infringe o artigo 5\u00ba variam de uma simples advert\u00eancia \u00e0 recomenda\u00e7\u00e3o de demiss\u00e3o. O ministro disse \u00e0 Piau\u00ed que, assim que assumiu o minist\u00e9rio em janeiro de 2019, ele informou \u00e0 Comiss\u00e3o de \u00c9tica P\u00fablica, encarregada de julgar poss\u00edveis infra\u00e7\u00f5es ao c\u00f3digo, sobre seus investimentos externos. A Comiss\u00e3o de \u00c9tica, no entanto, s\u00f3 julgou o caso em julho passado. N\u00e3o viu nenhuma irregularidade e decidiu arquivar o caso. A Piau\u00ed pediu ao \u00f3rg\u00e3o a justificativa da decis\u00e3o, mas recebeu como resposta que as informa\u00e7\u00f5es contidas nos julgamentos s\u00e3o sigilosas \u201cem face dos dados sens\u00edveis que delas constam \u2013 inclusive fiscais e banc\u00e1rios\u201d.<\/p>\n\n\n\n<p>Desde o in\u00edcio da gest\u00e3o Bolsonaro, a Comiss\u00e3o de \u00c9tica de P\u00fablica tem sido criticada por ser leniente com comportamentos anti\u00e9ticos por parte da c\u00fapula do governo. Em maio de 2020, o conselheiro Erick Vidigal pediu demiss\u00e3o e divulgou uma carta com fortes cr\u00edticas ao \u00f3rg\u00e3o. \u201cEu n\u00e3o entrei na Comiss\u00e3o de \u00c9tica para bater palma para governantes indecentes ou para perseguir desafetos do governo\u201d, escreveu. Em 2019, \u00faltimo ano em que a comiss\u00e3o divulgou dados, apenas um servidor fora punido \u2013 com pena de advert\u00eancia \u2013, contra seis no ano anterior e 17 em 2017. \u201cA comiss\u00e3o s\u00f3 trabalha de verdade na an\u00e1lise das quarentenas e em alguns casos de conflito de interesses. Quanto aos desvios \u00e9ticos, adoram colocar panos quentes, especialmente quando se trata de ministros de Estado\u201d, critica um ex-membro do \u00f3rg\u00e3o, que n\u00e3o quis se identificar para n\u00e3o se indispor com os atuais conselheiros.<\/p>\n\n\n\n<p>A proposta de reforma tribut\u00e1ria apresentada pelo governo ao Congresso Nacional \u00e9 um exemplo de conflito de interesses. Por sugest\u00e3o da Receita Federal, o projeto original da reforma previa a taxa\u00e7\u00e3o de ganhos de capital no exterior, incluindo investimentos em para\u00edsos fiscais \u2013 situa\u00e7\u00e3o que, sabe-se agora, atingia o ministro Guedes. A ideia, no entanto, acabou derrubada com a anu\u00eancia do Minist\u00e9rio da Economia. Outro item da reforma, negociado e aprovado pela equipe econ\u00f4mica, reduz drasticamente a taxa\u00e7\u00e3o sobre a repatria\u00e7\u00e3o de recursos. Hoje, a taxa n\u00e3o \u00e9 um consenso, e sempre rende discuss\u00f5es judiciais, mas varia de 15% a 27,5%, a depender do volume de recursos. Pela proposta do governo, a al\u00edquota, se aprovada, cair\u00e1 para 6%.<\/p>\n\n\n\n<p>Leia a \u00edntegra da den\u00fancia do ICIJ:<\/p>\n\n\n\n<figure class=\"wp-block-embed is-type-wp-embed is-provider-agencia-publica wp-block-embed-agencia-publica\"><div class=\"wp-block-embed__wrapper\">\n<blockquote class=\"wp-embedded-content\" data-secret=\"4xQBup7xhv\"><a href=\"https:\/\/apublica.org\/2021\/10\/guedes-tem-offshore-milionaria-em-paraiso-fiscal\/\">Guedes tem offshore milion\u00e1ria em para\u00edso fiscal<\/a><\/blockquote><iframe loading=\"lazy\" class=\"wp-embedded-content\" sandbox=\"allow-scripts\" security=\"restricted\" style=\"position: absolute; clip: rect(1px, 1px, 1px, 1px);\" title=\"&#8220;Guedes tem offshore milion\u00e1ria em para\u00edso fiscal&#8221; &#8212; Ag\u00eancia P\u00fablica\" src=\"https:\/\/apublica.org\/2021\/10\/guedes-tem-offshore-milionaria-em-paraiso-fiscal\/embed\/#?secret=0Phw6vTmC5#?secret=4xQBup7xhv\" data-secret=\"4xQBup7xhv\" width=\"500\" height=\"282\" frameborder=\"0\" marginwidth=\"0\" marginheight=\"0\" scrolling=\"no\"><\/iframe>\n<\/div><\/figure>\n\n\n\n<p><a href=\"https:\/\/ptnacamara.org.br\/site\/2021\/10\/03\/\"><\/a><\/p>\n","protected":false},"excerpt":{"rendered":"<p>O l\u00edder do PT na C\u00e2mara,&nbsp;Elvino Bohn Gass (RS), anunciou hoje que a bancada do partido vai encaminhar \u00e0 Procuradoria \u2013Geral da Rep\u00fablica pedido de investiga\u00e7\u00e3o do ministro da Economia, Paulo Guedes, e do presidente do Banco Central, Roberto Campos Neto, em raz\u00e3o de denuncia divulgada neste domingo (3) pelo ICIJ (Cons\u00f3rcio Internacional de Jornalistas [&hellip;]<\/p>\n","protected":false},"author":1,"featured_media":1077,"comment_status":"open","ping_status":"open","sticky":false,"template":"","format":"standard","meta":{"footnotes":""},"categories":[35,82,110],"tags":[523,524,225,457,210,276,429,527,525,528,526],"class_list":["post-1076","post","type-post","status-publish","format-standard","has-post-thumbnail","hentry","category-governo-bolsonaro","category-lideranca-do-pt","category-partido-dos-trabalhadores","tag-banco-central","tag-evasao-de-divisas","tag-internacional","tag-investigacao","tag-midia","tag-ministerio-da-economia","tag-ministerio-publico-federal","tag-offshore","tag-paraiso-fiscal","tag-pgr","tag-sonegacao"],"yoast_head":"<!-- This site is optimized with the Yoast SEO plugin v27.4 - https:\/\/yoast.com\/product\/yoast-seo-wordpress\/ -->\n<title>PT aciona MP para investigar offshore milion\u00e1ria de Paulo Guedes em para\u00edso fiscal - Deputado Federal Bohn Gass \u2605 PT\/RS<\/title>\n<meta name=\"robots\" content=\"index, follow, max-snippet:-1, max-image-preview:large, max-video-preview:-1\" \/>\n<link rel=\"canonical\" href=\"https:\/\/bohngass.com.br\/?p=1076\" \/>\n<meta property=\"og:locale\" content=\"pt_BR\" \/>\n<meta property=\"og:type\" content=\"article\" \/>\n<meta property=\"og:title\" content=\"PT aciona MP para investigar offshore milion\u00e1ria de Paulo Guedes em para\u00edso fiscal - Deputado Federal Bohn Gass \u2605 PT\/RS\" \/>\n<meta property=\"og:description\" content=\"O l\u00edder do PT na C\u00e2mara,&nbsp;Elvino Bohn Gass (RS), anunciou hoje que a bancada do partido vai encaminhar \u00e0 Procuradoria \u2013Geral da Rep\u00fablica pedido de investiga\u00e7\u00e3o do ministro da Economia, Paulo Guedes, e do presidente do Banco Central, Roberto Campos Neto, em raz\u00e3o de denuncia divulgada neste domingo (3) pelo ICIJ (Cons\u00f3rcio Internacional de Jornalistas [&hellip;]\" \/>\n<meta property=\"og:url\" content=\"https:\/\/bohngass.com.br\/?p=1076\" \/>\n<meta property=\"og:site_name\" content=\"Deputado Federal Bohn Gass \u2605 PT\/RS\" \/>\n<meta property=\"article:publisher\" content=\"https:\/\/www.facebook.com\/bohngass13\" \/>\n<meta property=\"article:published_time\" content=\"2021-10-04T00:56:00+00:00\" \/>\n<meta property=\"article:modified_time\" content=\"2021-10-04T00:56:01+00:00\" \/>\n<meta property=\"og:image\" content=\"https:\/\/bohngass.com.br\/wp-content\/uploads\/2021\/10\/pgr.jpg\" \/>\n\t<meta property=\"og:image:width\" content=\"1170\" \/>\n\t<meta property=\"og:image:height\" content=\"700\" \/>\n\t<meta property=\"og:image:type\" content=\"image\/jpeg\" \/>\n<meta name=\"author\" content=\"admin\" \/>\n<meta name=\"twitter:card\" content=\"summary_large_image\" \/>\n<meta name=\"twitter:creator\" content=\"@BohnGass\" \/>\n<meta name=\"twitter:site\" content=\"@BohnGass\" \/>\n<meta name=\"twitter:label1\" content=\"Escrito por\" \/>\n\t<meta name=\"twitter:data1\" content=\"admin\" \/>\n\t<meta name=\"twitter:label2\" content=\"Est. tempo de leitura\" \/>\n\t<meta name=\"twitter:data2\" content=\"5 minutos\" \/>\n<script type=\"application\/ld+json\" class=\"yoast-schema-graph\">{\"@context\":\"https:\\\/\\\/schema.org\",\"@graph\":[{\"@type\":\"Article\",\"@id\":\"https:\\\/\\\/bohngass.com.br\\\/?p=1076#article\",\"isPartOf\":{\"@id\":\"https:\\\/\\\/bohngass.com.br\\\/?p=1076\"},\"author\":{\"name\":\"admin\",\"@id\":\"https:\\\/\\\/bohngass.com.br\\\/#\\\/schema\\\/person\\\/73f139d814ad08afd66e56929f99d4d6\"},\"headline\":\"PT aciona MP para investigar offshore milion\u00e1ria de Paulo Guedes em para\u00edso fiscal\",\"datePublished\":\"2021-10-04T00:56:00+00:00\",\"dateModified\":\"2021-10-04T00:56:01+00:00\",\"mainEntityOfPage\":{\"@id\":\"https:\\\/\\\/bohngass.com.br\\\/?p=1076\"},\"wordCount\":1056,\"commentCount\":0,\"publisher\":{\"@id\":\"https:\\\/\\\/bohngass.com.br\\\/#organization\"},\"image\":{\"@id\":\"https:\\\/\\\/bohngass.com.br\\\/?p=1076#primaryimage\"},\"thumbnailUrl\":\"https:\\\/\\\/bohngass.com.br\\\/wp-content\\\/uploads\\\/2021\\\/10\\\/pgr.jpg\",\"keywords\":[\"banco central\",\"evas\u00e3o de divisas\",\"internacional\",\"investiga\u00e7\u00e3o\",\"m\u00eddia\",\"minist\u00e9rio da Economia\",\"Minist\u00e9rio P\u00fablico Federal\",\"offshore\",\"para\u00edso fiscal\",\"PGR\",\"sonega\u00e7\u00e3o\"],\"articleSection\":[\"Governo Bolsonaro\",\"Lideran\u00e7a do PT\",\"Partido dos Trabalhadores\"],\"inLanguage\":\"pt-BR\",\"potentialAction\":[{\"@type\":\"CommentAction\",\"name\":\"Comment\",\"target\":[\"https:\\\/\\\/bohngass.com.br\\\/?p=1076#respond\"]}]},{\"@type\":\"WebPage\",\"@id\":\"https:\\\/\\\/bohngass.com.br\\\/?p=1076\",\"url\":\"https:\\\/\\\/bohngass.com.br\\\/?p=1076\",\"name\":\"PT aciona MP para investigar offshore milion\u00e1ria de Paulo Guedes em para\u00edso fiscal - Deputado Federal Bohn Gass \u2605 PT\\\/RS\",\"isPartOf\":{\"@id\":\"https:\\\/\\\/bohngass.com.br\\\/#website\"},\"primaryImageOfPage\":{\"@id\":\"https:\\\/\\\/bohngass.com.br\\\/?p=1076#primaryimage\"},\"image\":{\"@id\":\"https:\\\/\\\/bohngass.com.br\\\/?p=1076#primaryimage\"},\"thumbnailUrl\":\"https:\\\/\\\/bohngass.com.br\\\/wp-content\\\/uploads\\\/2021\\\/10\\\/pgr.jpg\",\"datePublished\":\"2021-10-04T00:56:00+00:00\",\"dateModified\":\"2021-10-04T00:56:01+00:00\",\"breadcrumb\":{\"@id\":\"https:\\\/\\\/bohngass.com.br\\\/?p=1076#breadcrumb\"},\"inLanguage\":\"pt-BR\",\"potentialAction\":[{\"@type\":\"ReadAction\",\"target\":[\"https:\\\/\\\/bohngass.com.br\\\/?p=1076\"]}]},{\"@type\":\"ImageObject\",\"inLanguage\":\"pt-BR\",\"@id\":\"https:\\\/\\\/bohngass.com.br\\\/?p=1076#primaryimage\",\"url\":\"https:\\\/\\\/bohngass.com.br\\\/wp-content\\\/uploads\\\/2021\\\/10\\\/pgr.jpg\",\"contentUrl\":\"https:\\\/\\\/bohngass.com.br\\\/wp-content\\\/uploads\\\/2021\\\/10\\\/pgr.jpg\",\"width\":1170,\"height\":700},{\"@type\":\"BreadcrumbList\",\"@id\":\"https:\\\/\\\/bohngass.com.br\\\/?p=1076#breadcrumb\",\"itemListElement\":[{\"@type\":\"ListItem\",\"position\":1,\"name\":\"In\u00edcio\",\"item\":\"https:\\\/\\\/bohngass.com.br\\\/\"},{\"@type\":\"ListItem\",\"position\":2,\"name\":\"PT aciona MP para investigar offshore milion\u00e1ria de Paulo Guedes em para\u00edso fiscal\"}]},{\"@type\":\"WebSite\",\"@id\":\"https:\\\/\\\/bohngass.com.br\\\/#website\",\"url\":\"https:\\\/\\\/bohngass.com.br\\\/\",\"name\":\"Deputado Federal Bohn Gass \u2605 PT\\\/RS\",\"description\":\"Deputado Federal Bohn Gass\",\"publisher\":{\"@id\":\"https:\\\/\\\/bohngass.com.br\\\/#organization\"},\"potentialAction\":[{\"@type\":\"SearchAction\",\"target\":{\"@type\":\"EntryPoint\",\"urlTemplate\":\"https:\\\/\\\/bohngass.com.br\\\/?s={search_term_string}\"},\"query-input\":{\"@type\":\"PropertyValueSpecification\",\"valueRequired\":true,\"valueName\":\"search_term_string\"}}],\"inLanguage\":\"pt-BR\"},{\"@type\":\"Organization\",\"@id\":\"https:\\\/\\\/bohngass.com.br\\\/#organization\",\"name\":\"Deputado Bohn Gass\",\"url\":\"https:\\\/\\\/bohngass.com.br\\\/\",\"logo\":{\"@type\":\"ImageObject\",\"inLanguage\":\"pt-BR\",\"@id\":\"https:\\\/\\\/bohngass.com.br\\\/#\\\/schema\\\/logo\\\/image\\\/\",\"url\":\"http:\\\/\\\/bohngass.com.br\\\/wp-content\\\/uploads\\\/2021\\\/01\\\/logo.png\",\"contentUrl\":\"http:\\\/\\\/bohngass.com.br\\\/wp-content\\\/uploads\\\/2021\\\/01\\\/logo.png\",\"width\":357,\"height\":355,\"caption\":\"Deputado Bohn Gass\"},\"image\":{\"@id\":\"https:\\\/\\\/bohngass.com.br\\\/#\\\/schema\\\/logo\\\/image\\\/\"},\"sameAs\":[\"https:\\\/\\\/www.facebook.com\\\/bohngass13\",\"https:\\\/\\\/x.com\\\/BohnGass\",\"https:\\\/\\\/www.instagram.com\\\/bohn_gass\\\/\",\"https:\\\/\\\/www.youtube.com\\\/BohnGass13\\\/\",\"https:\\\/\\\/pt.wikipedia.org\\\/wiki\\\/Bohn_Gass\"]},{\"@type\":\"Person\",\"@id\":\"https:\\\/\\\/bohngass.com.br\\\/#\\\/schema\\\/person\\\/73f139d814ad08afd66e56929f99d4d6\",\"name\":\"admin\",\"image\":{\"@type\":\"ImageObject\",\"inLanguage\":\"pt-BR\",\"@id\":\"https:\\\/\\\/bohngass.com.br\\\/wp-content\\\/litespeed\\\/avatar\\\/46d26e448dfe42e49944850c1affc8d8.jpg?ver=1777227068\",\"url\":\"https:\\\/\\\/bohngass.com.br\\\/wp-content\\\/litespeed\\\/avatar\\\/46d26e448dfe42e49944850c1affc8d8.jpg?ver=1777227068\",\"contentUrl\":\"https:\\\/\\\/bohngass.com.br\\\/wp-content\\\/litespeed\\\/avatar\\\/46d26e448dfe42e49944850c1affc8d8.jpg?ver=1777227068\",\"caption\":\"admin\"},\"sameAs\":[\"http:\\\/\\\/www2.bohngass.com.br\"]}]}<\/script>\n<!-- \/ Yoast SEO plugin. -->","yoast_head_json":{"title":"PT aciona MP para investigar offshore milion\u00e1ria de Paulo Guedes em para\u00edso fiscal - Deputado Federal Bohn Gass \u2605 PT\/RS","robots":{"index":"index","follow":"follow","max-snippet":"max-snippet:-1","max-image-preview":"max-image-preview:large","max-video-preview":"max-video-preview:-1"},"canonical":"https:\/\/bohngass.com.br\/?p=1076","og_locale":"pt_BR","og_type":"article","og_title":"PT aciona MP para investigar offshore milion\u00e1ria de Paulo Guedes em para\u00edso fiscal - Deputado Federal Bohn Gass \u2605 PT\/RS","og_description":"O l\u00edder do PT na C\u00e2mara,&nbsp;Elvino Bohn Gass (RS), anunciou hoje que a bancada do partido vai encaminhar \u00e0 Procuradoria \u2013Geral da Rep\u00fablica pedido de investiga\u00e7\u00e3o do ministro da Economia, Paulo Guedes, e do presidente do Banco Central, Roberto Campos Neto, em raz\u00e3o de denuncia divulgada neste domingo (3) pelo ICIJ (Cons\u00f3rcio Internacional de Jornalistas [&hellip;]","og_url":"https:\/\/bohngass.com.br\/?p=1076","og_site_name":"Deputado Federal Bohn Gass \u2605 PT\/RS","article_publisher":"https:\/\/www.facebook.com\/bohngass13","article_published_time":"2021-10-04T00:56:00+00:00","article_modified_time":"2021-10-04T00:56:01+00:00","og_image":[{"width":1170,"height":700,"url":"https:\/\/bohngass.com.br\/wp-content\/uploads\/2021\/10\/pgr.jpg","type":"image\/jpeg"}],"author":"admin","twitter_card":"summary_large_image","twitter_creator":"@BohnGass","twitter_site":"@BohnGass","twitter_misc":{"Escrito por":"admin","Est. tempo de leitura":"5 minutos"},"schema":{"@context":"https:\/\/schema.org","@graph":[{"@type":"Article","@id":"https:\/\/bohngass.com.br\/?p=1076#article","isPartOf":{"@id":"https:\/\/bohngass.com.br\/?p=1076"},"author":{"name":"admin","@id":"https:\/\/bohngass.com.br\/#\/schema\/person\/73f139d814ad08afd66e56929f99d4d6"},"headline":"PT aciona MP para investigar offshore milion\u00e1ria de Paulo Guedes em para\u00edso fiscal","datePublished":"2021-10-04T00:56:00+00:00","dateModified":"2021-10-04T00:56:01+00:00","mainEntityOfPage":{"@id":"https:\/\/bohngass.com.br\/?p=1076"},"wordCount":1056,"commentCount":0,"publisher":{"@id":"https:\/\/bohngass.com.br\/#organization"},"image":{"@id":"https:\/\/bohngass.com.br\/?p=1076#primaryimage"},"thumbnailUrl":"https:\/\/bohngass.com.br\/wp-content\/uploads\/2021\/10\/pgr.jpg","keywords":["banco central","evas\u00e3o de divisas","internacional","investiga\u00e7\u00e3o","m\u00eddia","minist\u00e9rio da Economia","Minist\u00e9rio P\u00fablico Federal","offshore","para\u00edso fiscal","PGR","sonega\u00e7\u00e3o"],"articleSection":["Governo Bolsonaro","Lideran\u00e7a do PT","Partido dos Trabalhadores"],"inLanguage":"pt-BR","potentialAction":[{"@type":"CommentAction","name":"Comment","target":["https:\/\/bohngass.com.br\/?p=1076#respond"]}]},{"@type":"WebPage","@id":"https:\/\/bohngass.com.br\/?p=1076","url":"https:\/\/bohngass.com.br\/?p=1076","name":"PT aciona MP para investigar offshore milion\u00e1ria de Paulo Guedes em para\u00edso fiscal - Deputado Federal Bohn Gass \u2605 PT\/RS","isPartOf":{"@id":"https:\/\/bohngass.com.br\/#website"},"primaryImageOfPage":{"@id":"https:\/\/bohngass.com.br\/?p=1076#primaryimage"},"image":{"@id":"https:\/\/bohngass.com.br\/?p=1076#primaryimage"},"thumbnailUrl":"https:\/\/bohngass.com.br\/wp-content\/uploads\/2021\/10\/pgr.jpg","datePublished":"2021-10-04T00:56:00+00:00","dateModified":"2021-10-04T00:56:01+00:00","breadcrumb":{"@id":"https:\/\/bohngass.com.br\/?p=1076#breadcrumb"},"inLanguage":"pt-BR","potentialAction":[{"@type":"ReadAction","target":["https:\/\/bohngass.com.br\/?p=1076"]}]},{"@type":"ImageObject","inLanguage":"pt-BR","@id":"https:\/\/bohngass.com.br\/?p=1076#primaryimage","url":"https:\/\/bohngass.com.br\/wp-content\/uploads\/2021\/10\/pgr.jpg","contentUrl":"https:\/\/bohngass.com.br\/wp-content\/uploads\/2021\/10\/pgr.jpg","width":1170,"height":700},{"@type":"BreadcrumbList","@id":"https:\/\/bohngass.com.br\/?p=1076#breadcrumb","itemListElement":[{"@type":"ListItem","position":1,"name":"In\u00edcio","item":"https:\/\/bohngass.com.br\/"},{"@type":"ListItem","position":2,"name":"PT aciona MP para investigar offshore milion\u00e1ria de Paulo Guedes em para\u00edso fiscal"}]},{"@type":"WebSite","@id":"https:\/\/bohngass.com.br\/#website","url":"https:\/\/bohngass.com.br\/","name":"Deputado Federal Bohn Gass \u2605 PT\/RS","description":"Deputado Federal Bohn Gass","publisher":{"@id":"https:\/\/bohngass.com.br\/#organization"},"potentialAction":[{"@type":"SearchAction","target":{"@type":"EntryPoint","urlTemplate":"https:\/\/bohngass.com.br\/?s={search_term_string}"},"query-input":{"@type":"PropertyValueSpecification","valueRequired":true,"valueName":"search_term_string"}}],"inLanguage":"pt-BR"},{"@type":"Organization","@id":"https:\/\/bohngass.com.br\/#organization","name":"Deputado Bohn Gass","url":"https:\/\/bohngass.com.br\/","logo":{"@type":"ImageObject","inLanguage":"pt-BR","@id":"https:\/\/bohngass.com.br\/#\/schema\/logo\/image\/","url":"http:\/\/bohngass.com.br\/wp-content\/uploads\/2021\/01\/logo.png","contentUrl":"http:\/\/bohngass.com.br\/wp-content\/uploads\/2021\/01\/logo.png","width":357,"height":355,"caption":"Deputado Bohn Gass"},"image":{"@id":"https:\/\/bohngass.com.br\/#\/schema\/logo\/image\/"},"sameAs":["https:\/\/www.facebook.com\/bohngass13","https:\/\/x.com\/BohnGass","https:\/\/www.instagram.com\/bohn_gass\/","https:\/\/www.youtube.com\/BohnGass13\/","https:\/\/pt.wikipedia.org\/wiki\/Bohn_Gass"]},{"@type":"Person","@id":"https:\/\/bohngass.com.br\/#\/schema\/person\/73f139d814ad08afd66e56929f99d4d6","name":"admin","image":{"@type":"ImageObject","inLanguage":"pt-BR","@id":"https:\/\/bohngass.com.br\/wp-content\/litespeed\/avatar\/46d26e448dfe42e49944850c1affc8d8.jpg?ver=1777227068","url":"https:\/\/bohngass.com.br\/wp-content\/litespeed\/avatar\/46d26e448dfe42e49944850c1affc8d8.jpg?ver=1777227068","contentUrl":"https:\/\/bohngass.com.br\/wp-content\/litespeed\/avatar\/46d26e448dfe42e49944850c1affc8d8.jpg?ver=1777227068","caption":"admin"},"sameAs":["http:\/\/www2.bohngass.com.br"]}]}},"_links":{"self":[{"href":"https:\/\/bohngass.com.br\/index.php?rest_route=\/wp\/v2\/posts\/1076","targetHints":{"allow":["GET"]}}],"collection":[{"href":"https:\/\/bohngass.com.br\/index.php?rest_route=\/wp\/v2\/posts"}],"about":[{"href":"https:\/\/bohngass.com.br\/index.php?rest_route=\/wp\/v2\/types\/post"}],"author":[{"embeddable":true,"href":"https:\/\/bohngass.com.br\/index.php?rest_route=\/wp\/v2\/users\/1"}],"replies":[{"embeddable":true,"href":"https:\/\/bohngass.com.br\/index.php?rest_route=%2Fwp%2Fv2%2Fcomments&post=1076"}],"version-history":[{"count":0,"href":"https:\/\/bohngass.com.br\/index.php?rest_route=\/wp\/v2\/posts\/1076\/revisions"}],"wp:featuredmedia":[{"embeddable":true,"href":"https:\/\/bohngass.com.br\/index.php?rest_route=\/wp\/v2\/media\/1077"}],"wp:attachment":[{"href":"https:\/\/bohngass.com.br\/index.php?rest_route=%2Fwp%2Fv2%2Fmedia&parent=1076"}],"wp:term":[{"taxonomy":"category","embeddable":true,"href":"https:\/\/bohngass.com.br\/index.php?rest_route=%2Fwp%2Fv2%2Fcategories&post=1076"},{"taxonomy":"post_tag","embeddable":true,"href":"https:\/\/bohngass.com.br\/index.php?rest_route=%2Fwp%2Fv2%2Ftags&post=1076"}],"curies":[{"name":"wp","href":"https:\/\/api.w.org\/{rel}","templated":true}]}}