{"id":1083,"date":"2021-10-14T10:10:49","date_gmt":"2021-10-14T13:10:49","guid":{"rendered":"http:\/\/bohngass.com.br\/?p=1083"},"modified":"2021-10-14T10:13:32","modified_gmt":"2021-10-14T13:13:32","slug":"lider-do-pt-exalta-inocencia-de-lula-e-denuncia-bolsonaro-por-corrupcao-e-politica-do-toma-la-da-ca","status":"publish","type":"post","link":"https:\/\/bohngass.com.br\/?p=1083","title":{"rendered":"L\u00edder do PT exalta inoc\u00eancia de Lula e denuncia Bolsonaro por corrup\u00e7\u00e3o e pol\u00edtica do toma-l\u00e1-d\u00e1-c\u00e1"},"content":{"rendered":"\n<p>O l\u00edder do PT na C\u00e2mara,&nbsp;<strong>Elvino Bohn Gass (RS)<\/strong>, exaltou hoje (13) o ex-presidente Luiz In\u00e1cio Lula da Silva por j\u00e1 ter conseguido vinte vit\u00f3rias na Justi\u00e7a contra a persegui\u00e7\u00e3o judicial com fins pol\u00edticos e ideol\u00f3gicos movida contra ele pela chamada opera\u00e7\u00e3o Lava Jato. \u201cLula est\u00e1 inocente, livre e eleg\u00edvel\u201d, sublinhou Bohn Gass no plen\u00e1rio da C\u00e2mara, ao recha\u00e7ar ataques contra Lula feitos por integrantes da base de apoio do presidente de extrema direita Jair Bolsonaro.<\/p>\n\n\n\n<p>\u201cEnt\u00e3o, Lula \u00e9 inocente e decente, porque ele n\u00e3o se rendeu a entregar a sua inoc\u00eancia por acordos esp\u00farios que foram propostos para ele. E \u00e9 tamb\u00e9m eleg\u00edvel, o que, de fato, deve preocupar muito os deputados da base de Bolsonaro, que se elegeu numa pol\u00edtica do antissistema, de n\u00e3o ter mais o toma-l\u00e1-d\u00e1-c\u00e1, agora ele est\u00e1 fazendo a pior pol\u00edtica do toma-l\u00e1-d\u00e1-c\u00e1 com o or\u00e7amento sombrio, a libera\u00e7\u00e3o de verbas\u201d, afirmou Bohn Gass.<\/p>\n\n\n\n<h2 class=\"wp-block-heading\">Genocida e corrupto<\/h2>\n\n\n\n<p>O l\u00edder do PT frisou que a preocupa\u00e7\u00e3o da base bolsonarista se deve ao fato de as den\u00fancias contra Lula n\u00e3o terem \u201cparado em p\u00e9\u201d, pois foram constru\u00eddas com base em mentiras, em contraste com as den\u00fancias que hoje pesam contra Bolsonaro. Ele lembrou que Bolsonaro \u201cdizia que ia combater a corrup\u00e7\u00e3o\u201d, mas \u201cest\u00e1 num antro de corrup\u00e7\u00e3o\u201d. O l\u00edder do PT lembrou que os trabalhos da CPI da Covid mostram que Bolsonaro, \u201cal\u00e9m de genocida, ainda \u00e9 corrupto\u201d.<\/p>\n\n\n\n<p>O l\u00edder pontuou que a CPI mostra n\u00e3o s\u00f3 a responsabilidade do governo militar liderado por Bolsonaro na morte de 600 mil brasileiros por Covid-19, j\u00e1 que \u201cnem oxig\u00eanio, nem vacina arrumou\u201d, mas tamb\u00e9m os esquemas de corrup\u00e7\u00e3o para a compra de imunizantes. \u201cA \u00fanica vacina que ele queria para o povo brasileiro \u00e9 a em que podia fazer negociata, propina \u2013 1 d\u00f3lar por vacina\u201d, denunciou Bohn Gass.<\/p>\n\n\n\n<p>Bohn Gass observou que os ataques dos bolsonaristas e de outros reacion\u00e1rios e direitistas contra Lula e o PT foram feitos ao longo do tempo, na esteira da Lava Jato conduzida pelo ex-juiz Sergio Moro, que virou ministro de Bolsonaro e atualmente \u00e9 diretor de uma empresa dos Estados Unidos que atua em processos relacionados \u00e0 Petrobras, estatal atacada dia e noite pela for\u00e7a-tarefa de Curitiba.<\/p>\n\n\n\n<p>Bohn Gass assinalou que Lula foi absolvido a partir do momento em que o Supremo Tribunal Federal debru\u00e7ou-se sobre a parcialidade contra ele cometida pela Lava Jato, que agiu com \u201cinten\u00e7\u00e3o golpista\u201d de impedi-lo de ser candidato a presidente em 2018, \u201cporque eles sabiam que se (Lula) fosse candidato ia vencer a elei\u00e7\u00e3o\u201d.<\/p>\n\n\n\n<p>\u201cTodas as acusa\u00e7\u00f5es contra Lula, todos os processos, todas as senten\u00e7as anuladas, arquivadas. E quando h\u00e1 uma tentativa de se entrar novamente num processo, ele \u00e9 rejeitado em inst\u00e2ncias superiores nos tribunais\u201d, disse o l\u00edder do PT.<\/p>\n\n\n\n<p><em>Reda\u00e7\u00e3o PT na C\u00e2mara<\/em><\/p>\n","protected":false},"excerpt":{"rendered":"<p>O l\u00edder do PT na C\u00e2mara,&nbsp;Elvino Bohn Gass (RS), exaltou hoje (13) o ex-presidente Luiz In\u00e1cio Lula da Silva por j\u00e1 ter conseguido vinte vit\u00f3rias na Justi\u00e7a contra a persegui\u00e7\u00e3o judicial com fins pol\u00edticos e ideol\u00f3gicos movida contra ele pela chamada opera\u00e7\u00e3o Lava Jato. \u201cLula est\u00e1 inocente, livre e eleg\u00edvel\u201d, sublinhou Bohn Gass no plen\u00e1rio [&hellip;]<\/p>\n","protected":false},"author":1,"featured_media":1084,"comment_status":"open","ping_status":"open","sticky":false,"template":"","format":"standard","meta":{"footnotes":""},"categories":[35,82,127,110,142],"tags":[61,170,34,143,530,396,531,38,183,91,169,128,26,118,69,101],"class_list":["post-1083","post","type-post","status-publish","format-standard","has-post-thumbnail","hentry","category-governo-bolsonaro","category-lideranca-do-pt","category-lula","category-partido-dos-trabalhadores","category-plenario","tag-coronavirus","tag-corrupcao","tag-covid-19","tag-democracia","tag-eleicoes-2018","tag-eleicoes-2022","tag-golpista","tag-governo-bolsonaro","tag-governo-militar","tag-lula","tag-lula-inocente","tag-lula-livre","tag-petrobras","tag-stf","tag-vacina","tag-vacinacao"],"yoast_head":"<!-- This site is optimized with the Yoast SEO plugin v27.4 - https:\/\/yoast.com\/product\/yoast-seo-wordpress\/ -->\n<title>L\u00edder do PT exalta inoc\u00eancia de Lula e denuncia Bolsonaro por corrup\u00e7\u00e3o e pol\u00edtica do toma-l\u00e1-d\u00e1-c\u00e1 - Deputado Federal Bohn Gass \u2605 PT\/RS<\/title>\n<meta name=\"robots\" content=\"index, follow, max-snippet:-1, max-image-preview:large, max-video-preview:-1\" \/>\n<link rel=\"canonical\" href=\"https:\/\/bohngass.com.br\/?p=1083\" \/>\n<meta property=\"og:locale\" content=\"pt_BR\" \/>\n<meta property=\"og:type\" content=\"article\" \/>\n<meta property=\"og:title\" content=\"L\u00edder do PT exalta inoc\u00eancia de Lula e denuncia Bolsonaro por corrup\u00e7\u00e3o e pol\u00edtica do toma-l\u00e1-d\u00e1-c\u00e1 - Deputado Federal Bohn Gass \u2605 PT\/RS\" \/>\n<meta property=\"og:description\" content=\"O l\u00edder do PT na C\u00e2mara,&nbsp;Elvino Bohn Gass (RS), exaltou hoje (13) o ex-presidente Luiz In\u00e1cio Lula da Silva por j\u00e1 ter conseguido vinte vit\u00f3rias na Justi\u00e7a contra a persegui\u00e7\u00e3o judicial com fins pol\u00edticos e ideol\u00f3gicos movida contra ele pela chamada opera\u00e7\u00e3o Lava Jato. \u201cLula est\u00e1 inocente, livre e eleg\u00edvel\u201d, sublinhou Bohn Gass no plen\u00e1rio [&hellip;]\" \/>\n<meta property=\"og:url\" content=\"https:\/\/bohngass.com.br\/?p=1083\" \/>\n<meta property=\"og:site_name\" content=\"Deputado Federal Bohn Gass \u2605 PT\/RS\" \/>\n<meta property=\"article:publisher\" content=\"https:\/\/www.facebook.com\/bohngass13\" \/>\n<meta property=\"article:published_time\" content=\"2021-10-14T13:10:49+00:00\" \/>\n<meta property=\"article:modified_time\" content=\"2021-10-14T13:13:32+00:00\" \/>\n<meta property=\"og:image\" content=\"https:\/\/bohngass.com.br\/wp-content\/uploads\/2021\/10\/bohn-gass-plenario.jpg\" \/>\n\t<meta property=\"og:image:width\" content=\"1000\" \/>\n\t<meta property=\"og:image:height\" content=\"667\" \/>\n\t<meta property=\"og:image:type\" content=\"image\/jpeg\" \/>\n<meta name=\"author\" content=\"admin\" \/>\n<meta name=\"twitter:card\" content=\"summary_large_image\" \/>\n<meta name=\"twitter:creator\" content=\"@BohnGass\" \/>\n<meta name=\"twitter:site\" content=\"@BohnGass\" \/>\n<meta name=\"twitter:label1\" content=\"Escrito por\" \/>\n\t<meta name=\"twitter:data1\" content=\"admin\" \/>\n\t<meta name=\"twitter:label2\" content=\"Est. tempo de leitura\" \/>\n\t<meta name=\"twitter:data2\" content=\"3 minutos\" \/>\n<script type=\"application\/ld+json\" class=\"yoast-schema-graph\">{\"@context\":\"https:\\\/\\\/schema.org\",\"@graph\":[{\"@type\":\"Article\",\"@id\":\"https:\\\/\\\/bohngass.com.br\\\/?p=1083#article\",\"isPartOf\":{\"@id\":\"https:\\\/\\\/bohngass.com.br\\\/?p=1083\"},\"author\":{\"name\":\"admin\",\"@id\":\"https:\\\/\\\/bohngass.com.br\\\/#\\\/schema\\\/person\\\/73f139d814ad08afd66e56929f99d4d6\"},\"headline\":\"L\u00edder do PT exalta inoc\u00eancia de Lula e denuncia Bolsonaro por corrup\u00e7\u00e3o e pol\u00edtica do toma-l\u00e1-d\u00e1-c\u00e1\",\"datePublished\":\"2021-10-14T13:10:49+00:00\",\"dateModified\":\"2021-10-14T13:13:32+00:00\",\"mainEntityOfPage\":{\"@id\":\"https:\\\/\\\/bohngass.com.br\\\/?p=1083\"},\"wordCount\":528,\"commentCount\":1,\"publisher\":{\"@id\":\"https:\\\/\\\/bohngass.com.br\\\/#organization\"},\"image\":{\"@id\":\"https:\\\/\\\/bohngass.com.br\\\/?p=1083#primaryimage\"},\"thumbnailUrl\":\"https:\\\/\\\/bohngass.com.br\\\/wp-content\\\/uploads\\\/2021\\\/10\\\/bohn-gass-plenario.jpg\",\"keywords\":[\"coronav\u00edrus\",\"corrup\u00e7\u00e3o\",\"covid-19\",\"democracia\",\"elei\u00e7\u00f5es 2018\",\"elei\u00e7\u00f5es 2022\",\"golpista\",\"governo bolsonaro\",\"governo militar\",\"Lula\",\"Lula Inocente\",\"Lula Livre\",\"Petrobras\",\"STF\",\"vacina\",\"vacina\u00e7\u00e3o\"],\"articleSection\":[\"Governo Bolsonaro\",\"Lideran\u00e7a do PT\",\"Lula\",\"Partido dos Trabalhadores\",\"Plen\u00e1rio\"],\"inLanguage\":\"pt-BR\",\"potentialAction\":[{\"@type\":\"CommentAction\",\"name\":\"Comment\",\"target\":[\"https:\\\/\\\/bohngass.com.br\\\/?p=1083#respond\"]}]},{\"@type\":\"WebPage\",\"@id\":\"https:\\\/\\\/bohngass.com.br\\\/?p=1083\",\"url\":\"https:\\\/\\\/bohngass.com.br\\\/?p=1083\",\"name\":\"L\u00edder do PT exalta inoc\u00eancia de Lula e denuncia Bolsonaro por corrup\u00e7\u00e3o e pol\u00edtica do toma-l\u00e1-d\u00e1-c\u00e1 - Deputado Federal Bohn Gass \u2605 PT\\\/RS\",\"isPartOf\":{\"@id\":\"https:\\\/\\\/bohngass.com.br\\\/#website\"},\"primaryImageOfPage\":{\"@id\":\"https:\\\/\\\/bohngass.com.br\\\/?p=1083#primaryimage\"},\"image\":{\"@id\":\"https:\\\/\\\/bohngass.com.br\\\/?p=1083#primaryimage\"},\"thumbnailUrl\":\"https:\\\/\\\/bohngass.com.br\\\/wp-content\\\/uploads\\\/2021\\\/10\\\/bohn-gass-plenario.jpg\",\"datePublished\":\"2021-10-14T13:10:49+00:00\",\"dateModified\":\"2021-10-14T13:13:32+00:00\",\"breadcrumb\":{\"@id\":\"https:\\\/\\\/bohngass.com.br\\\/?p=1083#breadcrumb\"},\"inLanguage\":\"pt-BR\",\"potentialAction\":[{\"@type\":\"ReadAction\",\"target\":[\"https:\\\/\\\/bohngass.com.br\\\/?p=1083\"]}]},{\"@type\":\"ImageObject\",\"inLanguage\":\"pt-BR\",\"@id\":\"https:\\\/\\\/bohngass.com.br\\\/?p=1083#primaryimage\",\"url\":\"https:\\\/\\\/bohngass.com.br\\\/wp-content\\\/uploads\\\/2021\\\/10\\\/bohn-gass-plenario.jpg\",\"contentUrl\":\"https:\\\/\\\/bohngass.com.br\\\/wp-content\\\/uploads\\\/2021\\\/10\\\/bohn-gass-plenario.jpg\",\"width\":1000,\"height\":667},{\"@type\":\"BreadcrumbList\",\"@id\":\"https:\\\/\\\/bohngass.com.br\\\/?p=1083#breadcrumb\",\"itemListElement\":[{\"@type\":\"ListItem\",\"position\":1,\"name\":\"In\u00edcio\",\"item\":\"https:\\\/\\\/bohngass.com.br\\\/\"},{\"@type\":\"ListItem\",\"position\":2,\"name\":\"L\u00edder do PT exalta inoc\u00eancia de Lula e denuncia Bolsonaro por corrup\u00e7\u00e3o e pol\u00edtica do toma-l\u00e1-d\u00e1-c\u00e1\"}]},{\"@type\":\"WebSite\",\"@id\":\"https:\\\/\\\/bohngass.com.br\\\/#website\",\"url\":\"https:\\\/\\\/bohngass.com.br\\\/\",\"name\":\"Deputado Federal Bohn Gass \u2605 PT\\\/RS\",\"description\":\"Deputado Federal Bohn Gass\",\"publisher\":{\"@id\":\"https:\\\/\\\/bohngass.com.br\\\/#organization\"},\"potentialAction\":[{\"@type\":\"SearchAction\",\"target\":{\"@type\":\"EntryPoint\",\"urlTemplate\":\"https:\\\/\\\/bohngass.com.br\\\/?s={search_term_string}\"},\"query-input\":{\"@type\":\"PropertyValueSpecification\",\"valueRequired\":true,\"valueName\":\"search_term_string\"}}],\"inLanguage\":\"pt-BR\"},{\"@type\":\"Organization\",\"@id\":\"https:\\\/\\\/bohngass.com.br\\\/#organization\",\"name\":\"Deputado Bohn Gass\",\"url\":\"https:\\\/\\\/bohngass.com.br\\\/\",\"logo\":{\"@type\":\"ImageObject\",\"inLanguage\":\"pt-BR\",\"@id\":\"https:\\\/\\\/bohngass.com.br\\\/#\\\/schema\\\/logo\\\/image\\\/\",\"url\":\"http:\\\/\\\/bohngass.com.br\\\/wp-content\\\/uploads\\\/2021\\\/01\\\/logo.png\",\"contentUrl\":\"http:\\\/\\\/bohngass.com.br\\\/wp-content\\\/uploads\\\/2021\\\/01\\\/logo.png\",\"width\":357,\"height\":355,\"caption\":\"Deputado Bohn Gass\"},\"image\":{\"@id\":\"https:\\\/\\\/bohngass.com.br\\\/#\\\/schema\\\/logo\\\/image\\\/\"},\"sameAs\":[\"https:\\\/\\\/www.facebook.com\\\/bohngass13\",\"https:\\\/\\\/x.com\\\/BohnGass\",\"https:\\\/\\\/www.instagram.com\\\/bohn_gass\\\/\",\"https:\\\/\\\/www.youtube.com\\\/BohnGass13\\\/\",\"https:\\\/\\\/pt.wikipedia.org\\\/wiki\\\/Bohn_Gass\"]},{\"@type\":\"Person\",\"@id\":\"https:\\\/\\\/bohngass.com.br\\\/#\\\/schema\\\/person\\\/73f139d814ad08afd66e56929f99d4d6\",\"name\":\"admin\",\"image\":{\"@type\":\"ImageObject\",\"inLanguage\":\"pt-BR\",\"@id\":\"https:\\\/\\\/bohngass.com.br\\\/wp-content\\\/litespeed\\\/avatar\\\/46d26e448dfe42e49944850c1affc8d8.jpg?ver=1777227068\",\"url\":\"https:\\\/\\\/bohngass.com.br\\\/wp-content\\\/litespeed\\\/avatar\\\/46d26e448dfe42e49944850c1affc8d8.jpg?ver=1777227068\",\"contentUrl\":\"https:\\\/\\\/bohngass.com.br\\\/wp-content\\\/litespeed\\\/avatar\\\/46d26e448dfe42e49944850c1affc8d8.jpg?ver=1777227068\",\"caption\":\"admin\"},\"sameAs\":[\"http:\\\/\\\/www2.bohngass.com.br\"]}]}<\/script>\n<!-- \/ Yoast SEO plugin. -->","yoast_head_json":{"title":"L\u00edder do PT exalta inoc\u00eancia de Lula e denuncia Bolsonaro por corrup\u00e7\u00e3o e pol\u00edtica do toma-l\u00e1-d\u00e1-c\u00e1 - Deputado Federal Bohn Gass \u2605 PT\/RS","robots":{"index":"index","follow":"follow","max-snippet":"max-snippet:-1","max-image-preview":"max-image-preview:large","max-video-preview":"max-video-preview:-1"},"canonical":"https:\/\/bohngass.com.br\/?p=1083","og_locale":"pt_BR","og_type":"article","og_title":"L\u00edder do PT exalta inoc\u00eancia de Lula e denuncia Bolsonaro por corrup\u00e7\u00e3o e pol\u00edtica do toma-l\u00e1-d\u00e1-c\u00e1 - Deputado Federal Bohn Gass \u2605 PT\/RS","og_description":"O l\u00edder do PT na C\u00e2mara,&nbsp;Elvino Bohn Gass (RS), exaltou hoje (13) o ex-presidente Luiz In\u00e1cio Lula da Silva por j\u00e1 ter conseguido vinte vit\u00f3rias na Justi\u00e7a contra a persegui\u00e7\u00e3o judicial com fins pol\u00edticos e ideol\u00f3gicos movida contra ele pela chamada opera\u00e7\u00e3o Lava Jato. \u201cLula est\u00e1 inocente, livre e eleg\u00edvel\u201d, sublinhou Bohn Gass no plen\u00e1rio [&hellip;]","og_url":"https:\/\/bohngass.com.br\/?p=1083","og_site_name":"Deputado Federal Bohn Gass \u2605 PT\/RS","article_publisher":"https:\/\/www.facebook.com\/bohngass13","article_published_time":"2021-10-14T13:10:49+00:00","article_modified_time":"2021-10-14T13:13:32+00:00","og_image":[{"width":1000,"height":667,"url":"https:\/\/bohngass.com.br\/wp-content\/uploads\/2021\/10\/bohn-gass-plenario.jpg","type":"image\/jpeg"}],"author":"admin","twitter_card":"summary_large_image","twitter_creator":"@BohnGass","twitter_site":"@BohnGass","twitter_misc":{"Escrito por":"admin","Est. tempo de leitura":"3 minutos"},"schema":{"@context":"https:\/\/schema.org","@graph":[{"@type":"Article","@id":"https:\/\/bohngass.com.br\/?p=1083#article","isPartOf":{"@id":"https:\/\/bohngass.com.br\/?p=1083"},"author":{"name":"admin","@id":"https:\/\/bohngass.com.br\/#\/schema\/person\/73f139d814ad08afd66e56929f99d4d6"},"headline":"L\u00edder do PT exalta inoc\u00eancia de Lula e denuncia Bolsonaro por corrup\u00e7\u00e3o e pol\u00edtica do toma-l\u00e1-d\u00e1-c\u00e1","datePublished":"2021-10-14T13:10:49+00:00","dateModified":"2021-10-14T13:13:32+00:00","mainEntityOfPage":{"@id":"https:\/\/bohngass.com.br\/?p=1083"},"wordCount":528,"commentCount":1,"publisher":{"@id":"https:\/\/bohngass.com.br\/#organization"},"image":{"@id":"https:\/\/bohngass.com.br\/?p=1083#primaryimage"},"thumbnailUrl":"https:\/\/bohngass.com.br\/wp-content\/uploads\/2021\/10\/bohn-gass-plenario.jpg","keywords":["coronav\u00edrus","corrup\u00e7\u00e3o","covid-19","democracia","elei\u00e7\u00f5es 2018","elei\u00e7\u00f5es 2022","golpista","governo bolsonaro","governo militar","Lula","Lula Inocente","Lula Livre","Petrobras","STF","vacina","vacina\u00e7\u00e3o"],"articleSection":["Governo Bolsonaro","Lideran\u00e7a do PT","Lula","Partido dos Trabalhadores","Plen\u00e1rio"],"inLanguage":"pt-BR","potentialAction":[{"@type":"CommentAction","name":"Comment","target":["https:\/\/bohngass.com.br\/?p=1083#respond"]}]},{"@type":"WebPage","@id":"https:\/\/bohngass.com.br\/?p=1083","url":"https:\/\/bohngass.com.br\/?p=1083","name":"L\u00edder do PT exalta inoc\u00eancia de Lula e denuncia Bolsonaro por corrup\u00e7\u00e3o e pol\u00edtica do toma-l\u00e1-d\u00e1-c\u00e1 - Deputado Federal Bohn Gass \u2605 PT\/RS","isPartOf":{"@id":"https:\/\/bohngass.com.br\/#website"},"primaryImageOfPage":{"@id":"https:\/\/bohngass.com.br\/?p=1083#primaryimage"},"image":{"@id":"https:\/\/bohngass.com.br\/?p=1083#primaryimage"},"thumbnailUrl":"https:\/\/bohngass.com.br\/wp-content\/uploads\/2021\/10\/bohn-gass-plenario.jpg","datePublished":"2021-10-14T13:10:49+00:00","dateModified":"2021-10-14T13:13:32+00:00","breadcrumb":{"@id":"https:\/\/bohngass.com.br\/?p=1083#breadcrumb"},"inLanguage":"pt-BR","potentialAction":[{"@type":"ReadAction","target":["https:\/\/bohngass.com.br\/?p=1083"]}]},{"@type":"ImageObject","inLanguage":"pt-BR","@id":"https:\/\/bohngass.com.br\/?p=1083#primaryimage","url":"https:\/\/bohngass.com.br\/wp-content\/uploads\/2021\/10\/bohn-gass-plenario.jpg","contentUrl":"https:\/\/bohngass.com.br\/wp-content\/uploads\/2021\/10\/bohn-gass-plenario.jpg","width":1000,"height":667},{"@type":"BreadcrumbList","@id":"https:\/\/bohngass.com.br\/?p=1083#breadcrumb","itemListElement":[{"@type":"ListItem","position":1,"name":"In\u00edcio","item":"https:\/\/bohngass.com.br\/"},{"@type":"ListItem","position":2,"name":"L\u00edder do PT exalta inoc\u00eancia de Lula e denuncia Bolsonaro por corrup\u00e7\u00e3o e pol\u00edtica do toma-l\u00e1-d\u00e1-c\u00e1"}]},{"@type":"WebSite","@id":"https:\/\/bohngass.com.br\/#website","url":"https:\/\/bohngass.com.br\/","name":"Deputado Federal Bohn Gass \u2605 PT\/RS","description":"Deputado Federal Bohn Gass","publisher":{"@id":"https:\/\/bohngass.com.br\/#organization"},"potentialAction":[{"@type":"SearchAction","target":{"@type":"EntryPoint","urlTemplate":"https:\/\/bohngass.com.br\/?s={search_term_string}"},"query-input":{"@type":"PropertyValueSpecification","valueRequired":true,"valueName":"search_term_string"}}],"inLanguage":"pt-BR"},{"@type":"Organization","@id":"https:\/\/bohngass.com.br\/#organization","name":"Deputado Bohn Gass","url":"https:\/\/bohngass.com.br\/","logo":{"@type":"ImageObject","inLanguage":"pt-BR","@id":"https:\/\/bohngass.com.br\/#\/schema\/logo\/image\/","url":"http:\/\/bohngass.com.br\/wp-content\/uploads\/2021\/01\/logo.png","contentUrl":"http:\/\/bohngass.com.br\/wp-content\/uploads\/2021\/01\/logo.png","width":357,"height":355,"caption":"Deputado Bohn Gass"},"image":{"@id":"https:\/\/bohngass.com.br\/#\/schema\/logo\/image\/"},"sameAs":["https:\/\/www.facebook.com\/bohngass13","https:\/\/x.com\/BohnGass","https:\/\/www.instagram.com\/bohn_gass\/","https:\/\/www.youtube.com\/BohnGass13\/","https:\/\/pt.wikipedia.org\/wiki\/Bohn_Gass"]},{"@type":"Person","@id":"https:\/\/bohngass.com.br\/#\/schema\/person\/73f139d814ad08afd66e56929f99d4d6","name":"admin","image":{"@type":"ImageObject","inLanguage":"pt-BR","@id":"https:\/\/bohngass.com.br\/wp-content\/litespeed\/avatar\/46d26e448dfe42e49944850c1affc8d8.jpg?ver=1777227068","url":"https:\/\/bohngass.com.br\/wp-content\/litespeed\/avatar\/46d26e448dfe42e49944850c1affc8d8.jpg?ver=1777227068","contentUrl":"https:\/\/bohngass.com.br\/wp-content\/litespeed\/avatar\/46d26e448dfe42e49944850c1affc8d8.jpg?ver=1777227068","caption":"admin"},"sameAs":["http:\/\/www2.bohngass.com.br"]}]}},"_links":{"self":[{"href":"https:\/\/bohngass.com.br\/index.php?rest_route=\/wp\/v2\/posts\/1083","targetHints":{"allow":["GET"]}}],"collection":[{"href":"https:\/\/bohngass.com.br\/index.php?rest_route=\/wp\/v2\/posts"}],"about":[{"href":"https:\/\/bohngass.com.br\/index.php?rest_route=\/wp\/v2\/types\/post"}],"author":[{"embeddable":true,"href":"https:\/\/bohngass.com.br\/index.php?rest_route=\/wp\/v2\/users\/1"}],"replies":[{"embeddable":true,"href":"https:\/\/bohngass.com.br\/index.php?rest_route=%2Fwp%2Fv2%2Fcomments&post=1083"}],"version-history":[{"count":0,"href":"https:\/\/bohngass.com.br\/index.php?rest_route=\/wp\/v2\/posts\/1083\/revisions"}],"wp:featuredmedia":[{"embeddable":true,"href":"https:\/\/bohngass.com.br\/index.php?rest_route=\/wp\/v2\/media\/1084"}],"wp:attachment":[{"href":"https:\/\/bohngass.com.br\/index.php?rest_route=%2Fwp%2Fv2%2Fmedia&parent=1083"}],"wp:term":[{"taxonomy":"category","embeddable":true,"href":"https:\/\/bohngass.com.br\/index.php?rest_route=%2Fwp%2Fv2%2Fcategories&post=1083"},{"taxonomy":"post_tag","embeddable":true,"href":"https:\/\/bohngass.com.br\/index.php?rest_route=%2Fwp%2Fv2%2Ftags&post=1083"}],"curies":[{"name":"wp","href":"https:\/\/api.w.org\/{rel}","templated":true}]}}