{"id":1148,"date":"2022-01-13T12:23:59","date_gmt":"2022-01-13T15:23:59","guid":{"rendered":"http:\/\/bohngass.com.br\/?p=1148"},"modified":"2022-01-13T12:24:06","modified_gmt":"2022-01-13T15:24:06","slug":"petistas-pedem-ao-stf-investigacao-criminal-contra-marcelo-queiroga-por-apagao-de-dados-no-ministerio-da-saude","status":"publish","type":"post","link":"https:\/\/bohngass.com.br\/?p=1148","title":{"rendered":"Petistas pedem ao STF investiga\u00e7\u00e3o criminal contra Marcelo Queiroga por apag\u00e3o de dados no Minist\u00e9rio da Sa\u00fade"},"content":{"rendered":"\n<p>O l\u00edder da Bancada do PT na C\u00e2mara, deputado&nbsp;<strong>Reginaldo Lopes (MG),<\/strong>&nbsp;a presidenta nacional do PT, deputada<strong>&nbsp;Gleisi Hoffmann (PR)<\/strong>, e os deputados&nbsp;<strong>Elvino Bohn Gass (PT-RS) e Alexandre Padilha (PT-SP)<\/strong>&nbsp;protocolaram uma a\u00e7\u00e3o de Not\u00edcia Crime no Supremo Tribunal Federal (STF), endere\u00e7ada ao presidente da Corte, ministro Luiz Fux, contra o ministro da Sa\u00fade do governo Bolsonaro, Marcelo Queiroga. Na a\u00e7\u00e3o, os petistas pedem que a Procuradoria Geral da Rep\u00fablica (PGR) seja acionada para investigar conduta criminosa do titular da pasta, como a omiss\u00e3o diante do \u00a8apag\u00e3o de dados\u00a8 referentes a pandemia no momento em que o Pa\u00eds enfrenta o avan\u00e7o da variante \u00f4micron e de v\u00e1rios tipos do v\u00edrus Influenza.<\/p>\n\n\n\n<p>Os petistas lembram na a\u00e7\u00e3o que, enquanto v\u00e1rias na\u00e7\u00f5es do mundo j\u00e1 experimentam reflexos negativos com o avan\u00e7o da variante \u00f4micron, o minist\u00e9rio da Sa\u00fade h\u00e1 v\u00e1rias semanas n\u00e3o consegue apresentar dados estat\u00edsticos confi\u00e1veis sobre a realidade sanit\u00e1ria atual do Brasil.<br>\u201cTrata-se de uma situa\u00e7\u00e3o de extrema gravidade. Segundo os especialistas, entre outros preju\u00edzos, os pesquisadores ficam impedidos de estimar a din\u00e2mica de transmiss\u00e3o do v\u00edrus e projetar tend\u00eancias. Por outro lado, gestores municipais e estaduais n\u00e3o conseguem dimensionar necessidades de abertura de leitos em hospitais, compra de medicamentos, contrata\u00e7\u00e3o de profissionais, entre outros\u201d, explicam os parlamentares no documento.<\/p>\n\n\n\n<p>Os parlamentares apontam ainda que as recentes amea\u00e7as do presidente Jair Bolsonaro em rela\u00e7\u00e3o a poss\u00edvel ado\u00e7\u00e3o de restri\u00e7\u00f5es por governadores e prefeitos, \u201cque j\u00e1 vivenciam em seus sistemas de sa\u00fade a realidade que a aus\u00eancia de dados do Minist\u00e9rio da Sa\u00fade parece n\u00e3o encontrar\u201d, \u00e9 um ind\u00edcio de que o \u201cataque hacker\u201d que provocou o apag\u00e3o de dados no Minist\u00e9rio da Sa\u00fade pode ter sido uma a\u00e7\u00e3o visando esconder a real situa\u00e7\u00e3o sanit\u00e1ria do Pa\u00eds.<br>\u201cO apag\u00e3o vigente nos sistemas informatizados do Minist\u00e9rio da Sa\u00fade podem ser, em tese, uma a\u00e7\u00e3o pol\u00edtica, ideol\u00f3gica e negacionista deliberada, visando esconder a real situa\u00e7\u00e3o sanit\u00e1ria existente no Pa\u00eds, de modo a transmitir uma falsa percep\u00e7\u00e3o ao povo brasileiro de um inexistente controle da Pandemia, em detrimento da vida de brasileiros\u201d, apontam os petistas.<\/p>\n\n\n\n<p>Ainda de acordo com os autores da not\u00edcia crime, \u201cn\u00e3o parece cr\u00edvel\u201d que exista controle no n\u00famero de contaminados e mortes apenas no Brasil, enquanto a maioria dos pa\u00edses europeus, por exemplo, \u201cque fizeram o dever de casa e enfrentaram com seriedade a crise sanit\u00e1ria veem crescer dia ap\u00f3s dia a dissemina\u00e7\u00e3o da variante \u00f4micron e outras cepas j\u00e1 identificadas\u201d.<\/p>\n\n\n\n<p>Eles tamb\u00e9m afirmam na a\u00e7\u00e3o que \u201cn\u00e3o h\u00e1 raz\u00e3o plaus\u00edvel\u201d para que a consequ\u00eancia de um suposto ataque hacker, ocorrido no in\u00edcio do m\u00eas de dezembro de 2021, ainda n\u00e3o tenha sido resolvido, \u201cimpondo-se, aos brasileiros, com essa omiss\u00e3o deliberada, uma total aus\u00eancia de informa\u00e7\u00f5es acerca da realidade pand\u00eamica no Pa\u00eds\u201d.<\/p>\n\n\n\n<h2 class=\"wp-block-heading\">Falta de transpar\u00eancia na Sa\u00fade \u00e9 crime<\/h2>\n\n\n\n<p>Os petistas lembram na a\u00e7\u00e3o que a falta de transpar\u00eancia nas informa\u00e7\u00f5es do minist\u00e9rio da Sa\u00fade fere princ\u00edpios e normas da Constitui\u00e7\u00e3o Federal e pode caracterizar pr\u00e1tica de crimes tipificados no C\u00f3digo Penal. Eles apontam que a Constitui\u00e7\u00e3o (Art. 37) coloca entre os princ\u00edpios da Administra\u00e7\u00e3o P\u00fablica o \u201cDever da Publicidade e da Transpar\u00eancia\u201d. Eles ainda apontam a possibilidade da pr\u00e1tica de improbidade administrativa (Lei 8.429\/92). Entre outros, configura ato de improbidade que viola os princ\u00edpios da administra\u00e7\u00e3o p\u00fablica \u201ca a\u00e7\u00e3o ou omiss\u00e3o dolosa\u201d que viole deveres como da \u201cimparcialidade e legalidade\u201d, entre eles \u201cnegar publicidade aos atos oficiais\u201d.<\/p>\n\n\n\n<p>Tamb\u00e9m ressaltam que a omiss\u00e3o deliberada em restaurar a normalidade na divulga\u00e7\u00e3o de dados relativos \u00e0 Pandemia pode assinalar a pr\u00e1tica de crimes. Entre eles, o de Prevarica\u00e7\u00e3o (Art. 319) \u2013 \u201cretardar ou deixar de praticar, indevidamente, ato de of\u00edcio\u201d, com pena de deten\u00e7\u00e3o, de tr\u00eas meses a um ano, e multa \u2013 e o de Infra\u00e7\u00e3o de Medida Sanit\u00e1ria Preventiva (Art. 268) \u2013 infringir determina\u00e7\u00e3o do poder p\u00fablico, destinada a impedir introdu\u00e7\u00e3o ou propaga\u00e7\u00e3o de doen\u00e7a contagiosa, com pena de deten\u00e7\u00e3o de um m\u00eas a um ano, e multa. Nesse caso, a pena \u00e9 aumentada em um ter\u00e7o, se o agente \u00e9 funcion\u00e1rio da sa\u00fade p\u00fablica ou exerce a profiss\u00e3o na \u00e1rea da sa\u00fade, como m\u00e9dico, por exemplo.<\/p>\n\n\n\n<p>H\u00e9ber Carvalho &#8211; PT na C\u00e2mara<\/p>\n\n\n\n<p><strong>Leia abaixo a \u00edntegra da a\u00e7\u00e3o contra Marcelo Queiroga:<\/strong><\/p>\n\n\n\n<p><a href=\"https:\/\/ptnacamara.org.br\/site\/wp-content\/uploads\/2022\/01\/Notitia-Criminis-Min-Saude..pdf\" target=\"_blank\" rel=\"noreferrer noopener\">Notitia Criminis \u2013 Min Saude.<\/a><\/p>\n","protected":false},"excerpt":{"rendered":"<p>O l\u00edder da Bancada do PT na C\u00e2mara, deputado&nbsp;Reginaldo Lopes (MG),&nbsp;a presidenta nacional do PT, deputada&nbsp;Gleisi Hoffmann (PR), e os deputados&nbsp;Elvino Bohn Gass (PT-RS) e Alexandre Padilha (PT-SP)&nbsp;protocolaram uma a\u00e7\u00e3o de Not\u00edcia Crime no Supremo Tribunal Federal (STF), endere\u00e7ada ao presidente da Corte, ministro Luiz Fux, contra o ministro da Sa\u00fade do governo Bolsonaro, Marcelo [&hellip;]<\/p>\n","protected":false},"author":1,"featured_media":1149,"comment_status":"open","ping_status":"open","sticky":false,"template":"","format":"standard","meta":{"footnotes":""},"categories":[5],"tags":[302,571,75,40,61,34,572,38,575,573,44,576,574,99,77,118],"class_list":["post-1148","post","type-post","status-publish","format-standard","has-post-thumbnail","hentry","category-iniciativa-parlamentar","tag-apagao","tag-ataque-hacker","tag-camara-dos-deputados","tag-congresso-nacional","tag-coronavirus","tag-covid-19","tag-crise-sanitaria","tag-governo-bolsonaro","tag-influenza","tag-marcelo-queiroga","tag-ministerio-da-saude","tag-noticia-crime","tag-omicron","tag-pandemia","tag-pt","tag-stf"],"yoast_head":"<!-- This site is optimized with the Yoast SEO plugin v27.4 - https:\/\/yoast.com\/product\/yoast-seo-wordpress\/ -->\n<title>Petistas pedem ao STF investiga\u00e7\u00e3o criminal contra Marcelo Queiroga por apag\u00e3o de dados no Minist\u00e9rio da Sa\u00fade - Deputado Federal Bohn Gass \u2605 PT\/RS<\/title>\n<meta name=\"robots\" content=\"index, follow, max-snippet:-1, max-image-preview:large, max-video-preview:-1\" \/>\n<link rel=\"canonical\" href=\"https:\/\/bohngass.com.br\/?p=1148\" \/>\n<meta property=\"og:locale\" content=\"pt_BR\" \/>\n<meta property=\"og:type\" content=\"article\" \/>\n<meta property=\"og:title\" content=\"Petistas pedem ao STF investiga\u00e7\u00e3o criminal contra Marcelo Queiroga por apag\u00e3o de dados no Minist\u00e9rio da Sa\u00fade - Deputado Federal Bohn Gass \u2605 PT\/RS\" \/>\n<meta property=\"og:description\" content=\"O l\u00edder da Bancada do PT na C\u00e2mara, deputado&nbsp;Reginaldo Lopes (MG),&nbsp;a presidenta nacional do PT, deputada&nbsp;Gleisi Hoffmann (PR), e os deputados&nbsp;Elvino Bohn Gass (PT-RS) e Alexandre Padilha (PT-SP)&nbsp;protocolaram uma a\u00e7\u00e3o de Not\u00edcia Crime no Supremo Tribunal Federal (STF), endere\u00e7ada ao presidente da Corte, ministro Luiz Fux, contra o ministro da Sa\u00fade do governo Bolsonaro, Marcelo [&hellip;]\" \/>\n<meta property=\"og:url\" content=\"https:\/\/bohngass.com.br\/?p=1148\" \/>\n<meta property=\"og:site_name\" content=\"Deputado Federal Bohn Gass \u2605 PT\/RS\" \/>\n<meta property=\"article:publisher\" content=\"https:\/\/www.facebook.com\/bohngass13\" \/>\n<meta property=\"article:published_time\" content=\"2022-01-13T15:23:59+00:00\" \/>\n<meta property=\"article:modified_time\" content=\"2022-01-13T15:24:06+00:00\" \/>\n<meta property=\"og:image\" content=\"https:\/\/bohngass.com.br\/wp-content\/uploads\/2022\/01\/justica-stf.jpg\" \/>\n\t<meta property=\"og:image:width\" content=\"798\" \/>\n\t<meta property=\"og:image:height\" content=\"507\" \/>\n\t<meta property=\"og:image:type\" content=\"image\/jpeg\" \/>\n<meta name=\"author\" content=\"admin\" \/>\n<meta name=\"twitter:card\" content=\"summary_large_image\" \/>\n<meta name=\"twitter:creator\" content=\"@BohnGass\" \/>\n<meta name=\"twitter:site\" content=\"@BohnGass\" \/>\n<meta name=\"twitter:label1\" content=\"Escrito por\" \/>\n\t<meta name=\"twitter:data1\" content=\"admin\" \/>\n\t<meta name=\"twitter:label2\" content=\"Est. tempo de leitura\" \/>\n\t<meta name=\"twitter:data2\" content=\"4 minutos\" \/>\n<script type=\"application\/ld+json\" class=\"yoast-schema-graph\">{\"@context\":\"https:\\\/\\\/schema.org\",\"@graph\":[{\"@type\":\"Article\",\"@id\":\"https:\\\/\\\/bohngass.com.br\\\/?p=1148#article\",\"isPartOf\":{\"@id\":\"https:\\\/\\\/bohngass.com.br\\\/?p=1148\"},\"author\":{\"name\":\"admin\",\"@id\":\"https:\\\/\\\/bohngass.com.br\\\/#\\\/schema\\\/person\\\/73f139d814ad08afd66e56929f99d4d6\"},\"headline\":\"Petistas pedem ao STF investiga\u00e7\u00e3o criminal contra Marcelo Queiroga por apag\u00e3o de dados no Minist\u00e9rio da Sa\u00fade\",\"datePublished\":\"2022-01-13T15:23:59+00:00\",\"dateModified\":\"2022-01-13T15:24:06+00:00\",\"mainEntityOfPage\":{\"@id\":\"https:\\\/\\\/bohngass.com.br\\\/?p=1148\"},\"wordCount\":843,\"commentCount\":0,\"publisher\":{\"@id\":\"https:\\\/\\\/bohngass.com.br\\\/#organization\"},\"image\":{\"@id\":\"https:\\\/\\\/bohngass.com.br\\\/?p=1148#primaryimage\"},\"thumbnailUrl\":\"https:\\\/\\\/bohngass.com.br\\\/wp-content\\\/uploads\\\/2022\\\/01\\\/justica-stf.jpg\",\"keywords\":[\"apag\u00e3o\",\"ataque hacker\",\"c\u00e2mara dos deputados\",\"Congresso Nacional\",\"coronav\u00edrus\",\"covid-19\",\"crise sanit\u00e1ria\",\"governo bolsonaro\",\"influenza\",\"Marcelo Queiroga\",\"minist\u00e9rio da Sa\u00fade\",\"not\u00edcia crime\",\"omicron\",\"pandemia\",\"PT\",\"STF\"],\"articleSection\":[\"Iniciativa Parlamentar\"],\"inLanguage\":\"pt-BR\",\"potentialAction\":[{\"@type\":\"CommentAction\",\"name\":\"Comment\",\"target\":[\"https:\\\/\\\/bohngass.com.br\\\/?p=1148#respond\"]}]},{\"@type\":\"WebPage\",\"@id\":\"https:\\\/\\\/bohngass.com.br\\\/?p=1148\",\"url\":\"https:\\\/\\\/bohngass.com.br\\\/?p=1148\",\"name\":\"Petistas pedem ao STF investiga\u00e7\u00e3o criminal contra Marcelo Queiroga por apag\u00e3o de dados no Minist\u00e9rio da Sa\u00fade - Deputado Federal Bohn Gass \u2605 PT\\\/RS\",\"isPartOf\":{\"@id\":\"https:\\\/\\\/bohngass.com.br\\\/#website\"},\"primaryImageOfPage\":{\"@id\":\"https:\\\/\\\/bohngass.com.br\\\/?p=1148#primaryimage\"},\"image\":{\"@id\":\"https:\\\/\\\/bohngass.com.br\\\/?p=1148#primaryimage\"},\"thumbnailUrl\":\"https:\\\/\\\/bohngass.com.br\\\/wp-content\\\/uploads\\\/2022\\\/01\\\/justica-stf.jpg\",\"datePublished\":\"2022-01-13T15:23:59+00:00\",\"dateModified\":\"2022-01-13T15:24:06+00:00\",\"breadcrumb\":{\"@id\":\"https:\\\/\\\/bohngass.com.br\\\/?p=1148#breadcrumb\"},\"inLanguage\":\"pt-BR\",\"potentialAction\":[{\"@type\":\"ReadAction\",\"target\":[\"https:\\\/\\\/bohngass.com.br\\\/?p=1148\"]}]},{\"@type\":\"ImageObject\",\"inLanguage\":\"pt-BR\",\"@id\":\"https:\\\/\\\/bohngass.com.br\\\/?p=1148#primaryimage\",\"url\":\"https:\\\/\\\/bohngass.com.br\\\/wp-content\\\/uploads\\\/2022\\\/01\\\/justica-stf.jpg\",\"contentUrl\":\"https:\\\/\\\/bohngass.com.br\\\/wp-content\\\/uploads\\\/2022\\\/01\\\/justica-stf.jpg\",\"width\":798,\"height\":507},{\"@type\":\"BreadcrumbList\",\"@id\":\"https:\\\/\\\/bohngass.com.br\\\/?p=1148#breadcrumb\",\"itemListElement\":[{\"@type\":\"ListItem\",\"position\":1,\"name\":\"In\u00edcio\",\"item\":\"https:\\\/\\\/bohngass.com.br\\\/\"},{\"@type\":\"ListItem\",\"position\":2,\"name\":\"Petistas pedem ao STF investiga\u00e7\u00e3o criminal contra Marcelo Queiroga por apag\u00e3o de dados no Minist\u00e9rio da Sa\u00fade\"}]},{\"@type\":\"WebSite\",\"@id\":\"https:\\\/\\\/bohngass.com.br\\\/#website\",\"url\":\"https:\\\/\\\/bohngass.com.br\\\/\",\"name\":\"Deputado Federal Bohn Gass \u2605 PT\\\/RS\",\"description\":\"Deputado Federal Bohn Gass\",\"publisher\":{\"@id\":\"https:\\\/\\\/bohngass.com.br\\\/#organization\"},\"potentialAction\":[{\"@type\":\"SearchAction\",\"target\":{\"@type\":\"EntryPoint\",\"urlTemplate\":\"https:\\\/\\\/bohngass.com.br\\\/?s={search_term_string}\"},\"query-input\":{\"@type\":\"PropertyValueSpecification\",\"valueRequired\":true,\"valueName\":\"search_term_string\"}}],\"inLanguage\":\"pt-BR\"},{\"@type\":\"Organization\",\"@id\":\"https:\\\/\\\/bohngass.com.br\\\/#organization\",\"name\":\"Deputado Bohn Gass\",\"url\":\"https:\\\/\\\/bohngass.com.br\\\/\",\"logo\":{\"@type\":\"ImageObject\",\"inLanguage\":\"pt-BR\",\"@id\":\"https:\\\/\\\/bohngass.com.br\\\/#\\\/schema\\\/logo\\\/image\\\/\",\"url\":\"http:\\\/\\\/bohngass.com.br\\\/wp-content\\\/uploads\\\/2021\\\/01\\\/logo.png\",\"contentUrl\":\"http:\\\/\\\/bohngass.com.br\\\/wp-content\\\/uploads\\\/2021\\\/01\\\/logo.png\",\"width\":357,\"height\":355,\"caption\":\"Deputado Bohn Gass\"},\"image\":{\"@id\":\"https:\\\/\\\/bohngass.com.br\\\/#\\\/schema\\\/logo\\\/image\\\/\"},\"sameAs\":[\"https:\\\/\\\/www.facebook.com\\\/bohngass13\",\"https:\\\/\\\/x.com\\\/BohnGass\",\"https:\\\/\\\/www.instagram.com\\\/bohn_gass\\\/\",\"https:\\\/\\\/www.youtube.com\\\/BohnGass13\\\/\",\"https:\\\/\\\/pt.wikipedia.org\\\/wiki\\\/Bohn_Gass\"]},{\"@type\":\"Person\",\"@id\":\"https:\\\/\\\/bohngass.com.br\\\/#\\\/schema\\\/person\\\/73f139d814ad08afd66e56929f99d4d6\",\"name\":\"admin\",\"image\":{\"@type\":\"ImageObject\",\"inLanguage\":\"pt-BR\",\"@id\":\"https:\\\/\\\/bohngass.com.br\\\/wp-content\\\/litespeed\\\/avatar\\\/46d26e448dfe42e49944850c1affc8d8.jpg?ver=1777227068\",\"url\":\"https:\\\/\\\/bohngass.com.br\\\/wp-content\\\/litespeed\\\/avatar\\\/46d26e448dfe42e49944850c1affc8d8.jpg?ver=1777227068\",\"contentUrl\":\"https:\\\/\\\/bohngass.com.br\\\/wp-content\\\/litespeed\\\/avatar\\\/46d26e448dfe42e49944850c1affc8d8.jpg?ver=1777227068\",\"caption\":\"admin\"},\"sameAs\":[\"http:\\\/\\\/www2.bohngass.com.br\"]}]}<\/script>\n<!-- \/ Yoast SEO plugin. -->","yoast_head_json":{"title":"Petistas pedem ao STF investiga\u00e7\u00e3o criminal contra Marcelo Queiroga por apag\u00e3o de dados no Minist\u00e9rio da Sa\u00fade - Deputado Federal Bohn Gass \u2605 PT\/RS","robots":{"index":"index","follow":"follow","max-snippet":"max-snippet:-1","max-image-preview":"max-image-preview:large","max-video-preview":"max-video-preview:-1"},"canonical":"https:\/\/bohngass.com.br\/?p=1148","og_locale":"pt_BR","og_type":"article","og_title":"Petistas pedem ao STF investiga\u00e7\u00e3o criminal contra Marcelo Queiroga por apag\u00e3o de dados no Minist\u00e9rio da Sa\u00fade - Deputado Federal Bohn Gass \u2605 PT\/RS","og_description":"O l\u00edder da Bancada do PT na C\u00e2mara, deputado&nbsp;Reginaldo Lopes (MG),&nbsp;a presidenta nacional do PT, deputada&nbsp;Gleisi Hoffmann (PR), e os deputados&nbsp;Elvino Bohn Gass (PT-RS) e Alexandre Padilha (PT-SP)&nbsp;protocolaram uma a\u00e7\u00e3o de Not\u00edcia Crime no Supremo Tribunal Federal (STF), endere\u00e7ada ao presidente da Corte, ministro Luiz Fux, contra o ministro da Sa\u00fade do governo Bolsonaro, Marcelo [&hellip;]","og_url":"https:\/\/bohngass.com.br\/?p=1148","og_site_name":"Deputado Federal Bohn Gass \u2605 PT\/RS","article_publisher":"https:\/\/www.facebook.com\/bohngass13","article_published_time":"2022-01-13T15:23:59+00:00","article_modified_time":"2022-01-13T15:24:06+00:00","og_image":[{"width":798,"height":507,"url":"https:\/\/bohngass.com.br\/wp-content\/uploads\/2022\/01\/justica-stf.jpg","type":"image\/jpeg"}],"author":"admin","twitter_card":"summary_large_image","twitter_creator":"@BohnGass","twitter_site":"@BohnGass","twitter_misc":{"Escrito por":"admin","Est. tempo de leitura":"4 minutos"},"schema":{"@context":"https:\/\/schema.org","@graph":[{"@type":"Article","@id":"https:\/\/bohngass.com.br\/?p=1148#article","isPartOf":{"@id":"https:\/\/bohngass.com.br\/?p=1148"},"author":{"name":"admin","@id":"https:\/\/bohngass.com.br\/#\/schema\/person\/73f139d814ad08afd66e56929f99d4d6"},"headline":"Petistas pedem ao STF investiga\u00e7\u00e3o criminal contra Marcelo Queiroga por apag\u00e3o de dados no Minist\u00e9rio da Sa\u00fade","datePublished":"2022-01-13T15:23:59+00:00","dateModified":"2022-01-13T15:24:06+00:00","mainEntityOfPage":{"@id":"https:\/\/bohngass.com.br\/?p=1148"},"wordCount":843,"commentCount":0,"publisher":{"@id":"https:\/\/bohngass.com.br\/#organization"},"image":{"@id":"https:\/\/bohngass.com.br\/?p=1148#primaryimage"},"thumbnailUrl":"https:\/\/bohngass.com.br\/wp-content\/uploads\/2022\/01\/justica-stf.jpg","keywords":["apag\u00e3o","ataque hacker","c\u00e2mara dos deputados","Congresso Nacional","coronav\u00edrus","covid-19","crise sanit\u00e1ria","governo bolsonaro","influenza","Marcelo Queiroga","minist\u00e9rio da Sa\u00fade","not\u00edcia crime","omicron","pandemia","PT","STF"],"articleSection":["Iniciativa Parlamentar"],"inLanguage":"pt-BR","potentialAction":[{"@type":"CommentAction","name":"Comment","target":["https:\/\/bohngass.com.br\/?p=1148#respond"]}]},{"@type":"WebPage","@id":"https:\/\/bohngass.com.br\/?p=1148","url":"https:\/\/bohngass.com.br\/?p=1148","name":"Petistas pedem ao STF investiga\u00e7\u00e3o criminal contra Marcelo Queiroga por apag\u00e3o de dados no Minist\u00e9rio da Sa\u00fade - Deputado Federal Bohn Gass \u2605 PT\/RS","isPartOf":{"@id":"https:\/\/bohngass.com.br\/#website"},"primaryImageOfPage":{"@id":"https:\/\/bohngass.com.br\/?p=1148#primaryimage"},"image":{"@id":"https:\/\/bohngass.com.br\/?p=1148#primaryimage"},"thumbnailUrl":"https:\/\/bohngass.com.br\/wp-content\/uploads\/2022\/01\/justica-stf.jpg","datePublished":"2022-01-13T15:23:59+00:00","dateModified":"2022-01-13T15:24:06+00:00","breadcrumb":{"@id":"https:\/\/bohngass.com.br\/?p=1148#breadcrumb"},"inLanguage":"pt-BR","potentialAction":[{"@type":"ReadAction","target":["https:\/\/bohngass.com.br\/?p=1148"]}]},{"@type":"ImageObject","inLanguage":"pt-BR","@id":"https:\/\/bohngass.com.br\/?p=1148#primaryimage","url":"https:\/\/bohngass.com.br\/wp-content\/uploads\/2022\/01\/justica-stf.jpg","contentUrl":"https:\/\/bohngass.com.br\/wp-content\/uploads\/2022\/01\/justica-stf.jpg","width":798,"height":507},{"@type":"BreadcrumbList","@id":"https:\/\/bohngass.com.br\/?p=1148#breadcrumb","itemListElement":[{"@type":"ListItem","position":1,"name":"In\u00edcio","item":"https:\/\/bohngass.com.br\/"},{"@type":"ListItem","position":2,"name":"Petistas pedem ao STF investiga\u00e7\u00e3o criminal contra Marcelo Queiroga por apag\u00e3o de dados no Minist\u00e9rio da Sa\u00fade"}]},{"@type":"WebSite","@id":"https:\/\/bohngass.com.br\/#website","url":"https:\/\/bohngass.com.br\/","name":"Deputado Federal Bohn Gass \u2605 PT\/RS","description":"Deputado Federal Bohn Gass","publisher":{"@id":"https:\/\/bohngass.com.br\/#organization"},"potentialAction":[{"@type":"SearchAction","target":{"@type":"EntryPoint","urlTemplate":"https:\/\/bohngass.com.br\/?s={search_term_string}"},"query-input":{"@type":"PropertyValueSpecification","valueRequired":true,"valueName":"search_term_string"}}],"inLanguage":"pt-BR"},{"@type":"Organization","@id":"https:\/\/bohngass.com.br\/#organization","name":"Deputado Bohn Gass","url":"https:\/\/bohngass.com.br\/","logo":{"@type":"ImageObject","inLanguage":"pt-BR","@id":"https:\/\/bohngass.com.br\/#\/schema\/logo\/image\/","url":"http:\/\/bohngass.com.br\/wp-content\/uploads\/2021\/01\/logo.png","contentUrl":"http:\/\/bohngass.com.br\/wp-content\/uploads\/2021\/01\/logo.png","width":357,"height":355,"caption":"Deputado Bohn Gass"},"image":{"@id":"https:\/\/bohngass.com.br\/#\/schema\/logo\/image\/"},"sameAs":["https:\/\/www.facebook.com\/bohngass13","https:\/\/x.com\/BohnGass","https:\/\/www.instagram.com\/bohn_gass\/","https:\/\/www.youtube.com\/BohnGass13\/","https:\/\/pt.wikipedia.org\/wiki\/Bohn_Gass"]},{"@type":"Person","@id":"https:\/\/bohngass.com.br\/#\/schema\/person\/73f139d814ad08afd66e56929f99d4d6","name":"admin","image":{"@type":"ImageObject","inLanguage":"pt-BR","@id":"https:\/\/bohngass.com.br\/wp-content\/litespeed\/avatar\/46d26e448dfe42e49944850c1affc8d8.jpg?ver=1777227068","url":"https:\/\/bohngass.com.br\/wp-content\/litespeed\/avatar\/46d26e448dfe42e49944850c1affc8d8.jpg?ver=1777227068","contentUrl":"https:\/\/bohngass.com.br\/wp-content\/litespeed\/avatar\/46d26e448dfe42e49944850c1affc8d8.jpg?ver=1777227068","caption":"admin"},"sameAs":["http:\/\/www2.bohngass.com.br"]}]}},"_links":{"self":[{"href":"https:\/\/bohngass.com.br\/index.php?rest_route=\/wp\/v2\/posts\/1148","targetHints":{"allow":["GET"]}}],"collection":[{"href":"https:\/\/bohngass.com.br\/index.php?rest_route=\/wp\/v2\/posts"}],"about":[{"href":"https:\/\/bohngass.com.br\/index.php?rest_route=\/wp\/v2\/types\/post"}],"author":[{"embeddable":true,"href":"https:\/\/bohngass.com.br\/index.php?rest_route=\/wp\/v2\/users\/1"}],"replies":[{"embeddable":true,"href":"https:\/\/bohngass.com.br\/index.php?rest_route=%2Fwp%2Fv2%2Fcomments&post=1148"}],"version-history":[{"count":0,"href":"https:\/\/bohngass.com.br\/index.php?rest_route=\/wp\/v2\/posts\/1148\/revisions"}],"wp:featuredmedia":[{"embeddable":true,"href":"https:\/\/bohngass.com.br\/index.php?rest_route=\/wp\/v2\/media\/1149"}],"wp:attachment":[{"href":"https:\/\/bohngass.com.br\/index.php?rest_route=%2Fwp%2Fv2%2Fmedia&parent=1148"}],"wp:term":[{"taxonomy":"category","embeddable":true,"href":"https:\/\/bohngass.com.br\/index.php?rest_route=%2Fwp%2Fv2%2Fcategories&post=1148"},{"taxonomy":"post_tag","embeddable":true,"href":"https:\/\/bohngass.com.br\/index.php?rest_route=%2Fwp%2Fv2%2Ftags&post=1148"}],"curies":[{"name":"wp","href":"https:\/\/api.w.org\/{rel}","templated":true}]}}