{"id":1363,"date":"2022-03-21T11:54:50","date_gmt":"2022-03-21T14:54:50","guid":{"rendered":"http:\/\/bohngass.com.br\/?p=1363"},"modified":"2022-03-21T11:54:51","modified_gmt":"2022-03-21T14:54:51","slug":"bohn-gass-conversa-com-agricultores-familiares-em-santo-cristo","status":"publish","type":"post","link":"https:\/\/bohngass.com.br\/?p=1363","title":{"rendered":"Bohn Gass conversa com agricultores familiares em Santo Cristo"},"content":{"rendered":"\n<p>Cheguei ao final de uma semana de roteiros pela metade norte do RS para uma conversa onde iniciei minha trajet\u00f3ria pol\u00edtica. No Sindicato dos Trabalhadores Rurais de Santo Cristo, acompanhado do deputado estadual Jeferson Fernandes, encontrei com trabalhadores da Agricultura Familiar e tratamos de assuntos pontuais, como a estiagem e seus efeitos. O abandono dos governos Federal e Estadual em promover a\u00e7\u00f5es mitigadoras. <\/p>\n\n\n\n<p>Tamb\u00e9m conversamos sobre o futuro da atividade no meio rural, de uma cultura agr\u00edcola mais sustent\u00e1vel, voltada para a produ\u00e7\u00e3o de alimentos livres de agrot\u00f3xicos e a perman\u00eancia dos jovens no campo. <\/p>\n\n\n\n<p>Voltar ao STR de Santo Cristo sempre ter\u00e1 um sabor muito especial para mim. Na semana do anivers\u00e1rio de 60 anos dessa entidade que cuida, recebe e organiza o trabalhador e a trabalhadora da minha cidade, \u00e9 uma honra, um privil\u00e9gio e sobretudo, onde me sinto em casa! <\/p>\n\n\n\n<figure class=\"wp-block-image size-large is-style-default\"><img loading=\"lazy\" decoding=\"async\" width=\"1024\" height=\"576\" src=\"https:\/\/bohngass.com.br\/wp-content\/uploads\/2022\/03\/santo_cristo_03-1024x576.jpg\" alt=\"\" class=\"wp-image-1364\" srcset=\"https:\/\/bohngass.com.br\/wp-content\/uploads\/2022\/03\/santo_cristo_03-1024x576.jpg 1024w, https:\/\/bohngass.com.br\/wp-content\/uploads\/2022\/03\/santo_cristo_03-300x169.jpg 300w, https:\/\/bohngass.com.br\/wp-content\/uploads\/2022\/03\/santo_cristo_03-768x432.jpg 768w, https:\/\/bohngass.com.br\/wp-content\/uploads\/2022\/03\/santo_cristo_03-1536x864.jpg 1536w, https:\/\/bohngass.com.br\/wp-content\/uploads\/2022\/03\/santo_cristo_03.jpg 1599w\" sizes=\"auto, (max-width: 1024px) 100vw, 1024px\" \/><\/figure>\n\n\n\n<figure class=\"wp-block-image size-large is-style-default\"><img loading=\"lazy\" decoding=\"async\" width=\"1024\" height=\"576\" src=\"https:\/\/bohngass.com.br\/wp-content\/uploads\/2022\/03\/santo_cristo_02-1024x576.jpg\" alt=\"\" class=\"wp-image-1365\" srcset=\"https:\/\/bohngass.com.br\/wp-content\/uploads\/2022\/03\/santo_cristo_02-1024x576.jpg 1024w, https:\/\/bohngass.com.br\/wp-content\/uploads\/2022\/03\/santo_cristo_02-300x169.jpg 300w, https:\/\/bohngass.com.br\/wp-content\/uploads\/2022\/03\/santo_cristo_02-768x432.jpg 768w, https:\/\/bohngass.com.br\/wp-content\/uploads\/2022\/03\/santo_cristo_02-1536x864.jpg 1536w, https:\/\/bohngass.com.br\/wp-content\/uploads\/2022\/03\/santo_cristo_02.jpg 1599w\" sizes=\"auto, (max-width: 1024px) 100vw, 1024px\" \/><\/figure>\n","protected":false},"excerpt":{"rendered":"<p>Cheguei ao final de uma semana de roteiros pela metade norte do RS para uma conversa onde iniciei minha trajet\u00f3ria pol\u00edtica. No Sindicato dos Trabalhadores Rurais de Santo Cristo, acompanhado do deputado estadual Jeferson Fernandes, encontrei com trabalhadores da Agricultura Familiar e tratamos de assuntos pontuais, como a estiagem e seus efeitos. O abandono dos [&hellip;]<\/p>\n","protected":false},"author":1,"featured_media":1366,"comment_status":"open","ping_status":"open","sticky":false,"template":"","format":"standard","meta":{"footnotes":""},"categories":[41,21,639],"tags":[36,744,696,743],"class_list":["post-1363","post","type-post","status-publish","format-standard","has-post-thumbnail","hentry","category-agricultura-familiar","category-audiencia-publica","category-roteiro","tag-agricultura-familiar","tag-fetagrs","tag-roteiros-bohngass","tag-sustentabilidade"],"yoast_head":"<!-- This site is optimized with the Yoast SEO plugin v27.4 - https:\/\/yoast.com\/product\/yoast-seo-wordpress\/ -->\n<title>Bohn Gass conversa com agricultores familiares em Santo Cristo - Deputado Federal Bohn Gass \u2605 PT\/RS<\/title>\n<meta name=\"robots\" content=\"index, follow, max-snippet:-1, max-image-preview:large, max-video-preview:-1\" \/>\n<link rel=\"canonical\" href=\"https:\/\/bohngass.com.br\/?p=1363\" \/>\n<meta property=\"og:locale\" content=\"pt_BR\" \/>\n<meta property=\"og:type\" content=\"article\" \/>\n<meta property=\"og:title\" content=\"Bohn Gass conversa com agricultores familiares em Santo Cristo - Deputado Federal Bohn Gass \u2605 PT\/RS\" \/>\n<meta property=\"og:description\" content=\"Cheguei ao final de uma semana de roteiros pela metade norte do RS para uma conversa onde iniciei minha trajet\u00f3ria pol\u00edtica. No Sindicato dos Trabalhadores Rurais de Santo Cristo, acompanhado do deputado estadual Jeferson Fernandes, encontrei com trabalhadores da Agricultura Familiar e tratamos de assuntos pontuais, como a estiagem e seus efeitos. O abandono dos [&hellip;]\" \/>\n<meta property=\"og:url\" content=\"https:\/\/bohngass.com.br\/?p=1363\" \/>\n<meta property=\"og:site_name\" content=\"Deputado Federal Bohn Gass \u2605 PT\/RS\" \/>\n<meta property=\"article:publisher\" content=\"https:\/\/www.facebook.com\/bohngass13\" \/>\n<meta property=\"article:published_time\" content=\"2022-03-21T14:54:50+00:00\" \/>\n<meta property=\"article:modified_time\" content=\"2022-03-21T14:54:51+00:00\" \/>\n<meta property=\"og:image\" content=\"https:\/\/bohngass.com.br\/wp-content\/uploads\/2022\/03\/santo_cristo_01.jpg\" \/>\n\t<meta property=\"og:image:width\" content=\"960\" \/>\n\t<meta property=\"og:image:height\" content=\"540\" \/>\n\t<meta property=\"og:image:type\" content=\"image\/jpeg\" \/>\n<meta name=\"author\" content=\"admin\" \/>\n<meta name=\"twitter:card\" content=\"summary_large_image\" \/>\n<meta name=\"twitter:creator\" content=\"@BohnGass\" \/>\n<meta name=\"twitter:site\" content=\"@BohnGass\" \/>\n<meta name=\"twitter:label1\" content=\"Escrito por\" \/>\n\t<meta name=\"twitter:data1\" content=\"admin\" \/>\n\t<meta name=\"twitter:label2\" content=\"Est. tempo de leitura\" \/>\n\t<meta name=\"twitter:data2\" content=\"2 minutos\" \/>\n<script type=\"application\/ld+json\" class=\"yoast-schema-graph\">{\"@context\":\"https:\\\/\\\/schema.org\",\"@graph\":[{\"@type\":\"Article\",\"@id\":\"https:\\\/\\\/bohngass.com.br\\\/?p=1363#article\",\"isPartOf\":{\"@id\":\"https:\\\/\\\/bohngass.com.br\\\/?p=1363\"},\"author\":{\"name\":\"admin\",\"@id\":\"https:\\\/\\\/bohngass.com.br\\\/#\\\/schema\\\/person\\\/73f139d814ad08afd66e56929f99d4d6\"},\"headline\":\"Bohn Gass conversa com agricultores familiares em Santo Cristo\",\"datePublished\":\"2022-03-21T14:54:50+00:00\",\"dateModified\":\"2022-03-21T14:54:51+00:00\",\"mainEntityOfPage\":{\"@id\":\"https:\\\/\\\/bohngass.com.br\\\/?p=1363\"},\"wordCount\":161,\"commentCount\":0,\"publisher\":{\"@id\":\"https:\\\/\\\/bohngass.com.br\\\/#organization\"},\"image\":{\"@id\":\"https:\\\/\\\/bohngass.com.br\\\/?p=1363#primaryimage\"},\"thumbnailUrl\":\"https:\\\/\\\/bohngass.com.br\\\/wp-content\\\/uploads\\\/2022\\\/03\\\/santo_cristo_01.jpg\",\"keywords\":[\"agricultura familiar\",\"fetagrs\",\"roteiros bohngass\",\"sustentabilidade\"],\"articleSection\":[\"Agricultura Familiar\",\"Audi\u00eancia P\u00fablica\",\"Roteiro\"],\"inLanguage\":\"pt-BR\",\"potentialAction\":[{\"@type\":\"CommentAction\",\"name\":\"Comment\",\"target\":[\"https:\\\/\\\/bohngass.com.br\\\/?p=1363#respond\"]}]},{\"@type\":\"WebPage\",\"@id\":\"https:\\\/\\\/bohngass.com.br\\\/?p=1363\",\"url\":\"https:\\\/\\\/bohngass.com.br\\\/?p=1363\",\"name\":\"Bohn Gass conversa com agricultores familiares em Santo Cristo - Deputado Federal Bohn Gass \u2605 PT\\\/RS\",\"isPartOf\":{\"@id\":\"https:\\\/\\\/bohngass.com.br\\\/#website\"},\"primaryImageOfPage\":{\"@id\":\"https:\\\/\\\/bohngass.com.br\\\/?p=1363#primaryimage\"},\"image\":{\"@id\":\"https:\\\/\\\/bohngass.com.br\\\/?p=1363#primaryimage\"},\"thumbnailUrl\":\"https:\\\/\\\/bohngass.com.br\\\/wp-content\\\/uploads\\\/2022\\\/03\\\/santo_cristo_01.jpg\",\"datePublished\":\"2022-03-21T14:54:50+00:00\",\"dateModified\":\"2022-03-21T14:54:51+00:00\",\"breadcrumb\":{\"@id\":\"https:\\\/\\\/bohngass.com.br\\\/?p=1363#breadcrumb\"},\"inLanguage\":\"pt-BR\",\"potentialAction\":[{\"@type\":\"ReadAction\",\"target\":[\"https:\\\/\\\/bohngass.com.br\\\/?p=1363\"]}]},{\"@type\":\"ImageObject\",\"inLanguage\":\"pt-BR\",\"@id\":\"https:\\\/\\\/bohngass.com.br\\\/?p=1363#primaryimage\",\"url\":\"https:\\\/\\\/bohngass.com.br\\\/wp-content\\\/uploads\\\/2022\\\/03\\\/santo_cristo_01.jpg\",\"contentUrl\":\"https:\\\/\\\/bohngass.com.br\\\/wp-content\\\/uploads\\\/2022\\\/03\\\/santo_cristo_01.jpg\",\"width\":960,\"height\":540},{\"@type\":\"BreadcrumbList\",\"@id\":\"https:\\\/\\\/bohngass.com.br\\\/?p=1363#breadcrumb\",\"itemListElement\":[{\"@type\":\"ListItem\",\"position\":1,\"name\":\"In\u00edcio\",\"item\":\"https:\\\/\\\/bohngass.com.br\\\/\"},{\"@type\":\"ListItem\",\"position\":2,\"name\":\"Bohn Gass conversa com agricultores familiares em Santo Cristo\"}]},{\"@type\":\"WebSite\",\"@id\":\"https:\\\/\\\/bohngass.com.br\\\/#website\",\"url\":\"https:\\\/\\\/bohngass.com.br\\\/\",\"name\":\"Deputado Federal Bohn Gass \u2605 PT\\\/RS\",\"description\":\"Deputado Federal Bohn Gass\",\"publisher\":{\"@id\":\"https:\\\/\\\/bohngass.com.br\\\/#organization\"},\"potentialAction\":[{\"@type\":\"SearchAction\",\"target\":{\"@type\":\"EntryPoint\",\"urlTemplate\":\"https:\\\/\\\/bohngass.com.br\\\/?s={search_term_string}\"},\"query-input\":{\"@type\":\"PropertyValueSpecification\",\"valueRequired\":true,\"valueName\":\"search_term_string\"}}],\"inLanguage\":\"pt-BR\"},{\"@type\":\"Organization\",\"@id\":\"https:\\\/\\\/bohngass.com.br\\\/#organization\",\"name\":\"Deputado Bohn Gass\",\"url\":\"https:\\\/\\\/bohngass.com.br\\\/\",\"logo\":{\"@type\":\"ImageObject\",\"inLanguage\":\"pt-BR\",\"@id\":\"https:\\\/\\\/bohngass.com.br\\\/#\\\/schema\\\/logo\\\/image\\\/\",\"url\":\"http:\\\/\\\/bohngass.com.br\\\/wp-content\\\/uploads\\\/2021\\\/01\\\/logo.png\",\"contentUrl\":\"http:\\\/\\\/bohngass.com.br\\\/wp-content\\\/uploads\\\/2021\\\/01\\\/logo.png\",\"width\":357,\"height\":355,\"caption\":\"Deputado Bohn Gass\"},\"image\":{\"@id\":\"https:\\\/\\\/bohngass.com.br\\\/#\\\/schema\\\/logo\\\/image\\\/\"},\"sameAs\":[\"https:\\\/\\\/www.facebook.com\\\/bohngass13\",\"https:\\\/\\\/x.com\\\/BohnGass\",\"https:\\\/\\\/www.instagram.com\\\/bohn_gass\\\/\",\"https:\\\/\\\/www.youtube.com\\\/BohnGass13\\\/\",\"https:\\\/\\\/pt.wikipedia.org\\\/wiki\\\/Bohn_Gass\"]},{\"@type\":\"Person\",\"@id\":\"https:\\\/\\\/bohngass.com.br\\\/#\\\/schema\\\/person\\\/73f139d814ad08afd66e56929f99d4d6\",\"name\":\"admin\",\"image\":{\"@type\":\"ImageObject\",\"inLanguage\":\"pt-BR\",\"@id\":\"https:\\\/\\\/bohngass.com.br\\\/wp-content\\\/litespeed\\\/avatar\\\/46d26e448dfe42e49944850c1affc8d8.jpg?ver=1777227068\",\"url\":\"https:\\\/\\\/bohngass.com.br\\\/wp-content\\\/litespeed\\\/avatar\\\/46d26e448dfe42e49944850c1affc8d8.jpg?ver=1777227068\",\"contentUrl\":\"https:\\\/\\\/bohngass.com.br\\\/wp-content\\\/litespeed\\\/avatar\\\/46d26e448dfe42e49944850c1affc8d8.jpg?ver=1777227068\",\"caption\":\"admin\"},\"sameAs\":[\"http:\\\/\\\/www2.bohngass.com.br\"]}]}<\/script>\n<!-- \/ Yoast SEO plugin. -->","yoast_head_json":{"title":"Bohn Gass conversa com agricultores familiares em Santo Cristo - Deputado Federal Bohn Gass \u2605 PT\/RS","robots":{"index":"index","follow":"follow","max-snippet":"max-snippet:-1","max-image-preview":"max-image-preview:large","max-video-preview":"max-video-preview:-1"},"canonical":"https:\/\/bohngass.com.br\/?p=1363","og_locale":"pt_BR","og_type":"article","og_title":"Bohn Gass conversa com agricultores familiares em Santo Cristo - Deputado Federal Bohn Gass \u2605 PT\/RS","og_description":"Cheguei ao final de uma semana de roteiros pela metade norte do RS para uma conversa onde iniciei minha trajet\u00f3ria pol\u00edtica. No Sindicato dos Trabalhadores Rurais de Santo Cristo, acompanhado do deputado estadual Jeferson Fernandes, encontrei com trabalhadores da Agricultura Familiar e tratamos de assuntos pontuais, como a estiagem e seus efeitos. O abandono dos [&hellip;]","og_url":"https:\/\/bohngass.com.br\/?p=1363","og_site_name":"Deputado Federal Bohn Gass \u2605 PT\/RS","article_publisher":"https:\/\/www.facebook.com\/bohngass13","article_published_time":"2022-03-21T14:54:50+00:00","article_modified_time":"2022-03-21T14:54:51+00:00","og_image":[{"width":960,"height":540,"url":"https:\/\/bohngass.com.br\/wp-content\/uploads\/2022\/03\/santo_cristo_01.jpg","type":"image\/jpeg"}],"author":"admin","twitter_card":"summary_large_image","twitter_creator":"@BohnGass","twitter_site":"@BohnGass","twitter_misc":{"Escrito por":"admin","Est. tempo de leitura":"2 minutos"},"schema":{"@context":"https:\/\/schema.org","@graph":[{"@type":"Article","@id":"https:\/\/bohngass.com.br\/?p=1363#article","isPartOf":{"@id":"https:\/\/bohngass.com.br\/?p=1363"},"author":{"name":"admin","@id":"https:\/\/bohngass.com.br\/#\/schema\/person\/73f139d814ad08afd66e56929f99d4d6"},"headline":"Bohn Gass conversa com agricultores familiares em Santo Cristo","datePublished":"2022-03-21T14:54:50+00:00","dateModified":"2022-03-21T14:54:51+00:00","mainEntityOfPage":{"@id":"https:\/\/bohngass.com.br\/?p=1363"},"wordCount":161,"commentCount":0,"publisher":{"@id":"https:\/\/bohngass.com.br\/#organization"},"image":{"@id":"https:\/\/bohngass.com.br\/?p=1363#primaryimage"},"thumbnailUrl":"https:\/\/bohngass.com.br\/wp-content\/uploads\/2022\/03\/santo_cristo_01.jpg","keywords":["agricultura familiar","fetagrs","roteiros bohngass","sustentabilidade"],"articleSection":["Agricultura Familiar","Audi\u00eancia P\u00fablica","Roteiro"],"inLanguage":"pt-BR","potentialAction":[{"@type":"CommentAction","name":"Comment","target":["https:\/\/bohngass.com.br\/?p=1363#respond"]}]},{"@type":"WebPage","@id":"https:\/\/bohngass.com.br\/?p=1363","url":"https:\/\/bohngass.com.br\/?p=1363","name":"Bohn Gass conversa com agricultores familiares em Santo Cristo - Deputado Federal Bohn Gass \u2605 PT\/RS","isPartOf":{"@id":"https:\/\/bohngass.com.br\/#website"},"primaryImageOfPage":{"@id":"https:\/\/bohngass.com.br\/?p=1363#primaryimage"},"image":{"@id":"https:\/\/bohngass.com.br\/?p=1363#primaryimage"},"thumbnailUrl":"https:\/\/bohngass.com.br\/wp-content\/uploads\/2022\/03\/santo_cristo_01.jpg","datePublished":"2022-03-21T14:54:50+00:00","dateModified":"2022-03-21T14:54:51+00:00","breadcrumb":{"@id":"https:\/\/bohngass.com.br\/?p=1363#breadcrumb"},"inLanguage":"pt-BR","potentialAction":[{"@type":"ReadAction","target":["https:\/\/bohngass.com.br\/?p=1363"]}]},{"@type":"ImageObject","inLanguage":"pt-BR","@id":"https:\/\/bohngass.com.br\/?p=1363#primaryimage","url":"https:\/\/bohngass.com.br\/wp-content\/uploads\/2022\/03\/santo_cristo_01.jpg","contentUrl":"https:\/\/bohngass.com.br\/wp-content\/uploads\/2022\/03\/santo_cristo_01.jpg","width":960,"height":540},{"@type":"BreadcrumbList","@id":"https:\/\/bohngass.com.br\/?p=1363#breadcrumb","itemListElement":[{"@type":"ListItem","position":1,"name":"In\u00edcio","item":"https:\/\/bohngass.com.br\/"},{"@type":"ListItem","position":2,"name":"Bohn Gass conversa com agricultores familiares em Santo Cristo"}]},{"@type":"WebSite","@id":"https:\/\/bohngass.com.br\/#website","url":"https:\/\/bohngass.com.br\/","name":"Deputado Federal Bohn Gass \u2605 PT\/RS","description":"Deputado Federal Bohn Gass","publisher":{"@id":"https:\/\/bohngass.com.br\/#organization"},"potentialAction":[{"@type":"SearchAction","target":{"@type":"EntryPoint","urlTemplate":"https:\/\/bohngass.com.br\/?s={search_term_string}"},"query-input":{"@type":"PropertyValueSpecification","valueRequired":true,"valueName":"search_term_string"}}],"inLanguage":"pt-BR"},{"@type":"Organization","@id":"https:\/\/bohngass.com.br\/#organization","name":"Deputado Bohn Gass","url":"https:\/\/bohngass.com.br\/","logo":{"@type":"ImageObject","inLanguage":"pt-BR","@id":"https:\/\/bohngass.com.br\/#\/schema\/logo\/image\/","url":"http:\/\/bohngass.com.br\/wp-content\/uploads\/2021\/01\/logo.png","contentUrl":"http:\/\/bohngass.com.br\/wp-content\/uploads\/2021\/01\/logo.png","width":357,"height":355,"caption":"Deputado Bohn Gass"},"image":{"@id":"https:\/\/bohngass.com.br\/#\/schema\/logo\/image\/"},"sameAs":["https:\/\/www.facebook.com\/bohngass13","https:\/\/x.com\/BohnGass","https:\/\/www.instagram.com\/bohn_gass\/","https:\/\/www.youtube.com\/BohnGass13\/","https:\/\/pt.wikipedia.org\/wiki\/Bohn_Gass"]},{"@type":"Person","@id":"https:\/\/bohngass.com.br\/#\/schema\/person\/73f139d814ad08afd66e56929f99d4d6","name":"admin","image":{"@type":"ImageObject","inLanguage":"pt-BR","@id":"https:\/\/bohngass.com.br\/wp-content\/litespeed\/avatar\/46d26e448dfe42e49944850c1affc8d8.jpg?ver=1777227068","url":"https:\/\/bohngass.com.br\/wp-content\/litespeed\/avatar\/46d26e448dfe42e49944850c1affc8d8.jpg?ver=1777227068","contentUrl":"https:\/\/bohngass.com.br\/wp-content\/litespeed\/avatar\/46d26e448dfe42e49944850c1affc8d8.jpg?ver=1777227068","caption":"admin"},"sameAs":["http:\/\/www2.bohngass.com.br"]}]}},"_links":{"self":[{"href":"https:\/\/bohngass.com.br\/index.php?rest_route=\/wp\/v2\/posts\/1363","targetHints":{"allow":["GET"]}}],"collection":[{"href":"https:\/\/bohngass.com.br\/index.php?rest_route=\/wp\/v2\/posts"}],"about":[{"href":"https:\/\/bohngass.com.br\/index.php?rest_route=\/wp\/v2\/types\/post"}],"author":[{"embeddable":true,"href":"https:\/\/bohngass.com.br\/index.php?rest_route=\/wp\/v2\/users\/1"}],"replies":[{"embeddable":true,"href":"https:\/\/bohngass.com.br\/index.php?rest_route=%2Fwp%2Fv2%2Fcomments&post=1363"}],"version-history":[{"count":0,"href":"https:\/\/bohngass.com.br\/index.php?rest_route=\/wp\/v2\/posts\/1363\/revisions"}],"wp:featuredmedia":[{"embeddable":true,"href":"https:\/\/bohngass.com.br\/index.php?rest_route=\/wp\/v2\/media\/1366"}],"wp:attachment":[{"href":"https:\/\/bohngass.com.br\/index.php?rest_route=%2Fwp%2Fv2%2Fmedia&parent=1363"}],"wp:term":[{"taxonomy":"category","embeddable":true,"href":"https:\/\/bohngass.com.br\/index.php?rest_route=%2Fwp%2Fv2%2Fcategories&post=1363"},{"taxonomy":"post_tag","embeddable":true,"href":"https:\/\/bohngass.com.br\/index.php?rest_route=%2Fwp%2Fv2%2Ftags&post=1363"}],"curies":[{"name":"wp","href":"https:\/\/api.w.org\/{rel}","templated":true}]}}