{"id":1396,"date":"2022-03-24T15:24:42","date_gmt":"2022-03-24T18:24:42","guid":{"rendered":"http:\/\/bohngass.com.br\/?p=1396"},"modified":"2022-03-24T15:24:43","modified_gmt":"2022-03-24T18:24:43","slug":"bohn-gass-participa-da-abertura-da-expoagro-e-faz-agenda-em-rio-pardo","status":"publish","type":"post","link":"https:\/\/bohngass.com.br\/?p=1396","title":{"rendered":"Bohn Gass participa da abertura da Expoagro e faz agenda em Rio Pardo"},"content":{"rendered":"\n<p>O roteiro hoje foi dedicado a Rio Pardo. Comecei o dia no Parque de Exposi\u00e7\u00f5es da Expoagro Afubra, Rio Pardo\/RS, l\u00e1 na localidade de Rinc\u00e3o Del Rey, participando da abertura oficial do evento. Para quem n\u00e3o sabe \u00e9 a maior feira da agricultura familiar do Brasil. Este ano a Expoagro ampliou o Pavilh\u00e3o da Agroind\u00fastria para dar conta da comercializa\u00e7\u00e3o da produ\u00e7\u00e3o da agricultura familiar. S\u00f3 para termos uma ideia, at\u00e9 2019 eram 1.500 metros de pavilh\u00e3o, agora s\u00e3o 3.480 metros quadrados, onde est\u00e3o mais de 193 estantes, com a diversidade da produ\u00e7\u00e3o da agroind\u00fastria familiar. Conversei com diversos expositores de diferentes munic\u00edpios presentes no evento. Mais uma vez esperamos an\u00fancios do governo Federal e Estadual para mitigar os graves efeitos da estiagem no RS e n\u00e3o veio nada. O sentimento dos trabalhadores rurais com quem conversei \u00e9 o de abandono.<\/p>\n\n\n\n<p>Al\u00e9m do Pavilh\u00e3o da Agricultura Familiar, visitei outra parte essencial da atividade rural no RS, a assist\u00eancia t\u00e9cnica prestada pelos servidores p\u00fablicos da Ascar-Emater. S\u00e3o tantas \u00e1reas de atua\u00e7\u00e3o, desde o trabalho com o desenvolvimento de hortali\u00e7as, novas variedades de frut\u00edferas, at\u00e9 a pecu\u00e1ria familiar. Aquilo que ouvi dos agricultores, tamb\u00e9m \u00e9 a fala dos t\u00e9cnicos, a do abandono do Governo do Estado, a falta de incentivos para manter e desenvolver pol\u00edticas p\u00fablicas para a agricultura familiar e o desmonte de estruturas e projetos de pesquisa e extens\u00e3o. S\u00f3 n\u00e3o est\u00e1 pior, porque, quem vive no meio rural, conhece o trabalho dedicado desses servidores!<\/p>\n\n\n\n<p>Terminei o dia no Bella Nonna, na companhia do ex-ministro Miguel Rossetto pr\u00e9-candidato a deputado estadual, reunindo com companheiros do PT de Rio Pardo, al\u00e9m de servidores da Corsan. Na pauta, o desmonte das estruturas p\u00fablicas, a privatiza\u00e7\u00e3o da \u00e1gua e as estrat\u00e9gias para retomar o desenvolvimento com participa\u00e7\u00e3o.<\/p>\n\n\n\n<div class=\"wp-block-columns is-layout-flex wp-container-core-columns-is-layout-9d6595d7 wp-block-columns-is-layout-flex\">\n<div class=\"wp-block-column is-layout-flow wp-block-column-is-layout-flow\" style=\"flex-basis:25%\">\n<figure class=\"wp-block-image size-large is-style-default\"><img loading=\"lazy\" decoding=\"async\" width=\"768\" height=\"1024\" src=\"https:\/\/bohngass.com.br\/wp-content\/uploads\/2022\/03\/rio-pardo-02-768x1024.jpg\" alt=\"\" class=\"wp-image-1398\" srcset=\"https:\/\/bohngass.com.br\/wp-content\/uploads\/2022\/03\/rio-pardo-02-768x1024.jpg 768w, https:\/\/bohngass.com.br\/wp-content\/uploads\/2022\/03\/rio-pardo-02-225x300.jpg 225w, https:\/\/bohngass.com.br\/wp-content\/uploads\/2022\/03\/rio-pardo-02-1152x1536.jpg 1152w, https:\/\/bohngass.com.br\/wp-content\/uploads\/2022\/03\/rio-pardo-02.jpg 1536w\" sizes=\"auto, (max-width: 768px) 100vw, 768px\" \/><\/figure>\n<\/div>\n\n\n\n<div class=\"wp-block-column is-layout-flow wp-block-column-is-layout-flow\" style=\"flex-basis:50%\">\n<figure class=\"wp-block-image size-large is-style-default\"><img loading=\"lazy\" decoding=\"async\" width=\"1024\" height=\"768\" src=\"https:\/\/bohngass.com.br\/wp-content\/uploads\/2022\/03\/rio-pardo-01-1024x768.jpg\" alt=\"\" class=\"wp-image-1397\" srcset=\"https:\/\/bohngass.com.br\/wp-content\/uploads\/2022\/03\/rio-pardo-01-1024x768.jpg 1024w, https:\/\/bohngass.com.br\/wp-content\/uploads\/2022\/03\/rio-pardo-01-300x225.jpg 300w, https:\/\/bohngass.com.br\/wp-content\/uploads\/2022\/03\/rio-pardo-01-768x576.jpg 768w, https:\/\/bohngass.com.br\/wp-content\/uploads\/2022\/03\/rio-pardo-01-1536x1152.jpg 1536w, https:\/\/bohngass.com.br\/wp-content\/uploads\/2022\/03\/rio-pardo-01.jpg 2048w\" sizes=\"auto, (max-width: 1024px) 100vw, 1024px\" \/><\/figure>\n<\/div>\n\n\n\n<div class=\"wp-block-column is-layout-flow wp-block-column-is-layout-flow\" style=\"flex-basis:25%\">\n<figure class=\"wp-block-image size-large is-style-default\"><img loading=\"lazy\" decoding=\"async\" width=\"768\" height=\"1024\" src=\"https:\/\/bohngass.com.br\/wp-content\/uploads\/2022\/03\/rio-pardo-03-768x1024.jpg\" alt=\"\" class=\"wp-image-1399\" srcset=\"https:\/\/bohngass.com.br\/wp-content\/uploads\/2022\/03\/rio-pardo-03-768x1024.jpg 768w, https:\/\/bohngass.com.br\/wp-content\/uploads\/2022\/03\/rio-pardo-03-225x300.jpg 225w, https:\/\/bohngass.com.br\/wp-content\/uploads\/2022\/03\/rio-pardo-03-1152x1536.jpg 1152w, https:\/\/bohngass.com.br\/wp-content\/uploads\/2022\/03\/rio-pardo-03.jpg 1536w\" sizes=\"auto, (max-width: 768px) 100vw, 768px\" \/><\/figure>\n<\/div>\n<\/div>\n\n\n\n<div class=\"wp-block-columns is-layout-flex wp-container-core-columns-is-layout-9d6595d7 wp-block-columns-is-layout-flex\">\n<div class=\"wp-block-column is-layout-flow wp-block-column-is-layout-flow\" style=\"flex-basis:25%\">\n<figure class=\"wp-block-image size-large is-style-default\"><img loading=\"lazy\" decoding=\"async\" width=\"768\" height=\"1024\" src=\"https:\/\/bohngass.com.br\/wp-content\/uploads\/2022\/03\/rio-pardo-05-768x1024.jpg\" alt=\"\" class=\"wp-image-1401\" srcset=\"https:\/\/bohngass.com.br\/wp-content\/uploads\/2022\/03\/rio-pardo-05-768x1024.jpg 768w, https:\/\/bohngass.com.br\/wp-content\/uploads\/2022\/03\/rio-pardo-05-225x300.jpg 225w, https:\/\/bohngass.com.br\/wp-content\/uploads\/2022\/03\/rio-pardo-05-1152x1536.jpg 1152w, https:\/\/bohngass.com.br\/wp-content\/uploads\/2022\/03\/rio-pardo-05.jpg 1536w\" sizes=\"auto, (max-width: 768px) 100vw, 768px\" \/><\/figure>\n<\/div>\n\n\n\n<div class=\"wp-block-column is-layout-flow wp-block-column-is-layout-flow\" style=\"flex-basis:50%\">\n<figure class=\"wp-block-image size-large is-style-default\"><img loading=\"lazy\" decoding=\"async\" width=\"1024\" height=\"768\" src=\"https:\/\/bohngass.com.br\/wp-content\/uploads\/2022\/03\/rio-pardo-04-1024x768.jpg\" alt=\"\" class=\"wp-image-1400\" srcset=\"https:\/\/bohngass.com.br\/wp-content\/uploads\/2022\/03\/rio-pardo-04-1024x768.jpg 1024w, https:\/\/bohngass.com.br\/wp-content\/uploads\/2022\/03\/rio-pardo-04-300x225.jpg 300w, https:\/\/bohngass.com.br\/wp-content\/uploads\/2022\/03\/rio-pardo-04-768x576.jpg 768w, https:\/\/bohngass.com.br\/wp-content\/uploads\/2022\/03\/rio-pardo-04-1536x1152.jpg 1536w, https:\/\/bohngass.com.br\/wp-content\/uploads\/2022\/03\/rio-pardo-04.jpg 2048w\" sizes=\"auto, (max-width: 1024px) 100vw, 1024px\" \/><\/figure>\n<\/div>\n\n\n\n<div class=\"wp-block-column is-layout-flow wp-block-column-is-layout-flow\" style=\"flex-basis:25%\">\n<figure class=\"wp-block-image size-large is-style-default\"><img loading=\"lazy\" decoding=\"async\" width=\"768\" height=\"1024\" src=\"https:\/\/bohngass.com.br\/wp-content\/uploads\/2022\/03\/rio-pardo-06-768x1024.jpg\" alt=\"\" class=\"wp-image-1402\" srcset=\"https:\/\/bohngass.com.br\/wp-content\/uploads\/2022\/03\/rio-pardo-06-768x1024.jpg 768w, https:\/\/bohngass.com.br\/wp-content\/uploads\/2022\/03\/rio-pardo-06-225x300.jpg 225w, https:\/\/bohngass.com.br\/wp-content\/uploads\/2022\/03\/rio-pardo-06-1152x1536.jpg 1152w, https:\/\/bohngass.com.br\/wp-content\/uploads\/2022\/03\/rio-pardo-06.jpg 1536w\" sizes=\"auto, (max-width: 768px) 100vw, 768px\" \/><\/figure>\n<\/div>\n<\/div>\n\n\n\n<figure class=\"wp-block-image size-large is-style-default\"><img loading=\"lazy\" decoding=\"async\" width=\"1024\" height=\"768\" src=\"https:\/\/bohngass.com.br\/wp-content\/uploads\/2022\/03\/rio-pardo-07-1024x768.jpg\" alt=\"\" class=\"wp-image-1403\" srcset=\"https:\/\/bohngass.com.br\/wp-content\/uploads\/2022\/03\/rio-pardo-07-1024x768.jpg 1024w, https:\/\/bohngass.com.br\/wp-content\/uploads\/2022\/03\/rio-pardo-07-300x225.jpg 300w, https:\/\/bohngass.com.br\/wp-content\/uploads\/2022\/03\/rio-pardo-07-768x576.jpg 768w, https:\/\/bohngass.com.br\/wp-content\/uploads\/2022\/03\/rio-pardo-07-1536x1152.jpg 1536w, https:\/\/bohngass.com.br\/wp-content\/uploads\/2022\/03\/rio-pardo-07.jpg 2048w\" sizes=\"auto, (max-width: 1024px) 100vw, 1024px\" \/><\/figure>\n","protected":false},"excerpt":{"rendered":"<p>O roteiro hoje foi dedicado a Rio Pardo. Comecei o dia no Parque de Exposi\u00e7\u00f5es da Expoagro Afubra, Rio Pardo\/RS, l\u00e1 na localidade de Rinc\u00e3o Del Rey, participando da abertura oficial do evento. Para quem n\u00e3o sabe \u00e9 a maior feira da agricultura familiar do Brasil. Este ano a Expoagro ampliou o Pavilh\u00e3o da Agroind\u00fastria [&hellip;]<\/p>\n","protected":false},"author":1,"featured_media":1397,"comment_status":"open","ping_status":"open","sticky":false,"template":"","format":"standard","meta":{"footnotes":""},"categories":[41,49,639],"tags":[761,36,765,625,762,763,764,719],"class_list":["post-1396","post","type-post","status-publish","format-standard","has-post-thumbnail","hentry","category-agricultura-familiar","category-rio-grande-do-sul","category-roteiro","tag-afubra","tag-agricultura-familiar","tag-assistencia-tecnica","tag-ater","tag-emater","tag-expoagro","tag-rio-pardo","tag-roteiro-bohn-gass"],"yoast_head":"<!-- This site is optimized with the Yoast SEO plugin v27.4 - https:\/\/yoast.com\/product\/yoast-seo-wordpress\/ -->\n<title>Bohn Gass participa da abertura da Expoagro e faz agenda em Rio Pardo - Deputado Federal Bohn Gass \u2605 PT\/RS<\/title>\n<meta name=\"robots\" content=\"index, follow, max-snippet:-1, max-image-preview:large, max-video-preview:-1\" \/>\n<link rel=\"canonical\" href=\"https:\/\/bohngass.com.br\/?p=1396\" \/>\n<meta property=\"og:locale\" content=\"pt_BR\" \/>\n<meta property=\"og:type\" content=\"article\" \/>\n<meta property=\"og:title\" content=\"Bohn Gass participa da abertura da Expoagro e faz agenda em Rio Pardo - Deputado Federal Bohn Gass \u2605 PT\/RS\" \/>\n<meta property=\"og:description\" content=\"O roteiro hoje foi dedicado a Rio Pardo. Comecei o dia no Parque de Exposi\u00e7\u00f5es da Expoagro Afubra, Rio Pardo\/RS, l\u00e1 na localidade de Rinc\u00e3o Del Rey, participando da abertura oficial do evento. Para quem n\u00e3o sabe \u00e9 a maior feira da agricultura familiar do Brasil. Este ano a Expoagro ampliou o Pavilh\u00e3o da Agroind\u00fastria [&hellip;]\" \/>\n<meta property=\"og:url\" content=\"https:\/\/bohngass.com.br\/?p=1396\" \/>\n<meta property=\"og:site_name\" content=\"Deputado Federal Bohn Gass \u2605 PT\/RS\" \/>\n<meta property=\"article:publisher\" content=\"https:\/\/www.facebook.com\/bohngass13\" \/>\n<meta property=\"article:published_time\" content=\"2022-03-24T18:24:42+00:00\" \/>\n<meta property=\"article:modified_time\" content=\"2022-03-24T18:24:43+00:00\" \/>\n<meta property=\"og:image\" content=\"https:\/\/bohngass.com.br\/wp-content\/uploads\/2022\/03\/rio-pardo-01.jpg\" \/>\n\t<meta property=\"og:image:width\" content=\"2048\" \/>\n\t<meta property=\"og:image:height\" content=\"1536\" \/>\n\t<meta property=\"og:image:type\" content=\"image\/jpeg\" \/>\n<meta name=\"author\" content=\"admin\" \/>\n<meta name=\"twitter:card\" content=\"summary_large_image\" \/>\n<meta name=\"twitter:creator\" content=\"@BohnGass\" \/>\n<meta name=\"twitter:site\" content=\"@BohnGass\" \/>\n<meta name=\"twitter:label1\" content=\"Escrito por\" \/>\n\t<meta name=\"twitter:data1\" content=\"admin\" \/>\n\t<meta name=\"twitter:label2\" content=\"Est. tempo de leitura\" \/>\n\t<meta name=\"twitter:data2\" content=\"4 minutos\" \/>\n<script type=\"application\/ld+json\" class=\"yoast-schema-graph\">{\"@context\":\"https:\\\/\\\/schema.org\",\"@graph\":[{\"@type\":\"Article\",\"@id\":\"https:\\\/\\\/bohngass.com.br\\\/?p=1396#article\",\"isPartOf\":{\"@id\":\"https:\\\/\\\/bohngass.com.br\\\/?p=1396\"},\"author\":{\"name\":\"admin\",\"@id\":\"https:\\\/\\\/bohngass.com.br\\\/#\\\/schema\\\/person\\\/73f139d814ad08afd66e56929f99d4d6\"},\"headline\":\"Bohn Gass participa da abertura da Expoagro e faz agenda em Rio Pardo\",\"datePublished\":\"2022-03-24T18:24:42+00:00\",\"dateModified\":\"2022-03-24T18:24:43+00:00\",\"mainEntityOfPage\":{\"@id\":\"https:\\\/\\\/bohngass.com.br\\\/?p=1396\"},\"wordCount\":338,\"commentCount\":0,\"publisher\":{\"@id\":\"https:\\\/\\\/bohngass.com.br\\\/#organization\"},\"image\":{\"@id\":\"https:\\\/\\\/bohngass.com.br\\\/?p=1396#primaryimage\"},\"thumbnailUrl\":\"https:\\\/\\\/bohngass.com.br\\\/wp-content\\\/uploads\\\/2022\\\/03\\\/rio-pardo-01.jpg\",\"keywords\":[\"afubra\",\"agricultura familiar\",\"assist\u00eancia t\u00e9cnica\",\"ater\",\"emater\",\"expoagro\",\"rio pardo\",\"roteiro bohn gass\"],\"articleSection\":[\"Agricultura Familiar\",\"Rio Grande do Sul\",\"Roteiro\"],\"inLanguage\":\"pt-BR\",\"potentialAction\":[{\"@type\":\"CommentAction\",\"name\":\"Comment\",\"target\":[\"https:\\\/\\\/bohngass.com.br\\\/?p=1396#respond\"]}]},{\"@type\":\"WebPage\",\"@id\":\"https:\\\/\\\/bohngass.com.br\\\/?p=1396\",\"url\":\"https:\\\/\\\/bohngass.com.br\\\/?p=1396\",\"name\":\"Bohn Gass participa da abertura da Expoagro e faz agenda em Rio Pardo - Deputado Federal Bohn Gass \u2605 PT\\\/RS\",\"isPartOf\":{\"@id\":\"https:\\\/\\\/bohngass.com.br\\\/#website\"},\"primaryImageOfPage\":{\"@id\":\"https:\\\/\\\/bohngass.com.br\\\/?p=1396#primaryimage\"},\"image\":{\"@id\":\"https:\\\/\\\/bohngass.com.br\\\/?p=1396#primaryimage\"},\"thumbnailUrl\":\"https:\\\/\\\/bohngass.com.br\\\/wp-content\\\/uploads\\\/2022\\\/03\\\/rio-pardo-01.jpg\",\"datePublished\":\"2022-03-24T18:24:42+00:00\",\"dateModified\":\"2022-03-24T18:24:43+00:00\",\"breadcrumb\":{\"@id\":\"https:\\\/\\\/bohngass.com.br\\\/?p=1396#breadcrumb\"},\"inLanguage\":\"pt-BR\",\"potentialAction\":[{\"@type\":\"ReadAction\",\"target\":[\"https:\\\/\\\/bohngass.com.br\\\/?p=1396\"]}]},{\"@type\":\"ImageObject\",\"inLanguage\":\"pt-BR\",\"@id\":\"https:\\\/\\\/bohngass.com.br\\\/?p=1396#primaryimage\",\"url\":\"https:\\\/\\\/bohngass.com.br\\\/wp-content\\\/uploads\\\/2022\\\/03\\\/rio-pardo-01.jpg\",\"contentUrl\":\"https:\\\/\\\/bohngass.com.br\\\/wp-content\\\/uploads\\\/2022\\\/03\\\/rio-pardo-01.jpg\",\"width\":2048,\"height\":1536},{\"@type\":\"BreadcrumbList\",\"@id\":\"https:\\\/\\\/bohngass.com.br\\\/?p=1396#breadcrumb\",\"itemListElement\":[{\"@type\":\"ListItem\",\"position\":1,\"name\":\"In\u00edcio\",\"item\":\"https:\\\/\\\/bohngass.com.br\\\/\"},{\"@type\":\"ListItem\",\"position\":2,\"name\":\"Bohn Gass participa da abertura da Expoagro e faz agenda em Rio Pardo\"}]},{\"@type\":\"WebSite\",\"@id\":\"https:\\\/\\\/bohngass.com.br\\\/#website\",\"url\":\"https:\\\/\\\/bohngass.com.br\\\/\",\"name\":\"Deputado Federal Bohn Gass \u2605 PT\\\/RS\",\"description\":\"Deputado Federal Bohn Gass\",\"publisher\":{\"@id\":\"https:\\\/\\\/bohngass.com.br\\\/#organization\"},\"potentialAction\":[{\"@type\":\"SearchAction\",\"target\":{\"@type\":\"EntryPoint\",\"urlTemplate\":\"https:\\\/\\\/bohngass.com.br\\\/?s={search_term_string}\"},\"query-input\":{\"@type\":\"PropertyValueSpecification\",\"valueRequired\":true,\"valueName\":\"search_term_string\"}}],\"inLanguage\":\"pt-BR\"},{\"@type\":\"Organization\",\"@id\":\"https:\\\/\\\/bohngass.com.br\\\/#organization\",\"name\":\"Deputado Bohn Gass\",\"url\":\"https:\\\/\\\/bohngass.com.br\\\/\",\"logo\":{\"@type\":\"ImageObject\",\"inLanguage\":\"pt-BR\",\"@id\":\"https:\\\/\\\/bohngass.com.br\\\/#\\\/schema\\\/logo\\\/image\\\/\",\"url\":\"http:\\\/\\\/bohngass.com.br\\\/wp-content\\\/uploads\\\/2021\\\/01\\\/logo.png\",\"contentUrl\":\"http:\\\/\\\/bohngass.com.br\\\/wp-content\\\/uploads\\\/2021\\\/01\\\/logo.png\",\"width\":357,\"height\":355,\"caption\":\"Deputado Bohn Gass\"},\"image\":{\"@id\":\"https:\\\/\\\/bohngass.com.br\\\/#\\\/schema\\\/logo\\\/image\\\/\"},\"sameAs\":[\"https:\\\/\\\/www.facebook.com\\\/bohngass13\",\"https:\\\/\\\/x.com\\\/BohnGass\",\"https:\\\/\\\/www.instagram.com\\\/bohn_gass\\\/\",\"https:\\\/\\\/www.youtube.com\\\/BohnGass13\\\/\",\"https:\\\/\\\/pt.wikipedia.org\\\/wiki\\\/Bohn_Gass\"]},{\"@type\":\"Person\",\"@id\":\"https:\\\/\\\/bohngass.com.br\\\/#\\\/schema\\\/person\\\/73f139d814ad08afd66e56929f99d4d6\",\"name\":\"admin\",\"image\":{\"@type\":\"ImageObject\",\"inLanguage\":\"pt-BR\",\"@id\":\"https:\\\/\\\/bohngass.com.br\\\/wp-content\\\/litespeed\\\/avatar\\\/46d26e448dfe42e49944850c1affc8d8.jpg?ver=1777227068\",\"url\":\"https:\\\/\\\/bohngass.com.br\\\/wp-content\\\/litespeed\\\/avatar\\\/46d26e448dfe42e49944850c1affc8d8.jpg?ver=1777227068\",\"contentUrl\":\"https:\\\/\\\/bohngass.com.br\\\/wp-content\\\/litespeed\\\/avatar\\\/46d26e448dfe42e49944850c1affc8d8.jpg?ver=1777227068\",\"caption\":\"admin\"},\"sameAs\":[\"http:\\\/\\\/www2.bohngass.com.br\"]}]}<\/script>\n<!-- \/ Yoast SEO plugin. -->","yoast_head_json":{"title":"Bohn Gass participa da abertura da Expoagro e faz agenda em Rio Pardo - Deputado Federal Bohn Gass \u2605 PT\/RS","robots":{"index":"index","follow":"follow","max-snippet":"max-snippet:-1","max-image-preview":"max-image-preview:large","max-video-preview":"max-video-preview:-1"},"canonical":"https:\/\/bohngass.com.br\/?p=1396","og_locale":"pt_BR","og_type":"article","og_title":"Bohn Gass participa da abertura da Expoagro e faz agenda em Rio Pardo - Deputado Federal Bohn Gass \u2605 PT\/RS","og_description":"O roteiro hoje foi dedicado a Rio Pardo. Comecei o dia no Parque de Exposi\u00e7\u00f5es da Expoagro Afubra, Rio Pardo\/RS, l\u00e1 na localidade de Rinc\u00e3o Del Rey, participando da abertura oficial do evento. Para quem n\u00e3o sabe \u00e9 a maior feira da agricultura familiar do Brasil. Este ano a Expoagro ampliou o Pavilh\u00e3o da Agroind\u00fastria [&hellip;]","og_url":"https:\/\/bohngass.com.br\/?p=1396","og_site_name":"Deputado Federal Bohn Gass \u2605 PT\/RS","article_publisher":"https:\/\/www.facebook.com\/bohngass13","article_published_time":"2022-03-24T18:24:42+00:00","article_modified_time":"2022-03-24T18:24:43+00:00","og_image":[{"width":2048,"height":1536,"url":"https:\/\/bohngass.com.br\/wp-content\/uploads\/2022\/03\/rio-pardo-01.jpg","type":"image\/jpeg"}],"author":"admin","twitter_card":"summary_large_image","twitter_creator":"@BohnGass","twitter_site":"@BohnGass","twitter_misc":{"Escrito por":"admin","Est. tempo de leitura":"4 minutos"},"schema":{"@context":"https:\/\/schema.org","@graph":[{"@type":"Article","@id":"https:\/\/bohngass.com.br\/?p=1396#article","isPartOf":{"@id":"https:\/\/bohngass.com.br\/?p=1396"},"author":{"name":"admin","@id":"https:\/\/bohngass.com.br\/#\/schema\/person\/73f139d814ad08afd66e56929f99d4d6"},"headline":"Bohn Gass participa da abertura da Expoagro e faz agenda em Rio Pardo","datePublished":"2022-03-24T18:24:42+00:00","dateModified":"2022-03-24T18:24:43+00:00","mainEntityOfPage":{"@id":"https:\/\/bohngass.com.br\/?p=1396"},"wordCount":338,"commentCount":0,"publisher":{"@id":"https:\/\/bohngass.com.br\/#organization"},"image":{"@id":"https:\/\/bohngass.com.br\/?p=1396#primaryimage"},"thumbnailUrl":"https:\/\/bohngass.com.br\/wp-content\/uploads\/2022\/03\/rio-pardo-01.jpg","keywords":["afubra","agricultura familiar","assist\u00eancia t\u00e9cnica","ater","emater","expoagro","rio pardo","roteiro bohn gass"],"articleSection":["Agricultura Familiar","Rio Grande do Sul","Roteiro"],"inLanguage":"pt-BR","potentialAction":[{"@type":"CommentAction","name":"Comment","target":["https:\/\/bohngass.com.br\/?p=1396#respond"]}]},{"@type":"WebPage","@id":"https:\/\/bohngass.com.br\/?p=1396","url":"https:\/\/bohngass.com.br\/?p=1396","name":"Bohn Gass participa da abertura da Expoagro e faz agenda em Rio Pardo - Deputado Federal Bohn Gass \u2605 PT\/RS","isPartOf":{"@id":"https:\/\/bohngass.com.br\/#website"},"primaryImageOfPage":{"@id":"https:\/\/bohngass.com.br\/?p=1396#primaryimage"},"image":{"@id":"https:\/\/bohngass.com.br\/?p=1396#primaryimage"},"thumbnailUrl":"https:\/\/bohngass.com.br\/wp-content\/uploads\/2022\/03\/rio-pardo-01.jpg","datePublished":"2022-03-24T18:24:42+00:00","dateModified":"2022-03-24T18:24:43+00:00","breadcrumb":{"@id":"https:\/\/bohngass.com.br\/?p=1396#breadcrumb"},"inLanguage":"pt-BR","potentialAction":[{"@type":"ReadAction","target":["https:\/\/bohngass.com.br\/?p=1396"]}]},{"@type":"ImageObject","inLanguage":"pt-BR","@id":"https:\/\/bohngass.com.br\/?p=1396#primaryimage","url":"https:\/\/bohngass.com.br\/wp-content\/uploads\/2022\/03\/rio-pardo-01.jpg","contentUrl":"https:\/\/bohngass.com.br\/wp-content\/uploads\/2022\/03\/rio-pardo-01.jpg","width":2048,"height":1536},{"@type":"BreadcrumbList","@id":"https:\/\/bohngass.com.br\/?p=1396#breadcrumb","itemListElement":[{"@type":"ListItem","position":1,"name":"In\u00edcio","item":"https:\/\/bohngass.com.br\/"},{"@type":"ListItem","position":2,"name":"Bohn Gass participa da abertura da Expoagro e faz agenda em Rio Pardo"}]},{"@type":"WebSite","@id":"https:\/\/bohngass.com.br\/#website","url":"https:\/\/bohngass.com.br\/","name":"Deputado Federal Bohn Gass \u2605 PT\/RS","description":"Deputado Federal Bohn Gass","publisher":{"@id":"https:\/\/bohngass.com.br\/#organization"},"potentialAction":[{"@type":"SearchAction","target":{"@type":"EntryPoint","urlTemplate":"https:\/\/bohngass.com.br\/?s={search_term_string}"},"query-input":{"@type":"PropertyValueSpecification","valueRequired":true,"valueName":"search_term_string"}}],"inLanguage":"pt-BR"},{"@type":"Organization","@id":"https:\/\/bohngass.com.br\/#organization","name":"Deputado Bohn Gass","url":"https:\/\/bohngass.com.br\/","logo":{"@type":"ImageObject","inLanguage":"pt-BR","@id":"https:\/\/bohngass.com.br\/#\/schema\/logo\/image\/","url":"http:\/\/bohngass.com.br\/wp-content\/uploads\/2021\/01\/logo.png","contentUrl":"http:\/\/bohngass.com.br\/wp-content\/uploads\/2021\/01\/logo.png","width":357,"height":355,"caption":"Deputado Bohn Gass"},"image":{"@id":"https:\/\/bohngass.com.br\/#\/schema\/logo\/image\/"},"sameAs":["https:\/\/www.facebook.com\/bohngass13","https:\/\/x.com\/BohnGass","https:\/\/www.instagram.com\/bohn_gass\/","https:\/\/www.youtube.com\/BohnGass13\/","https:\/\/pt.wikipedia.org\/wiki\/Bohn_Gass"]},{"@type":"Person","@id":"https:\/\/bohngass.com.br\/#\/schema\/person\/73f139d814ad08afd66e56929f99d4d6","name":"admin","image":{"@type":"ImageObject","inLanguage":"pt-BR","@id":"https:\/\/bohngass.com.br\/wp-content\/litespeed\/avatar\/46d26e448dfe42e49944850c1affc8d8.jpg?ver=1777227068","url":"https:\/\/bohngass.com.br\/wp-content\/litespeed\/avatar\/46d26e448dfe42e49944850c1affc8d8.jpg?ver=1777227068","contentUrl":"https:\/\/bohngass.com.br\/wp-content\/litespeed\/avatar\/46d26e448dfe42e49944850c1affc8d8.jpg?ver=1777227068","caption":"admin"},"sameAs":["http:\/\/www2.bohngass.com.br"]}]}},"_links":{"self":[{"href":"https:\/\/bohngass.com.br\/index.php?rest_route=\/wp\/v2\/posts\/1396","targetHints":{"allow":["GET"]}}],"collection":[{"href":"https:\/\/bohngass.com.br\/index.php?rest_route=\/wp\/v2\/posts"}],"about":[{"href":"https:\/\/bohngass.com.br\/index.php?rest_route=\/wp\/v2\/types\/post"}],"author":[{"embeddable":true,"href":"https:\/\/bohngass.com.br\/index.php?rest_route=\/wp\/v2\/users\/1"}],"replies":[{"embeddable":true,"href":"https:\/\/bohngass.com.br\/index.php?rest_route=%2Fwp%2Fv2%2Fcomments&post=1396"}],"version-history":[{"count":0,"href":"https:\/\/bohngass.com.br\/index.php?rest_route=\/wp\/v2\/posts\/1396\/revisions"}],"wp:featuredmedia":[{"embeddable":true,"href":"https:\/\/bohngass.com.br\/index.php?rest_route=\/wp\/v2\/media\/1397"}],"wp:attachment":[{"href":"https:\/\/bohngass.com.br\/index.php?rest_route=%2Fwp%2Fv2%2Fmedia&parent=1396"}],"wp:term":[{"taxonomy":"category","embeddable":true,"href":"https:\/\/bohngass.com.br\/index.php?rest_route=%2Fwp%2Fv2%2Fcategories&post=1396"},{"taxonomy":"post_tag","embeddable":true,"href":"https:\/\/bohngass.com.br\/index.php?rest_route=%2Fwp%2Fv2%2Ftags&post=1396"}],"curies":[{"name":"wp","href":"https:\/\/api.w.org\/{rel}","templated":true}]}}