{"id":1435,"date":"2022-03-26T12:58:00","date_gmt":"2022-03-26T15:58:00","guid":{"rendered":"http:\/\/bohngass.com.br\/?p=1435"},"modified":"2022-03-30T13:02:39","modified_gmt":"2022-03-30T16:02:39","slug":"plenarias-em-sao-luiz-gonzaga-e-santa-rosa-reforcam-a-organizacao-e-luta-do-pt","status":"publish","type":"post","link":"https:\/\/bohngass.com.br\/?p=1435","title":{"rendered":"Plen\u00e1rias em S\u00e3o Luiz Gonzaga e Santa Rosa refor\u00e7am a organiza\u00e7\u00e3o e luta do PT"},"content":{"rendered":"\n<p>Nosso s\u00e1bado foi dedicado a atividade partid\u00e1ria. Come\u00e7amos o dia em S\u00e3o Luiz Gonzaga, participando da Plen\u00e1ria Regional das Miss\u00f5es, na sede do Sindicato dos Banc\u00e1rios. <\/p>\n\n\n\n<p>Depois estivemos \u00e0s margens do Rio Uruguai, em Porto Lucena, para encontrar apoiadores do nosso mandato.Encerramos o dia em Santa Rosa, na Plen\u00e1ria Regional do PT Fronteira Noroeste, realizada no Sindicato dos Comerci\u00e1rios.<\/p>\n\n\n\n<p>Em todas as atividades conversamos sobre a conjuntura pol\u00edtica e os desafios do campo democr\u00e1tico e popular para os pr\u00f3ximos meses. Bem como a necessidade de mobilizar nossa milit\u00e2ncia desde j\u00e1, para organizar em cada cidade do RS, um ou mais comit\u00eas populares para trabalhar pela retomada da democracia e do desenvolvimento sustent\u00e1vel com distribui\u00e7\u00e3o de renda e pol\u00edticas p\u00fablicas para quem mais precisa.<\/p>\n\n\n\n<figure class=\"wp-block-image size-large\"><img loading=\"lazy\" decoding=\"async\" width=\"1024\" height=\"576\" src=\"https:\/\/bohngass.com.br\/wp-content\/uploads\/2022\/03\/Sao-Luiz-Gonzaga-02-1024x576.jpg\" alt=\"\" class=\"wp-image-1436\" srcset=\"https:\/\/bohngass.com.br\/wp-content\/uploads\/2022\/03\/Sao-Luiz-Gonzaga-02-1024x576.jpg 1024w, https:\/\/bohngass.com.br\/wp-content\/uploads\/2022\/03\/Sao-Luiz-Gonzaga-02-300x169.jpg 300w, https:\/\/bohngass.com.br\/wp-content\/uploads\/2022\/03\/Sao-Luiz-Gonzaga-02-768x432.jpg 768w, https:\/\/bohngass.com.br\/wp-content\/uploads\/2022\/03\/Sao-Luiz-Gonzaga-02-1536x864.jpg 1536w, https:\/\/bohngass.com.br\/wp-content\/uploads\/2022\/03\/Sao-Luiz-Gonzaga-02.jpg 1600w\" sizes=\"auto, (max-width: 1024px) 100vw, 1024px\" \/><figcaption>S\u00e3o Luiz Gonzaga<\/figcaption><\/figure>\n\n\n\n<figure class=\"wp-block-image size-large\"><img loading=\"lazy\" decoding=\"async\" width=\"1024\" height=\"768\" src=\"https:\/\/bohngass.com.br\/wp-content\/uploads\/2022\/03\/santa-rosa-1024x768.jpg\" alt=\"\" class=\"wp-image-1438\" srcset=\"https:\/\/bohngass.com.br\/wp-content\/uploads\/2022\/03\/santa-rosa-1024x768.jpg 1024w, https:\/\/bohngass.com.br\/wp-content\/uploads\/2022\/03\/santa-rosa-300x225.jpg 300w, https:\/\/bohngass.com.br\/wp-content\/uploads\/2022\/03\/santa-rosa-768x576.jpg 768w, https:\/\/bohngass.com.br\/wp-content\/uploads\/2022\/03\/santa-rosa-1536x1152.jpg 1536w, https:\/\/bohngass.com.br\/wp-content\/uploads\/2022\/03\/santa-rosa.jpg 1600w\" sizes=\"auto, (max-width: 1024px) 100vw, 1024px\" \/><figcaption>Santa Rosa<\/figcaption><\/figure>\n\n\n\n<figure class=\"wp-block-image size-large\"><img loading=\"lazy\" decoding=\"async\" width=\"1024\" height=\"769\" src=\"https:\/\/bohngass.com.br\/wp-content\/uploads\/2022\/03\/porto-lucena-1024x769.jpg\" alt=\"\" class=\"wp-image-1439\" srcset=\"https:\/\/bohngass.com.br\/wp-content\/uploads\/2022\/03\/porto-lucena-1024x769.jpg 1024w, https:\/\/bohngass.com.br\/wp-content\/uploads\/2022\/03\/porto-lucena-300x225.jpg 300w, https:\/\/bohngass.com.br\/wp-content\/uploads\/2022\/03\/porto-lucena-768x577.jpg 768w, https:\/\/bohngass.com.br\/wp-content\/uploads\/2022\/03\/porto-lucena.jpg 1156w\" sizes=\"auto, (max-width: 1024px) 100vw, 1024px\" \/><figcaption>Porto Lucena<\/figcaption><\/figure>\n","protected":false},"excerpt":{"rendered":"<p>Nosso s\u00e1bado foi dedicado a atividade partid\u00e1ria. Come\u00e7amos o dia em S\u00e3o Luiz Gonzaga, participando da Plen\u00e1ria Regional das Miss\u00f5es, na sede do Sindicato dos Banc\u00e1rios. Depois estivemos \u00e0s margens do Rio Uruguai, em Porto Lucena, para encontrar apoiadores do nosso mandato.Encerramos o dia em Santa Rosa, na Plen\u00e1ria Regional do PT Fronteira Noroeste, realizada [&hellip;]<\/p>\n","protected":false},"author":1,"featured_media":1437,"comment_status":"open","ping_status":"open","sticky":false,"template":"","format":"standard","meta":{"footnotes":""},"categories":[41,110,49,639],"tags":[782,785,784,783,77,719,781,698],"class_list":["post-1435","post","type-post","status-publish","format-standard","has-post-thumbnail","hentry","category-agricultura-familiar","category-partido-dos-trabalhadores","category-rio-grande-do-sul","category-roteiro","tag-comites-populares","tag-missoes","tag-plenaria","tag-porto-lucena","tag-pt","tag-roteiro-bohn-gass","tag-santa-rosa","tag-sao-luiz-gonzaga"],"yoast_head":"<!-- This site is optimized with the Yoast SEO plugin v27.4 - https:\/\/yoast.com\/product\/yoast-seo-wordpress\/ -->\n<title>Plen\u00e1rias em S\u00e3o Luiz Gonzaga e Santa Rosa refor\u00e7am a organiza\u00e7\u00e3o e luta do PT - Deputado Federal Bohn Gass \u2605 PT\/RS<\/title>\n<meta name=\"robots\" content=\"index, follow, max-snippet:-1, max-image-preview:large, max-video-preview:-1\" \/>\n<link rel=\"canonical\" href=\"https:\/\/bohngass.com.br\/?p=1435\" \/>\n<meta property=\"og:locale\" content=\"pt_BR\" \/>\n<meta property=\"og:type\" content=\"article\" \/>\n<meta property=\"og:title\" content=\"Plen\u00e1rias em S\u00e3o Luiz Gonzaga e Santa Rosa refor\u00e7am a organiza\u00e7\u00e3o e luta do PT - Deputado Federal Bohn Gass \u2605 PT\/RS\" \/>\n<meta property=\"og:description\" content=\"Nosso s\u00e1bado foi dedicado a atividade partid\u00e1ria. Come\u00e7amos o dia em S\u00e3o Luiz Gonzaga, participando da Plen\u00e1ria Regional das Miss\u00f5es, na sede do Sindicato dos Banc\u00e1rios. Depois estivemos \u00e0s margens do Rio Uruguai, em Porto Lucena, para encontrar apoiadores do nosso mandato.Encerramos o dia em Santa Rosa, na Plen\u00e1ria Regional do PT Fronteira Noroeste, realizada [&hellip;]\" \/>\n<meta property=\"og:url\" content=\"https:\/\/bohngass.com.br\/?p=1435\" \/>\n<meta property=\"og:site_name\" content=\"Deputado Federal Bohn Gass \u2605 PT\/RS\" \/>\n<meta property=\"article:publisher\" content=\"https:\/\/www.facebook.com\/bohngass13\" \/>\n<meta property=\"article:published_time\" content=\"2022-03-26T15:58:00+00:00\" \/>\n<meta property=\"article:modified_time\" content=\"2022-03-30T16:02:39+00:00\" \/>\n<meta property=\"og:image\" content=\"https:\/\/bohngass.com.br\/wp-content\/uploads\/2022\/03\/santa-rosa-02.jpg\" \/>\n\t<meta property=\"og:image:width\" content=\"1600\" \/>\n\t<meta property=\"og:image:height\" content=\"1200\" \/>\n\t<meta property=\"og:image:type\" content=\"image\/jpeg\" \/>\n<meta name=\"author\" content=\"admin\" \/>\n<meta name=\"twitter:card\" content=\"summary_large_image\" \/>\n<meta name=\"twitter:creator\" content=\"@BohnGass\" \/>\n<meta name=\"twitter:site\" content=\"@BohnGass\" \/>\n<meta name=\"twitter:label1\" content=\"Escrito por\" \/>\n\t<meta name=\"twitter:data1\" content=\"admin\" \/>\n\t<meta name=\"twitter:label2\" content=\"Est. tempo de leitura\" \/>\n\t<meta name=\"twitter:data2\" content=\"2 minutos\" \/>\n<script type=\"application\/ld+json\" class=\"yoast-schema-graph\">{\"@context\":\"https:\\\/\\\/schema.org\",\"@graph\":[{\"@type\":\"Article\",\"@id\":\"https:\\\/\\\/bohngass.com.br\\\/?p=1435#article\",\"isPartOf\":{\"@id\":\"https:\\\/\\\/bohngass.com.br\\\/?p=1435\"},\"author\":{\"name\":\"admin\",\"@id\":\"https:\\\/\\\/bohngass.com.br\\\/#\\\/schema\\\/person\\\/73f139d814ad08afd66e56929f99d4d6\"},\"headline\":\"Plen\u00e1rias em S\u00e3o Luiz Gonzaga e Santa Rosa refor\u00e7am a organiza\u00e7\u00e3o e luta do PT\",\"datePublished\":\"2022-03-26T15:58:00+00:00\",\"dateModified\":\"2022-03-30T16:02:39+00:00\",\"mainEntityOfPage\":{\"@id\":\"https:\\\/\\\/bohngass.com.br\\\/?p=1435\"},\"wordCount\":169,\"commentCount\":0,\"publisher\":{\"@id\":\"https:\\\/\\\/bohngass.com.br\\\/#organization\"},\"image\":{\"@id\":\"https:\\\/\\\/bohngass.com.br\\\/?p=1435#primaryimage\"},\"thumbnailUrl\":\"https:\\\/\\\/bohngass.com.br\\\/wp-content\\\/uploads\\\/2022\\\/03\\\/santa-rosa-02.jpg\",\"keywords\":[\"comit\u00eas populares\",\"miss\u00f5es\",\"plen\u00e1ria\",\"porto lucena\",\"PT\",\"roteiro bohn gass\",\"santa rosa\",\"s\u00e3o luiz gonzaga\"],\"articleSection\":[\"Agricultura Familiar\",\"Partido dos Trabalhadores\",\"Rio Grande do Sul\",\"Roteiro\"],\"inLanguage\":\"pt-BR\",\"potentialAction\":[{\"@type\":\"CommentAction\",\"name\":\"Comment\",\"target\":[\"https:\\\/\\\/bohngass.com.br\\\/?p=1435#respond\"]}]},{\"@type\":\"WebPage\",\"@id\":\"https:\\\/\\\/bohngass.com.br\\\/?p=1435\",\"url\":\"https:\\\/\\\/bohngass.com.br\\\/?p=1435\",\"name\":\"Plen\u00e1rias em S\u00e3o Luiz Gonzaga e Santa Rosa refor\u00e7am a organiza\u00e7\u00e3o e luta do PT - Deputado Federal Bohn Gass \u2605 PT\\\/RS\",\"isPartOf\":{\"@id\":\"https:\\\/\\\/bohngass.com.br\\\/#website\"},\"primaryImageOfPage\":{\"@id\":\"https:\\\/\\\/bohngass.com.br\\\/?p=1435#primaryimage\"},\"image\":{\"@id\":\"https:\\\/\\\/bohngass.com.br\\\/?p=1435#primaryimage\"},\"thumbnailUrl\":\"https:\\\/\\\/bohngass.com.br\\\/wp-content\\\/uploads\\\/2022\\\/03\\\/santa-rosa-02.jpg\",\"datePublished\":\"2022-03-26T15:58:00+00:00\",\"dateModified\":\"2022-03-30T16:02:39+00:00\",\"breadcrumb\":{\"@id\":\"https:\\\/\\\/bohngass.com.br\\\/?p=1435#breadcrumb\"},\"inLanguage\":\"pt-BR\",\"potentialAction\":[{\"@type\":\"ReadAction\",\"target\":[\"https:\\\/\\\/bohngass.com.br\\\/?p=1435\"]}]},{\"@type\":\"ImageObject\",\"inLanguage\":\"pt-BR\",\"@id\":\"https:\\\/\\\/bohngass.com.br\\\/?p=1435#primaryimage\",\"url\":\"https:\\\/\\\/bohngass.com.br\\\/wp-content\\\/uploads\\\/2022\\\/03\\\/santa-rosa-02.jpg\",\"contentUrl\":\"https:\\\/\\\/bohngass.com.br\\\/wp-content\\\/uploads\\\/2022\\\/03\\\/santa-rosa-02.jpg\",\"width\":1600,\"height\":1200},{\"@type\":\"BreadcrumbList\",\"@id\":\"https:\\\/\\\/bohngass.com.br\\\/?p=1435#breadcrumb\",\"itemListElement\":[{\"@type\":\"ListItem\",\"position\":1,\"name\":\"In\u00edcio\",\"item\":\"https:\\\/\\\/bohngass.com.br\\\/\"},{\"@type\":\"ListItem\",\"position\":2,\"name\":\"Plen\u00e1rias em S\u00e3o Luiz Gonzaga e Santa Rosa refor\u00e7am a organiza\u00e7\u00e3o e luta do PT\"}]},{\"@type\":\"WebSite\",\"@id\":\"https:\\\/\\\/bohngass.com.br\\\/#website\",\"url\":\"https:\\\/\\\/bohngass.com.br\\\/\",\"name\":\"Deputado Federal Bohn Gass \u2605 PT\\\/RS\",\"description\":\"Deputado Federal Bohn Gass\",\"publisher\":{\"@id\":\"https:\\\/\\\/bohngass.com.br\\\/#organization\"},\"potentialAction\":[{\"@type\":\"SearchAction\",\"target\":{\"@type\":\"EntryPoint\",\"urlTemplate\":\"https:\\\/\\\/bohngass.com.br\\\/?s={search_term_string}\"},\"query-input\":{\"@type\":\"PropertyValueSpecification\",\"valueRequired\":true,\"valueName\":\"search_term_string\"}}],\"inLanguage\":\"pt-BR\"},{\"@type\":\"Organization\",\"@id\":\"https:\\\/\\\/bohngass.com.br\\\/#organization\",\"name\":\"Deputado Bohn Gass\",\"url\":\"https:\\\/\\\/bohngass.com.br\\\/\",\"logo\":{\"@type\":\"ImageObject\",\"inLanguage\":\"pt-BR\",\"@id\":\"https:\\\/\\\/bohngass.com.br\\\/#\\\/schema\\\/logo\\\/image\\\/\",\"url\":\"http:\\\/\\\/bohngass.com.br\\\/wp-content\\\/uploads\\\/2021\\\/01\\\/logo.png\",\"contentUrl\":\"http:\\\/\\\/bohngass.com.br\\\/wp-content\\\/uploads\\\/2021\\\/01\\\/logo.png\",\"width\":357,\"height\":355,\"caption\":\"Deputado Bohn Gass\"},\"image\":{\"@id\":\"https:\\\/\\\/bohngass.com.br\\\/#\\\/schema\\\/logo\\\/image\\\/\"},\"sameAs\":[\"https:\\\/\\\/www.facebook.com\\\/bohngass13\",\"https:\\\/\\\/x.com\\\/BohnGass\",\"https:\\\/\\\/www.instagram.com\\\/bohn_gass\\\/\",\"https:\\\/\\\/www.youtube.com\\\/BohnGass13\\\/\",\"https:\\\/\\\/pt.wikipedia.org\\\/wiki\\\/Bohn_Gass\"]},{\"@type\":\"Person\",\"@id\":\"https:\\\/\\\/bohngass.com.br\\\/#\\\/schema\\\/person\\\/73f139d814ad08afd66e56929f99d4d6\",\"name\":\"admin\",\"image\":{\"@type\":\"ImageObject\",\"inLanguage\":\"pt-BR\",\"@id\":\"https:\\\/\\\/bohngass.com.br\\\/wp-content\\\/litespeed\\\/avatar\\\/46d26e448dfe42e49944850c1affc8d8.jpg?ver=1777227068\",\"url\":\"https:\\\/\\\/bohngass.com.br\\\/wp-content\\\/litespeed\\\/avatar\\\/46d26e448dfe42e49944850c1affc8d8.jpg?ver=1777227068\",\"contentUrl\":\"https:\\\/\\\/bohngass.com.br\\\/wp-content\\\/litespeed\\\/avatar\\\/46d26e448dfe42e49944850c1affc8d8.jpg?ver=1777227068\",\"caption\":\"admin\"},\"sameAs\":[\"http:\\\/\\\/www2.bohngass.com.br\"]}]}<\/script>\n<!-- \/ Yoast SEO plugin. -->","yoast_head_json":{"title":"Plen\u00e1rias em S\u00e3o Luiz Gonzaga e Santa Rosa refor\u00e7am a organiza\u00e7\u00e3o e luta do PT - Deputado Federal Bohn Gass \u2605 PT\/RS","robots":{"index":"index","follow":"follow","max-snippet":"max-snippet:-1","max-image-preview":"max-image-preview:large","max-video-preview":"max-video-preview:-1"},"canonical":"https:\/\/bohngass.com.br\/?p=1435","og_locale":"pt_BR","og_type":"article","og_title":"Plen\u00e1rias em S\u00e3o Luiz Gonzaga e Santa Rosa refor\u00e7am a organiza\u00e7\u00e3o e luta do PT - Deputado Federal Bohn Gass \u2605 PT\/RS","og_description":"Nosso s\u00e1bado foi dedicado a atividade partid\u00e1ria. Come\u00e7amos o dia em S\u00e3o Luiz Gonzaga, participando da Plen\u00e1ria Regional das Miss\u00f5es, na sede do Sindicato dos Banc\u00e1rios. Depois estivemos \u00e0s margens do Rio Uruguai, em Porto Lucena, para encontrar apoiadores do nosso mandato.Encerramos o dia em Santa Rosa, na Plen\u00e1ria Regional do PT Fronteira Noroeste, realizada [&hellip;]","og_url":"https:\/\/bohngass.com.br\/?p=1435","og_site_name":"Deputado Federal Bohn Gass \u2605 PT\/RS","article_publisher":"https:\/\/www.facebook.com\/bohngass13","article_published_time":"2022-03-26T15:58:00+00:00","article_modified_time":"2022-03-30T16:02:39+00:00","og_image":[{"width":1600,"height":1200,"url":"https:\/\/bohngass.com.br\/wp-content\/uploads\/2022\/03\/santa-rosa-02.jpg","type":"image\/jpeg"}],"author":"admin","twitter_card":"summary_large_image","twitter_creator":"@BohnGass","twitter_site":"@BohnGass","twitter_misc":{"Escrito por":"admin","Est. tempo de leitura":"2 minutos"},"schema":{"@context":"https:\/\/schema.org","@graph":[{"@type":"Article","@id":"https:\/\/bohngass.com.br\/?p=1435#article","isPartOf":{"@id":"https:\/\/bohngass.com.br\/?p=1435"},"author":{"name":"admin","@id":"https:\/\/bohngass.com.br\/#\/schema\/person\/73f139d814ad08afd66e56929f99d4d6"},"headline":"Plen\u00e1rias em S\u00e3o Luiz Gonzaga e Santa Rosa refor\u00e7am a organiza\u00e7\u00e3o e luta do PT","datePublished":"2022-03-26T15:58:00+00:00","dateModified":"2022-03-30T16:02:39+00:00","mainEntityOfPage":{"@id":"https:\/\/bohngass.com.br\/?p=1435"},"wordCount":169,"commentCount":0,"publisher":{"@id":"https:\/\/bohngass.com.br\/#organization"},"image":{"@id":"https:\/\/bohngass.com.br\/?p=1435#primaryimage"},"thumbnailUrl":"https:\/\/bohngass.com.br\/wp-content\/uploads\/2022\/03\/santa-rosa-02.jpg","keywords":["comit\u00eas populares","miss\u00f5es","plen\u00e1ria","porto lucena","PT","roteiro bohn gass","santa rosa","s\u00e3o luiz gonzaga"],"articleSection":["Agricultura Familiar","Partido dos Trabalhadores","Rio Grande do Sul","Roteiro"],"inLanguage":"pt-BR","potentialAction":[{"@type":"CommentAction","name":"Comment","target":["https:\/\/bohngass.com.br\/?p=1435#respond"]}]},{"@type":"WebPage","@id":"https:\/\/bohngass.com.br\/?p=1435","url":"https:\/\/bohngass.com.br\/?p=1435","name":"Plen\u00e1rias em S\u00e3o Luiz Gonzaga e Santa Rosa refor\u00e7am a organiza\u00e7\u00e3o e luta do PT - Deputado Federal Bohn Gass \u2605 PT\/RS","isPartOf":{"@id":"https:\/\/bohngass.com.br\/#website"},"primaryImageOfPage":{"@id":"https:\/\/bohngass.com.br\/?p=1435#primaryimage"},"image":{"@id":"https:\/\/bohngass.com.br\/?p=1435#primaryimage"},"thumbnailUrl":"https:\/\/bohngass.com.br\/wp-content\/uploads\/2022\/03\/santa-rosa-02.jpg","datePublished":"2022-03-26T15:58:00+00:00","dateModified":"2022-03-30T16:02:39+00:00","breadcrumb":{"@id":"https:\/\/bohngass.com.br\/?p=1435#breadcrumb"},"inLanguage":"pt-BR","potentialAction":[{"@type":"ReadAction","target":["https:\/\/bohngass.com.br\/?p=1435"]}]},{"@type":"ImageObject","inLanguage":"pt-BR","@id":"https:\/\/bohngass.com.br\/?p=1435#primaryimage","url":"https:\/\/bohngass.com.br\/wp-content\/uploads\/2022\/03\/santa-rosa-02.jpg","contentUrl":"https:\/\/bohngass.com.br\/wp-content\/uploads\/2022\/03\/santa-rosa-02.jpg","width":1600,"height":1200},{"@type":"BreadcrumbList","@id":"https:\/\/bohngass.com.br\/?p=1435#breadcrumb","itemListElement":[{"@type":"ListItem","position":1,"name":"In\u00edcio","item":"https:\/\/bohngass.com.br\/"},{"@type":"ListItem","position":2,"name":"Plen\u00e1rias em S\u00e3o Luiz Gonzaga e Santa Rosa refor\u00e7am a organiza\u00e7\u00e3o e luta do PT"}]},{"@type":"WebSite","@id":"https:\/\/bohngass.com.br\/#website","url":"https:\/\/bohngass.com.br\/","name":"Deputado Federal Bohn Gass \u2605 PT\/RS","description":"Deputado Federal Bohn Gass","publisher":{"@id":"https:\/\/bohngass.com.br\/#organization"},"potentialAction":[{"@type":"SearchAction","target":{"@type":"EntryPoint","urlTemplate":"https:\/\/bohngass.com.br\/?s={search_term_string}"},"query-input":{"@type":"PropertyValueSpecification","valueRequired":true,"valueName":"search_term_string"}}],"inLanguage":"pt-BR"},{"@type":"Organization","@id":"https:\/\/bohngass.com.br\/#organization","name":"Deputado Bohn Gass","url":"https:\/\/bohngass.com.br\/","logo":{"@type":"ImageObject","inLanguage":"pt-BR","@id":"https:\/\/bohngass.com.br\/#\/schema\/logo\/image\/","url":"http:\/\/bohngass.com.br\/wp-content\/uploads\/2021\/01\/logo.png","contentUrl":"http:\/\/bohngass.com.br\/wp-content\/uploads\/2021\/01\/logo.png","width":357,"height":355,"caption":"Deputado Bohn Gass"},"image":{"@id":"https:\/\/bohngass.com.br\/#\/schema\/logo\/image\/"},"sameAs":["https:\/\/www.facebook.com\/bohngass13","https:\/\/x.com\/BohnGass","https:\/\/www.instagram.com\/bohn_gass\/","https:\/\/www.youtube.com\/BohnGass13\/","https:\/\/pt.wikipedia.org\/wiki\/Bohn_Gass"]},{"@type":"Person","@id":"https:\/\/bohngass.com.br\/#\/schema\/person\/73f139d814ad08afd66e56929f99d4d6","name":"admin","image":{"@type":"ImageObject","inLanguage":"pt-BR","@id":"https:\/\/bohngass.com.br\/wp-content\/litespeed\/avatar\/46d26e448dfe42e49944850c1affc8d8.jpg?ver=1777227068","url":"https:\/\/bohngass.com.br\/wp-content\/litespeed\/avatar\/46d26e448dfe42e49944850c1affc8d8.jpg?ver=1777227068","contentUrl":"https:\/\/bohngass.com.br\/wp-content\/litespeed\/avatar\/46d26e448dfe42e49944850c1affc8d8.jpg?ver=1777227068","caption":"admin"},"sameAs":["http:\/\/www2.bohngass.com.br"]}]}},"_links":{"self":[{"href":"https:\/\/bohngass.com.br\/index.php?rest_route=\/wp\/v2\/posts\/1435","targetHints":{"allow":["GET"]}}],"collection":[{"href":"https:\/\/bohngass.com.br\/index.php?rest_route=\/wp\/v2\/posts"}],"about":[{"href":"https:\/\/bohngass.com.br\/index.php?rest_route=\/wp\/v2\/types\/post"}],"author":[{"embeddable":true,"href":"https:\/\/bohngass.com.br\/index.php?rest_route=\/wp\/v2\/users\/1"}],"replies":[{"embeddable":true,"href":"https:\/\/bohngass.com.br\/index.php?rest_route=%2Fwp%2Fv2%2Fcomments&post=1435"}],"version-history":[{"count":0,"href":"https:\/\/bohngass.com.br\/index.php?rest_route=\/wp\/v2\/posts\/1435\/revisions"}],"wp:featuredmedia":[{"embeddable":true,"href":"https:\/\/bohngass.com.br\/index.php?rest_route=\/wp\/v2\/media\/1437"}],"wp:attachment":[{"href":"https:\/\/bohngass.com.br\/index.php?rest_route=%2Fwp%2Fv2%2Fmedia&parent=1435"}],"wp:term":[{"taxonomy":"category","embeddable":true,"href":"https:\/\/bohngass.com.br\/index.php?rest_route=%2Fwp%2Fv2%2Fcategories&post=1435"},{"taxonomy":"post_tag","embeddable":true,"href":"https:\/\/bohngass.com.br\/index.php?rest_route=%2Fwp%2Fv2%2Ftags&post=1435"}],"curies":[{"name":"wp","href":"https:\/\/api.w.org\/{rel}","templated":true}]}}