{"id":1559,"date":"2022-04-22T11:28:00","date_gmt":"2022-04-22T14:28:00","guid":{"rendered":"http:\/\/bohngass.com.br\/?p=1559"},"modified":"2022-04-25T11:42:14","modified_gmt":"2022-04-25T14:42:14","slug":"bohn-gass-visita-empreendimentos-comunitarios-em-teutonia","status":"publish","type":"post","link":"https:\/\/bohngass.com.br\/?p=1559","title":{"rendered":"Bohn Gass visita empreendimentos comunit\u00e1rios em Teut\u00f4nia"},"content":{"rendered":"\n<p>Passei toda a manh\u00e3 desta sexta-feira (22), em Teut\u00f4nia. Comecei na prefeitura onde fui recebido pelo prefeito Celso Forneck. Depois fui conhecer um projeto muito inspirador, a Horta Comunit\u00e1ria da Comunidade Evang\u00e9lica Luterana Redentor. Um projeto que al\u00e9m de produzir alimentos saud\u00e1veis, associa o trabalho na terra a uma nova cultura alimentar que valoriza a diversidade de plantas e sabores e vai muito al\u00e9m das escolhas convencionais. Conversei bastante com a Pastora Cristiane Echelmeier, uma das lideran\u00e7as do projeto. Organizado no Bairro Canabarro, a iniciativa ajudou a evitar a fome e a desnutri\u00e7\u00e3o principalmente das crian\u00e7as das comunidades em vulnerabilidade social.<\/p>\n\n\n\n<p>Depois fui visitar o Entreposto de Mel Auro Kich, sede da Associa\u00e7\u00e3o Teutoniense de Apicultores, constru\u00eddo com recursos de emenda parlamentar do nosso mandato. Fui recebido pelo presidente Adilson Cord e conversei com um grupo de produtores de mel. Al\u00e9m do mel, a apicultura hoje extrai diversos outros produtos como o pr\u00f3polis, a cera, o p\u00f3len e a gel\u00e9ia real. Eu mesmo fa\u00e7o uso medicinal de pr\u00f3polis e do p\u00f3len. Fiquei muito feliz em saber que meu velho companheiro Auro Koch foi homenageado dando nome a sede.<\/p>\n\n\n\n<p>Tamb\u00e9m n\u00e3o poderia deixar de fazer uma visita \u00e0 presidenta do Sindicato dos Trabalhadores Rurais de Teut\u00f4nia e Westf\u00e1lia, Liane Brackmann. Foi acompanhado dela que fui recebido pelo presidente da Cooperativa Languir\u00fa, Dirceu Bayer. L\u00e1 na sede ele me entregou um exemplar do livro de sua autoria que conta a hist\u00f3ria desta cooperativa t\u00e3o emblem\u00e1tica para toda a regi\u00e3o. Conversamos sobre as dificuldades do setor diante da p\u00e9ssima gest\u00e3o econ\u00f4mica do pa\u00eds e o fim das pol\u00edticas de est\u00edmulo \u00e0 produ\u00e7\u00e3o.<\/p>\n\n\n\n<p>Para concluir o roteiro em Teut\u00f4nia, reuni com parte da dire\u00e7\u00e3o da Cooperativa Agroindustrial S\u00e3o Jac\u00f3, outra agroind\u00fastria com uma longa hist\u00f3ria de quase 40 anos. Assisti a uma apresenta\u00e7\u00e3o que contou isso e mostrou um experi\u00eancia que deu certo, envolveu um conjunto de fam\u00edlias e propriedades na articula\u00e7\u00e3o de uma cadeia produtiva, com um impacto econ\u00f4mico muito positivo para a Regi\u00e3o. Mais uma vez, na conversa, as dificuldades criadas pelo atual governo e a aus\u00eancia de uma pol\u00edtica de desenvolvimento adequada ao setor das cooperativas.<\/p>\n\n\n\n<div class=\"wp-block-columns is-layout-flex wp-container-core-columns-is-layout-9d6595d7 wp-block-columns-is-layout-flex\">\n<div class=\"wp-block-column is-layout-flow wp-block-column-is-layout-flow\">\n<figure class=\"wp-block-image size-full is-style-default\"><img loading=\"lazy\" decoding=\"async\" width=\"720\" height=\"960\" src=\"https:\/\/bohngass.com.br\/wp-content\/uploads\/2022\/04\/teutonia_01.jpg\" alt=\"\" class=\"wp-image-1560\" srcset=\"https:\/\/bohngass.com.br\/wp-content\/uploads\/2022\/04\/teutonia_01.jpg 720w, https:\/\/bohngass.com.br\/wp-content\/uploads\/2022\/04\/teutonia_01-225x300.jpg 225w\" sizes=\"auto, (max-width: 720px) 100vw, 720px\" \/><\/figure>\n<\/div>\n\n\n\n<div class=\"wp-block-column is-layout-flow wp-block-column-is-layout-flow\">\n<figure class=\"wp-block-image size-full is-style-default\"><img loading=\"lazy\" decoding=\"async\" width=\"720\" height=\"960\" src=\"https:\/\/bohngass.com.br\/wp-content\/uploads\/2022\/04\/teutonia_02.jpg\" alt=\"\" class=\"wp-image-1561\" srcset=\"https:\/\/bohngass.com.br\/wp-content\/uploads\/2022\/04\/teutonia_02.jpg 720w, https:\/\/bohngass.com.br\/wp-content\/uploads\/2022\/04\/teutonia_02-225x300.jpg 225w\" sizes=\"auto, (max-width: 720px) 100vw, 720px\" \/><\/figure>\n<\/div>\n\n\n\n<div class=\"wp-block-column is-layout-flow wp-block-column-is-layout-flow\"><\/div>\n<\/div>\n\n\n\n<div class=\"wp-block-columns is-layout-flex wp-container-core-columns-is-layout-9d6595d7 wp-block-columns-is-layout-flex\">\n<div class=\"wp-block-column is-layout-flow wp-block-column-is-layout-flow\">\n<figure class=\"wp-block-image size-full is-style-default\"><img loading=\"lazy\" decoding=\"async\" width=\"960\" height=\"720\" src=\"https:\/\/bohngass.com.br\/wp-content\/uploads\/2022\/04\/teutonia_03.jpg\" alt=\"\" class=\"wp-image-1562\" srcset=\"https:\/\/bohngass.com.br\/wp-content\/uploads\/2022\/04\/teutonia_03.jpg 960w, https:\/\/bohngass.com.br\/wp-content\/uploads\/2022\/04\/teutonia_03-300x225.jpg 300w, https:\/\/bohngass.com.br\/wp-content\/uploads\/2022\/04\/teutonia_03-768x576.jpg 768w\" sizes=\"auto, (max-width: 960px) 100vw, 960px\" \/><\/figure>\n<\/div>\n\n\n\n<div class=\"wp-block-column is-layout-flow wp-block-column-is-layout-flow\">\n<figure class=\"wp-block-image size-full is-style-default\"><img loading=\"lazy\" decoding=\"async\" width=\"960\" height=\"720\" src=\"https:\/\/bohngass.com.br\/wp-content\/uploads\/2022\/04\/teutonia_04.jpg\" alt=\"\" class=\"wp-image-1563\" srcset=\"https:\/\/bohngass.com.br\/wp-content\/uploads\/2022\/04\/teutonia_04.jpg 960w, https:\/\/bohngass.com.br\/wp-content\/uploads\/2022\/04\/teutonia_04-300x225.jpg 300w, https:\/\/bohngass.com.br\/wp-content\/uploads\/2022\/04\/teutonia_04-768x576.jpg 768w\" sizes=\"auto, (max-width: 960px) 100vw, 960px\" \/><\/figure>\n<\/div>\n<\/div>\n","protected":false},"excerpt":{"rendered":"<p>Passei toda a manh\u00e3 desta sexta-feira (22), em Teut\u00f4nia. Comecei na prefeitura onde fui recebido pelo prefeito Celso Forneck. Depois fui conhecer um projeto muito inspirador, a Horta Comunit\u00e1ria da Comunidade Evang\u00e9lica Luterana Redentor. Um projeto que al\u00e9m de produzir alimentos saud\u00e1veis, associa o trabalho na terra a uma nova cultura alimentar que valoriza a [&hellip;]<\/p>\n","protected":false},"author":1,"featured_media":1564,"comment_status":"open","ping_status":"open","sticky":false,"template":"","format":"standard","meta":{"footnotes":""},"categories":[41,842,639],"tags":[36,847,846,843,844,502,746,845],"class_list":["post-1559","post","type-post","status-publish","format-standard","has-post-thumbnail","hentry","category-agricultura-familiar","category-cooperativa","category-roteiro","tag-agricultura-familiar","tag-agroindustria","tag-comida-saudavel","tag-cooperativa","tag-horta-comunitaria","tag-livro","tag-roteiros-bohn-gass","tag-teutonia"],"yoast_head":"<!-- This site is optimized with the Yoast SEO plugin v27.4 - https:\/\/yoast.com\/product\/yoast-seo-wordpress\/ -->\n<title>Bohn Gass visita empreendimentos comunit\u00e1rios em Teut\u00f4nia - Deputado Federal Bohn Gass \u2605 PT\/RS<\/title>\n<meta name=\"robots\" content=\"index, follow, max-snippet:-1, max-image-preview:large, max-video-preview:-1\" \/>\n<link rel=\"canonical\" href=\"https:\/\/bohngass.com.br\/?p=1559\" \/>\n<meta property=\"og:locale\" content=\"pt_BR\" \/>\n<meta property=\"og:type\" content=\"article\" \/>\n<meta property=\"og:title\" content=\"Bohn Gass visita empreendimentos comunit\u00e1rios em Teut\u00f4nia - Deputado Federal Bohn Gass \u2605 PT\/RS\" \/>\n<meta property=\"og:description\" content=\"Passei toda a manh\u00e3 desta sexta-feira (22), em Teut\u00f4nia. Comecei na prefeitura onde fui recebido pelo prefeito Celso Forneck. Depois fui conhecer um projeto muito inspirador, a Horta Comunit\u00e1ria da Comunidade Evang\u00e9lica Luterana Redentor. Um projeto que al\u00e9m de produzir alimentos saud\u00e1veis, associa o trabalho na terra a uma nova cultura alimentar que valoriza a [&hellip;]\" \/>\n<meta property=\"og:url\" content=\"https:\/\/bohngass.com.br\/?p=1559\" \/>\n<meta property=\"og:site_name\" content=\"Deputado Federal Bohn Gass \u2605 PT\/RS\" \/>\n<meta property=\"article:publisher\" content=\"https:\/\/www.facebook.com\/bohngass13\" \/>\n<meta property=\"article:published_time\" content=\"2022-04-22T14:28:00+00:00\" \/>\n<meta property=\"article:modified_time\" content=\"2022-04-25T14:42:14+00:00\" \/>\n<meta property=\"og:image\" content=\"https:\/\/bohngass.com.br\/wp-content\/uploads\/2022\/04\/teutonia_05.jpg\" \/>\n\t<meta property=\"og:image:width\" content=\"960\" \/>\n\t<meta property=\"og:image:height\" content=\"720\" \/>\n\t<meta property=\"og:image:type\" content=\"image\/jpeg\" \/>\n<meta name=\"author\" content=\"admin\" \/>\n<meta name=\"twitter:card\" content=\"summary_large_image\" \/>\n<meta name=\"twitter:creator\" content=\"@BohnGass\" \/>\n<meta name=\"twitter:site\" content=\"@BohnGass\" \/>\n<meta name=\"twitter:label1\" content=\"Escrito por\" \/>\n\t<meta name=\"twitter:data1\" content=\"admin\" \/>\n\t<meta name=\"twitter:label2\" content=\"Est. tempo de leitura\" \/>\n\t<meta name=\"twitter:data2\" content=\"3 minutos\" \/>\n<script type=\"application\/ld+json\" class=\"yoast-schema-graph\">{\"@context\":\"https:\\\/\\\/schema.org\",\"@graph\":[{\"@type\":\"Article\",\"@id\":\"https:\\\/\\\/bohngass.com.br\\\/?p=1559#article\",\"isPartOf\":{\"@id\":\"https:\\\/\\\/bohngass.com.br\\\/?p=1559\"},\"author\":{\"name\":\"admin\",\"@id\":\"https:\\\/\\\/bohngass.com.br\\\/#\\\/schema\\\/person\\\/73f139d814ad08afd66e56929f99d4d6\"},\"headline\":\"Bohn Gass visita empreendimentos comunit\u00e1rios em Teut\u00f4nia\",\"datePublished\":\"2022-04-22T14:28:00+00:00\",\"dateModified\":\"2022-04-25T14:42:14+00:00\",\"mainEntityOfPage\":{\"@id\":\"https:\\\/\\\/bohngass.com.br\\\/?p=1559\"},\"wordCount\":406,\"commentCount\":0,\"publisher\":{\"@id\":\"https:\\\/\\\/bohngass.com.br\\\/#organization\"},\"image\":{\"@id\":\"https:\\\/\\\/bohngass.com.br\\\/?p=1559#primaryimage\"},\"thumbnailUrl\":\"https:\\\/\\\/bohngass.com.br\\\/wp-content\\\/uploads\\\/2022\\\/04\\\/teutonia_05.jpg\",\"keywords\":[\"agricultura familiar\",\"agroind\u00fastria\",\"comida saud\u00e1vel\",\"cooperativa\",\"horta comunit\u00e1ria\",\"livro\",\"roteiros bohn gass\",\"teut\u00f4nia\"],\"articleSection\":[\"Agricultura Familiar\",\"Cooperativa\",\"Roteiro\"],\"inLanguage\":\"pt-BR\",\"potentialAction\":[{\"@type\":\"CommentAction\",\"name\":\"Comment\",\"target\":[\"https:\\\/\\\/bohngass.com.br\\\/?p=1559#respond\"]}]},{\"@type\":\"WebPage\",\"@id\":\"https:\\\/\\\/bohngass.com.br\\\/?p=1559\",\"url\":\"https:\\\/\\\/bohngass.com.br\\\/?p=1559\",\"name\":\"Bohn Gass visita empreendimentos comunit\u00e1rios em Teut\u00f4nia - Deputado Federal Bohn Gass \u2605 PT\\\/RS\",\"isPartOf\":{\"@id\":\"https:\\\/\\\/bohngass.com.br\\\/#website\"},\"primaryImageOfPage\":{\"@id\":\"https:\\\/\\\/bohngass.com.br\\\/?p=1559#primaryimage\"},\"image\":{\"@id\":\"https:\\\/\\\/bohngass.com.br\\\/?p=1559#primaryimage\"},\"thumbnailUrl\":\"https:\\\/\\\/bohngass.com.br\\\/wp-content\\\/uploads\\\/2022\\\/04\\\/teutonia_05.jpg\",\"datePublished\":\"2022-04-22T14:28:00+00:00\",\"dateModified\":\"2022-04-25T14:42:14+00:00\",\"breadcrumb\":{\"@id\":\"https:\\\/\\\/bohngass.com.br\\\/?p=1559#breadcrumb\"},\"inLanguage\":\"pt-BR\",\"potentialAction\":[{\"@type\":\"ReadAction\",\"target\":[\"https:\\\/\\\/bohngass.com.br\\\/?p=1559\"]}]},{\"@type\":\"ImageObject\",\"inLanguage\":\"pt-BR\",\"@id\":\"https:\\\/\\\/bohngass.com.br\\\/?p=1559#primaryimage\",\"url\":\"https:\\\/\\\/bohngass.com.br\\\/wp-content\\\/uploads\\\/2022\\\/04\\\/teutonia_05.jpg\",\"contentUrl\":\"https:\\\/\\\/bohngass.com.br\\\/wp-content\\\/uploads\\\/2022\\\/04\\\/teutonia_05.jpg\",\"width\":960,\"height\":720},{\"@type\":\"BreadcrumbList\",\"@id\":\"https:\\\/\\\/bohngass.com.br\\\/?p=1559#breadcrumb\",\"itemListElement\":[{\"@type\":\"ListItem\",\"position\":1,\"name\":\"In\u00edcio\",\"item\":\"https:\\\/\\\/bohngass.com.br\\\/\"},{\"@type\":\"ListItem\",\"position\":2,\"name\":\"Bohn Gass visita empreendimentos comunit\u00e1rios em Teut\u00f4nia\"}]},{\"@type\":\"WebSite\",\"@id\":\"https:\\\/\\\/bohngass.com.br\\\/#website\",\"url\":\"https:\\\/\\\/bohngass.com.br\\\/\",\"name\":\"Deputado Federal Bohn Gass \u2605 PT\\\/RS\",\"description\":\"Deputado Federal Bohn Gass\",\"publisher\":{\"@id\":\"https:\\\/\\\/bohngass.com.br\\\/#organization\"},\"potentialAction\":[{\"@type\":\"SearchAction\",\"target\":{\"@type\":\"EntryPoint\",\"urlTemplate\":\"https:\\\/\\\/bohngass.com.br\\\/?s={search_term_string}\"},\"query-input\":{\"@type\":\"PropertyValueSpecification\",\"valueRequired\":true,\"valueName\":\"search_term_string\"}}],\"inLanguage\":\"pt-BR\"},{\"@type\":\"Organization\",\"@id\":\"https:\\\/\\\/bohngass.com.br\\\/#organization\",\"name\":\"Deputado Bohn Gass\",\"url\":\"https:\\\/\\\/bohngass.com.br\\\/\",\"logo\":{\"@type\":\"ImageObject\",\"inLanguage\":\"pt-BR\",\"@id\":\"https:\\\/\\\/bohngass.com.br\\\/#\\\/schema\\\/logo\\\/image\\\/\",\"url\":\"http:\\\/\\\/bohngass.com.br\\\/wp-content\\\/uploads\\\/2021\\\/01\\\/logo.png\",\"contentUrl\":\"http:\\\/\\\/bohngass.com.br\\\/wp-content\\\/uploads\\\/2021\\\/01\\\/logo.png\",\"width\":357,\"height\":355,\"caption\":\"Deputado Bohn Gass\"},\"image\":{\"@id\":\"https:\\\/\\\/bohngass.com.br\\\/#\\\/schema\\\/logo\\\/image\\\/\"},\"sameAs\":[\"https:\\\/\\\/www.facebook.com\\\/bohngass13\",\"https:\\\/\\\/x.com\\\/BohnGass\",\"https:\\\/\\\/www.instagram.com\\\/bohn_gass\\\/\",\"https:\\\/\\\/www.youtube.com\\\/BohnGass13\\\/\",\"https:\\\/\\\/pt.wikipedia.org\\\/wiki\\\/Bohn_Gass\"]},{\"@type\":\"Person\",\"@id\":\"https:\\\/\\\/bohngass.com.br\\\/#\\\/schema\\\/person\\\/73f139d814ad08afd66e56929f99d4d6\",\"name\":\"admin\",\"image\":{\"@type\":\"ImageObject\",\"inLanguage\":\"pt-BR\",\"@id\":\"https:\\\/\\\/bohngass.com.br\\\/wp-content\\\/litespeed\\\/avatar\\\/46d26e448dfe42e49944850c1affc8d8.jpg?ver=1777227068\",\"url\":\"https:\\\/\\\/bohngass.com.br\\\/wp-content\\\/litespeed\\\/avatar\\\/46d26e448dfe42e49944850c1affc8d8.jpg?ver=1777227068\",\"contentUrl\":\"https:\\\/\\\/bohngass.com.br\\\/wp-content\\\/litespeed\\\/avatar\\\/46d26e448dfe42e49944850c1affc8d8.jpg?ver=1777227068\",\"caption\":\"admin\"},\"sameAs\":[\"http:\\\/\\\/www2.bohngass.com.br\"]}]}<\/script>\n<!-- \/ Yoast SEO plugin. -->","yoast_head_json":{"title":"Bohn Gass visita empreendimentos comunit\u00e1rios em Teut\u00f4nia - Deputado Federal Bohn Gass \u2605 PT\/RS","robots":{"index":"index","follow":"follow","max-snippet":"max-snippet:-1","max-image-preview":"max-image-preview:large","max-video-preview":"max-video-preview:-1"},"canonical":"https:\/\/bohngass.com.br\/?p=1559","og_locale":"pt_BR","og_type":"article","og_title":"Bohn Gass visita empreendimentos comunit\u00e1rios em Teut\u00f4nia - Deputado Federal Bohn Gass \u2605 PT\/RS","og_description":"Passei toda a manh\u00e3 desta sexta-feira (22), em Teut\u00f4nia. Comecei na prefeitura onde fui recebido pelo prefeito Celso Forneck. Depois fui conhecer um projeto muito inspirador, a Horta Comunit\u00e1ria da Comunidade Evang\u00e9lica Luterana Redentor. Um projeto que al\u00e9m de produzir alimentos saud\u00e1veis, associa o trabalho na terra a uma nova cultura alimentar que valoriza a [&hellip;]","og_url":"https:\/\/bohngass.com.br\/?p=1559","og_site_name":"Deputado Federal Bohn Gass \u2605 PT\/RS","article_publisher":"https:\/\/www.facebook.com\/bohngass13","article_published_time":"2022-04-22T14:28:00+00:00","article_modified_time":"2022-04-25T14:42:14+00:00","og_image":[{"width":960,"height":720,"url":"https:\/\/bohngass.com.br\/wp-content\/uploads\/2022\/04\/teutonia_05.jpg","type":"image\/jpeg"}],"author":"admin","twitter_card":"summary_large_image","twitter_creator":"@BohnGass","twitter_site":"@BohnGass","twitter_misc":{"Escrito por":"admin","Est. tempo de leitura":"3 minutos"},"schema":{"@context":"https:\/\/schema.org","@graph":[{"@type":"Article","@id":"https:\/\/bohngass.com.br\/?p=1559#article","isPartOf":{"@id":"https:\/\/bohngass.com.br\/?p=1559"},"author":{"name":"admin","@id":"https:\/\/bohngass.com.br\/#\/schema\/person\/73f139d814ad08afd66e56929f99d4d6"},"headline":"Bohn Gass visita empreendimentos comunit\u00e1rios em Teut\u00f4nia","datePublished":"2022-04-22T14:28:00+00:00","dateModified":"2022-04-25T14:42:14+00:00","mainEntityOfPage":{"@id":"https:\/\/bohngass.com.br\/?p=1559"},"wordCount":406,"commentCount":0,"publisher":{"@id":"https:\/\/bohngass.com.br\/#organization"},"image":{"@id":"https:\/\/bohngass.com.br\/?p=1559#primaryimage"},"thumbnailUrl":"https:\/\/bohngass.com.br\/wp-content\/uploads\/2022\/04\/teutonia_05.jpg","keywords":["agricultura familiar","agroind\u00fastria","comida saud\u00e1vel","cooperativa","horta comunit\u00e1ria","livro","roteiros bohn gass","teut\u00f4nia"],"articleSection":["Agricultura Familiar","Cooperativa","Roteiro"],"inLanguage":"pt-BR","potentialAction":[{"@type":"CommentAction","name":"Comment","target":["https:\/\/bohngass.com.br\/?p=1559#respond"]}]},{"@type":"WebPage","@id":"https:\/\/bohngass.com.br\/?p=1559","url":"https:\/\/bohngass.com.br\/?p=1559","name":"Bohn Gass visita empreendimentos comunit\u00e1rios em Teut\u00f4nia - Deputado Federal Bohn Gass \u2605 PT\/RS","isPartOf":{"@id":"https:\/\/bohngass.com.br\/#website"},"primaryImageOfPage":{"@id":"https:\/\/bohngass.com.br\/?p=1559#primaryimage"},"image":{"@id":"https:\/\/bohngass.com.br\/?p=1559#primaryimage"},"thumbnailUrl":"https:\/\/bohngass.com.br\/wp-content\/uploads\/2022\/04\/teutonia_05.jpg","datePublished":"2022-04-22T14:28:00+00:00","dateModified":"2022-04-25T14:42:14+00:00","breadcrumb":{"@id":"https:\/\/bohngass.com.br\/?p=1559#breadcrumb"},"inLanguage":"pt-BR","potentialAction":[{"@type":"ReadAction","target":["https:\/\/bohngass.com.br\/?p=1559"]}]},{"@type":"ImageObject","inLanguage":"pt-BR","@id":"https:\/\/bohngass.com.br\/?p=1559#primaryimage","url":"https:\/\/bohngass.com.br\/wp-content\/uploads\/2022\/04\/teutonia_05.jpg","contentUrl":"https:\/\/bohngass.com.br\/wp-content\/uploads\/2022\/04\/teutonia_05.jpg","width":960,"height":720},{"@type":"BreadcrumbList","@id":"https:\/\/bohngass.com.br\/?p=1559#breadcrumb","itemListElement":[{"@type":"ListItem","position":1,"name":"In\u00edcio","item":"https:\/\/bohngass.com.br\/"},{"@type":"ListItem","position":2,"name":"Bohn Gass visita empreendimentos comunit\u00e1rios em Teut\u00f4nia"}]},{"@type":"WebSite","@id":"https:\/\/bohngass.com.br\/#website","url":"https:\/\/bohngass.com.br\/","name":"Deputado Federal Bohn Gass \u2605 PT\/RS","description":"Deputado Federal Bohn Gass","publisher":{"@id":"https:\/\/bohngass.com.br\/#organization"},"potentialAction":[{"@type":"SearchAction","target":{"@type":"EntryPoint","urlTemplate":"https:\/\/bohngass.com.br\/?s={search_term_string}"},"query-input":{"@type":"PropertyValueSpecification","valueRequired":true,"valueName":"search_term_string"}}],"inLanguage":"pt-BR"},{"@type":"Organization","@id":"https:\/\/bohngass.com.br\/#organization","name":"Deputado Bohn Gass","url":"https:\/\/bohngass.com.br\/","logo":{"@type":"ImageObject","inLanguage":"pt-BR","@id":"https:\/\/bohngass.com.br\/#\/schema\/logo\/image\/","url":"http:\/\/bohngass.com.br\/wp-content\/uploads\/2021\/01\/logo.png","contentUrl":"http:\/\/bohngass.com.br\/wp-content\/uploads\/2021\/01\/logo.png","width":357,"height":355,"caption":"Deputado Bohn Gass"},"image":{"@id":"https:\/\/bohngass.com.br\/#\/schema\/logo\/image\/"},"sameAs":["https:\/\/www.facebook.com\/bohngass13","https:\/\/x.com\/BohnGass","https:\/\/www.instagram.com\/bohn_gass\/","https:\/\/www.youtube.com\/BohnGass13\/","https:\/\/pt.wikipedia.org\/wiki\/Bohn_Gass"]},{"@type":"Person","@id":"https:\/\/bohngass.com.br\/#\/schema\/person\/73f139d814ad08afd66e56929f99d4d6","name":"admin","image":{"@type":"ImageObject","inLanguage":"pt-BR","@id":"https:\/\/bohngass.com.br\/wp-content\/litespeed\/avatar\/46d26e448dfe42e49944850c1affc8d8.jpg?ver=1777227068","url":"https:\/\/bohngass.com.br\/wp-content\/litespeed\/avatar\/46d26e448dfe42e49944850c1affc8d8.jpg?ver=1777227068","contentUrl":"https:\/\/bohngass.com.br\/wp-content\/litespeed\/avatar\/46d26e448dfe42e49944850c1affc8d8.jpg?ver=1777227068","caption":"admin"},"sameAs":["http:\/\/www2.bohngass.com.br"]}]}},"_links":{"self":[{"href":"https:\/\/bohngass.com.br\/index.php?rest_route=\/wp\/v2\/posts\/1559","targetHints":{"allow":["GET"]}}],"collection":[{"href":"https:\/\/bohngass.com.br\/index.php?rest_route=\/wp\/v2\/posts"}],"about":[{"href":"https:\/\/bohngass.com.br\/index.php?rest_route=\/wp\/v2\/types\/post"}],"author":[{"embeddable":true,"href":"https:\/\/bohngass.com.br\/index.php?rest_route=\/wp\/v2\/users\/1"}],"replies":[{"embeddable":true,"href":"https:\/\/bohngass.com.br\/index.php?rest_route=%2Fwp%2Fv2%2Fcomments&post=1559"}],"version-history":[{"count":0,"href":"https:\/\/bohngass.com.br\/index.php?rest_route=\/wp\/v2\/posts\/1559\/revisions"}],"wp:featuredmedia":[{"embeddable":true,"href":"https:\/\/bohngass.com.br\/index.php?rest_route=\/wp\/v2\/media\/1564"}],"wp:attachment":[{"href":"https:\/\/bohngass.com.br\/index.php?rest_route=%2Fwp%2Fv2%2Fmedia&parent=1559"}],"wp:term":[{"taxonomy":"category","embeddable":true,"href":"https:\/\/bohngass.com.br\/index.php?rest_route=%2Fwp%2Fv2%2Fcategories&post=1559"},{"taxonomy":"post_tag","embeddable":true,"href":"https:\/\/bohngass.com.br\/index.php?rest_route=%2Fwp%2Fv2%2Ftags&post=1559"}],"curies":[{"name":"wp","href":"https:\/\/api.w.org\/{rel}","templated":true}]}}