{"id":2918,"date":"2023-08-08T09:27:42","date_gmt":"2023-08-08T12:27:42","guid":{"rendered":"https:\/\/bohngass.com.br\/?p=2918"},"modified":"2023-08-08T09:27:43","modified_gmt":"2023-08-08T12:27:43","slug":"dialogos-amazonicos","status":"publish","type":"post","link":"https:\/\/bohngass.com.br\/?p=2918","title":{"rendered":"Di\u00e1logos Amaz\u00f4nicos"},"content":{"rendered":"\n<h2 class=\"wp-block-heading has-text-align-center\"><strong>A CONVITE DA FAO\/ONU, BOHN GASS<\/strong><br><strong>PARTICIPA DOS \u201cDI\u00c1LOGOS AMAZ\u00d4NICOS\u201d<\/strong><\/h2>\n\n\n\n<p class=\"has-text-align-center\"><strong><em>Relator do PPA, deputado d\u00e1 prioridade \u00e0 seguran\u00e7a alimentar<\/em><\/strong><\/p>\n\n\n\n<p>Enfrentar a emerg\u00eancia clim\u00e1tica e garantir comida saud\u00e1vel na mesa de todo o povo brasileiro. Estas foram prioridades apontadas pela popula\u00e7\u00e3o no processo participativo aberto pelo governo Lula para o Plano Plurianual\/PPA do Brasil. Na condi\u00e7\u00e3o de relator deste projeto na C\u00e2mara dos Deputados, o deputado Elvino Bohn Gass (PT\/RS), vice-l\u00edder do governo Lula no Congresso Nacional, foi convidado pela Organiza\u00e7\u00e3o de Alimenta\u00e7\u00e3o e Agricultura\/FAO, da ONU, a debater este tema nos \u201cDi\u00e1logos Amaz\u00f4nicos\u201d que est\u00e3o acontecendo em Bel\u00e9m do Par\u00e1, como evento preparat\u00f3rio para a Confer\u00eancia Mundial do Clima\/COP-30, que acontecer\u00e1 naquela capital em 2024.<\/p>\n\n\n\n<p>\u201cA sustentabilidade come\u00e7a pela dignidade humana. N\u00e3o h\u00e1 como discutir crise clim\u00e1tica sem colocar o ser humano no centro das preocupa\u00e7\u00f5es. Por isso, o Plano Plurianual do governo Lula vai trabalhar o enfrentamento da fome, da mis\u00e9ria e a busca pela seguran\u00e7a alimentar, de forma combinada com a\u00e7\u00f5es que ampliem a preserva\u00e7\u00e3o dos recursos naturais, enfrentem e combatam o efeito estufa\u201d, disse Bohn Gass.<\/p>\n\n\n\n<p>Os \u201cDi\u00e1logos Amaz\u00f4nicos\u201d reuniram milhares de pessoas. Chefes de Estado (da Amaz\u00f4nia e de outros continentes), governos estaduais, prefeituras, legislativos, ONGs e a sociedade civil reuniram-se para ouvir os anseios dos povos da Amaz\u00f4nia mas, tamb\u00e9m, elencar prioridades que devem ser discutidas pela COP-30.<\/p>\n\n\n\n<p>Na grande plen\u00e1ria de Seguran\u00e7a Alimentar, da qual Bohn Gass fez parte, estiveram, entre outros, a Diretora Adjunta da FAO\/ONU, Maria Helena Semedo, o representante regional da FAO para a Am\u00e9rica Latina e Caribe, Mario Lubetkin e o Chefe da Coordenadoria-Geral de Seguran\u00e7a Alimentar do Minist\u00e9rio das Rela\u00e7\u00f5es Exteriores, Saulo Arantes.<\/p>\n\n\n\n<p>\u201cH\u00e1 um acordo mundial: a valoriza\u00e7\u00e3o da agricultura familiar \u00e9 a forma de garantir a seguran\u00e7a alimentar sustent\u00e1vel. Especificamente em rela\u00e7\u00e3o \u00e0 Amaz\u00f4nia, parece \u00f3bvio que precisamos valorizar a cultura alimentar dos povos da floresta. O governo Lula tem essa consci\u00eancia e eu, como relator do PPA, tamb\u00e9m. Por isso, vamos levar o debate para o Parlamento e tratar de garantir um plano de florestas produtivas, agroflorestas e de financiamentos nesta \u00e1rea como pol\u00edtica p\u00fablica\u201d, finalizou o deputado do PT ga\u00facho.<\/p>\n\n\n\n<p><strong>EMBRAPA E ATER \u2013<\/strong>\u00a0Ainda na agenda dos \u201cDi\u00e1logos Amaz\u00f4nicos, Bohn Gass participou de discuss\u00e3o sobre \u201cBioeconomias da Amaz\u00f4nia\u201d com funda\u00e7\u00f5es de pesquisa como a Embrapa. \u201cFicou evidenciada a necessidade de atua\u00e7\u00e3o conjunta da pesquisa com a assist\u00eancia t\u00e9cnica e a extens\u00e3o rural como forma de garantir a transi\u00e7\u00e3o para um modelo de desenvolvimento sustent\u00e1vel na Amaz\u00f4nia.\u201d<\/p>\n\n\n\n<figure class=\"wp-block-image size-large is-resized\"><img loading=\"lazy\" decoding=\"async\" src=\"https:\/\/bohngass.com.br\/wp-content\/uploads\/2023\/08\/dialogosamazonicos2-1024x616.jpg\" alt=\"\" class=\"wp-image-2919\" width=\"840\" height=\"505\" srcset=\"https:\/\/bohngass.com.br\/wp-content\/uploads\/2023\/08\/dialogosamazonicos2-1024x616.jpg 1024w, https:\/\/bohngass.com.br\/wp-content\/uploads\/2023\/08\/dialogosamazonicos2-300x181.jpg 300w, https:\/\/bohngass.com.br\/wp-content\/uploads\/2023\/08\/dialogosamazonicos2-768x462.jpg 768w, https:\/\/bohngass.com.br\/wp-content\/uploads\/2023\/08\/dialogosamazonicos2-1536x925.jpg 1536w, https:\/\/bohngass.com.br\/wp-content\/uploads\/2023\/08\/dialogosamazonicos2.jpg 2000w\" sizes=\"auto, (max-width: 840px) 100vw, 840px\" \/><figcaption class=\"wp-element-caption\"><em><strong>&#8220;O Plano Plurianual do governo Lula vai acatar as prioridades populares: enfrentar a crise clim\u00e1tica e garantir comida saud\u00e1vel para todo mundo&#8221;<\/strong><\/em><br><em>Foto: \u00a0Max Valencia\/FAO\/Divulga\u00e7\u00e3o<\/em><\/figcaption><\/figure>\n","protected":false},"excerpt":{"rendered":"<p>A CONVITE DA FAO\/ONU, BOHN GASSPARTICIPA DOS \u201cDI\u00c1LOGOS AMAZ\u00d4NICOS\u201d Relator do PPA, deputado d\u00e1 prioridade \u00e0 seguran\u00e7a alimentar Enfrentar a emerg\u00eancia clim\u00e1tica e garantir comida saud\u00e1vel na mesa de todo o povo brasileiro. Estas foram prioridades apontadas pela popula\u00e7\u00e3o no processo participativo aberto pelo governo Lula para o Plano Plurianual\/PPA do Brasil. Na condi\u00e7\u00e3o de [&hellip;]<\/p>\n","protected":false},"author":1,"featured_media":2920,"comment_status":"open","ping_status":"open","sticky":false,"template":"","format":"standard","meta":{"footnotes":""},"categories":[41,935,460,127,202,639],"tags":[298,1011,625,75,623,613,91,1010,1008,107,558,1009,342],"class_list":["post-2918","post","type-post","status-publish","format-standard","has-post-thumbnail","hentry","category-agricultura-familiar","category-congresso-nacional","category-internacional","category-lula","category-meio-ambiente","category-roteiro","tag-amazonia","tag-anater","tag-ater","tag-camara-dos-deputados","tag-embrapa","tag-governo-lula","tag-lula","tag-ong","tag-onu","tag-orcamento","tag-para","tag-plano-plurianual","tag-seguranca-alimentar"],"yoast_head":"<!-- This site is optimized with the Yoast SEO plugin v27.4 - https:\/\/yoast.com\/product\/yoast-seo-wordpress\/ -->\n<title>Di\u00e1logos Amaz\u00f4nicos - Deputado Federal Bohn Gass \u2605 PT\/RS<\/title>\n<meta name=\"robots\" content=\"index, follow, max-snippet:-1, max-image-preview:large, max-video-preview:-1\" \/>\n<link rel=\"canonical\" href=\"https:\/\/bohngass.com.br\/?p=2918\" \/>\n<meta property=\"og:locale\" content=\"pt_BR\" \/>\n<meta property=\"og:type\" content=\"article\" \/>\n<meta property=\"og:title\" content=\"Di\u00e1logos Amaz\u00f4nicos - Deputado Federal Bohn Gass \u2605 PT\/RS\" \/>\n<meta property=\"og:description\" content=\"A CONVITE DA FAO\/ONU, BOHN GASSPARTICIPA DOS \u201cDI\u00c1LOGOS AMAZ\u00d4NICOS\u201d Relator do PPA, deputado d\u00e1 prioridade \u00e0 seguran\u00e7a alimentar Enfrentar a emerg\u00eancia clim\u00e1tica e garantir comida saud\u00e1vel na mesa de todo o povo brasileiro. Estas foram prioridades apontadas pela popula\u00e7\u00e3o no processo participativo aberto pelo governo Lula para o Plano Plurianual\/PPA do Brasil. Na condi\u00e7\u00e3o de [&hellip;]\" \/>\n<meta property=\"og:url\" content=\"https:\/\/bohngass.com.br\/?p=2918\" \/>\n<meta property=\"og:site_name\" content=\"Deputado Federal Bohn Gass \u2605 PT\/RS\" \/>\n<meta property=\"article:publisher\" content=\"https:\/\/www.facebook.com\/bohngass13\" \/>\n<meta property=\"article:published_time\" content=\"2023-08-08T12:27:42+00:00\" \/>\n<meta property=\"article:modified_time\" content=\"2023-08-08T12:27:43+00:00\" \/>\n<meta property=\"og:image\" content=\"https:\/\/bohngass.com.br\/wp-content\/uploads\/2023\/08\/dialogosamazonicos1.jpg\" \/>\n\t<meta property=\"og:image:width\" content=\"2000\" \/>\n\t<meta property=\"og:image:height\" content=\"1276\" \/>\n\t<meta property=\"og:image:type\" content=\"image\/jpeg\" \/>\n<meta name=\"author\" content=\"admin\" \/>\n<meta name=\"twitter:card\" content=\"summary_large_image\" \/>\n<meta name=\"twitter:creator\" content=\"@BohnGass\" \/>\n<meta name=\"twitter:site\" content=\"@BohnGass\" \/>\n<meta name=\"twitter:label1\" content=\"Escrito por\" \/>\n\t<meta name=\"twitter:data1\" content=\"admin\" \/>\n\t<meta name=\"twitter:label2\" content=\"Est. tempo de leitura\" \/>\n\t<meta name=\"twitter:data2\" content=\"3 minutos\" \/>\n<script type=\"application\/ld+json\" class=\"yoast-schema-graph\">{\"@context\":\"https:\\\/\\\/schema.org\",\"@graph\":[{\"@type\":\"Article\",\"@id\":\"https:\\\/\\\/bohngass.com.br\\\/?p=2918#article\",\"isPartOf\":{\"@id\":\"https:\\\/\\\/bohngass.com.br\\\/?p=2918\"},\"author\":{\"name\":\"admin\",\"@id\":\"https:\\\/\\\/bohngass.com.br\\\/#\\\/schema\\\/person\\\/73f139d814ad08afd66e56929f99d4d6\"},\"headline\":\"Di\u00e1logos Amaz\u00f4nicos\",\"datePublished\":\"2023-08-08T12:27:42+00:00\",\"dateModified\":\"2023-08-08T12:27:43+00:00\",\"mainEntityOfPage\":{\"@id\":\"https:\\\/\\\/bohngass.com.br\\\/?p=2918\"},\"wordCount\":506,\"commentCount\":1,\"publisher\":{\"@id\":\"https:\\\/\\\/bohngass.com.br\\\/#organization\"},\"image\":{\"@id\":\"https:\\\/\\\/bohngass.com.br\\\/?p=2918#primaryimage\"},\"thumbnailUrl\":\"https:\\\/\\\/bohngass.com.br\\\/wp-content\\\/uploads\\\/2023\\\/08\\\/dialogosamazonicos1.jpg\",\"keywords\":[\"Amaz\u00f4nia\",\"anater\",\"ater\",\"c\u00e2mara dos deputados\",\"Embrapa\",\"governo Lula\",\"Lula\",\"ONG\",\"ONU\",\"or\u00e7amento\",\"Par\u00e1\",\"plano plurianual\",\"seguran\u00e7a alimentar\"],\"articleSection\":[\"Agricultura Familiar\",\"Congresso Nacional\",\"Internacional\",\"Lula\",\"Meio Ambiente\",\"Roteiro\"],\"inLanguage\":\"pt-BR\",\"potentialAction\":[{\"@type\":\"CommentAction\",\"name\":\"Comment\",\"target\":[\"https:\\\/\\\/bohngass.com.br\\\/?p=2918#respond\"]}]},{\"@type\":\"WebPage\",\"@id\":\"https:\\\/\\\/bohngass.com.br\\\/?p=2918\",\"url\":\"https:\\\/\\\/bohngass.com.br\\\/?p=2918\",\"name\":\"Di\u00e1logos Amaz\u00f4nicos - Deputado Federal Bohn Gass \u2605 PT\\\/RS\",\"isPartOf\":{\"@id\":\"https:\\\/\\\/bohngass.com.br\\\/#website\"},\"primaryImageOfPage\":{\"@id\":\"https:\\\/\\\/bohngass.com.br\\\/?p=2918#primaryimage\"},\"image\":{\"@id\":\"https:\\\/\\\/bohngass.com.br\\\/?p=2918#primaryimage\"},\"thumbnailUrl\":\"https:\\\/\\\/bohngass.com.br\\\/wp-content\\\/uploads\\\/2023\\\/08\\\/dialogosamazonicos1.jpg\",\"datePublished\":\"2023-08-08T12:27:42+00:00\",\"dateModified\":\"2023-08-08T12:27:43+00:00\",\"breadcrumb\":{\"@id\":\"https:\\\/\\\/bohngass.com.br\\\/?p=2918#breadcrumb\"},\"inLanguage\":\"pt-BR\",\"potentialAction\":[{\"@type\":\"ReadAction\",\"target\":[\"https:\\\/\\\/bohngass.com.br\\\/?p=2918\"]}]},{\"@type\":\"ImageObject\",\"inLanguage\":\"pt-BR\",\"@id\":\"https:\\\/\\\/bohngass.com.br\\\/?p=2918#primaryimage\",\"url\":\"https:\\\/\\\/bohngass.com.br\\\/wp-content\\\/uploads\\\/2023\\\/08\\\/dialogosamazonicos1.jpg\",\"contentUrl\":\"https:\\\/\\\/bohngass.com.br\\\/wp-content\\\/uploads\\\/2023\\\/08\\\/dialogosamazonicos1.jpg\",\"width\":2000,\"height\":1276,\"caption\":\"Max Valencia\\\/FAO\\\/Divulga\u00e7\u00e3o: Bohn Gass com a Diretora Adjunta da FAo, Maria Helena Semedo: \\\"Combater a fome \u00e9 parte da estrat\u00e9gia de sustentabilidade do planeta\\\"\"},{\"@type\":\"BreadcrumbList\",\"@id\":\"https:\\\/\\\/bohngass.com.br\\\/?p=2918#breadcrumb\",\"itemListElement\":[{\"@type\":\"ListItem\",\"position\":1,\"name\":\"In\u00edcio\",\"item\":\"https:\\\/\\\/bohngass.com.br\\\/\"},{\"@type\":\"ListItem\",\"position\":2,\"name\":\"Di\u00e1logos Amaz\u00f4nicos\"}]},{\"@type\":\"WebSite\",\"@id\":\"https:\\\/\\\/bohngass.com.br\\\/#website\",\"url\":\"https:\\\/\\\/bohngass.com.br\\\/\",\"name\":\"Deputado Federal Bohn Gass \u2605 PT\\\/RS\",\"description\":\"Deputado Federal Bohn Gass\",\"publisher\":{\"@id\":\"https:\\\/\\\/bohngass.com.br\\\/#organization\"},\"potentialAction\":[{\"@type\":\"SearchAction\",\"target\":{\"@type\":\"EntryPoint\",\"urlTemplate\":\"https:\\\/\\\/bohngass.com.br\\\/?s={search_term_string}\"},\"query-input\":{\"@type\":\"PropertyValueSpecification\",\"valueRequired\":true,\"valueName\":\"search_term_string\"}}],\"inLanguage\":\"pt-BR\"},{\"@type\":\"Organization\",\"@id\":\"https:\\\/\\\/bohngass.com.br\\\/#organization\",\"name\":\"Deputado Bohn Gass\",\"url\":\"https:\\\/\\\/bohngass.com.br\\\/\",\"logo\":{\"@type\":\"ImageObject\",\"inLanguage\":\"pt-BR\",\"@id\":\"https:\\\/\\\/bohngass.com.br\\\/#\\\/schema\\\/logo\\\/image\\\/\",\"url\":\"http:\\\/\\\/bohngass.com.br\\\/wp-content\\\/uploads\\\/2021\\\/01\\\/logo.png\",\"contentUrl\":\"http:\\\/\\\/bohngass.com.br\\\/wp-content\\\/uploads\\\/2021\\\/01\\\/logo.png\",\"width\":357,\"height\":355,\"caption\":\"Deputado Bohn Gass\"},\"image\":{\"@id\":\"https:\\\/\\\/bohngass.com.br\\\/#\\\/schema\\\/logo\\\/image\\\/\"},\"sameAs\":[\"https:\\\/\\\/www.facebook.com\\\/bohngass13\",\"https:\\\/\\\/x.com\\\/BohnGass\",\"https:\\\/\\\/www.instagram.com\\\/bohn_gass\\\/\",\"https:\\\/\\\/www.youtube.com\\\/BohnGass13\\\/\",\"https:\\\/\\\/pt.wikipedia.org\\\/wiki\\\/Bohn_Gass\"]},{\"@type\":\"Person\",\"@id\":\"https:\\\/\\\/bohngass.com.br\\\/#\\\/schema\\\/person\\\/73f139d814ad08afd66e56929f99d4d6\",\"name\":\"admin\",\"image\":{\"@type\":\"ImageObject\",\"inLanguage\":\"pt-BR\",\"@id\":\"https:\\\/\\\/bohngass.com.br\\\/wp-content\\\/litespeed\\\/avatar\\\/46d26e448dfe42e49944850c1affc8d8.jpg?ver=1777227068\",\"url\":\"https:\\\/\\\/bohngass.com.br\\\/wp-content\\\/litespeed\\\/avatar\\\/46d26e448dfe42e49944850c1affc8d8.jpg?ver=1777227068\",\"contentUrl\":\"https:\\\/\\\/bohngass.com.br\\\/wp-content\\\/litespeed\\\/avatar\\\/46d26e448dfe42e49944850c1affc8d8.jpg?ver=1777227068\",\"caption\":\"admin\"},\"sameAs\":[\"http:\\\/\\\/www2.bohngass.com.br\"]}]}<\/script>\n<!-- \/ Yoast SEO plugin. -->","yoast_head_json":{"title":"Di\u00e1logos Amaz\u00f4nicos - Deputado Federal Bohn Gass \u2605 PT\/RS","robots":{"index":"index","follow":"follow","max-snippet":"max-snippet:-1","max-image-preview":"max-image-preview:large","max-video-preview":"max-video-preview:-1"},"canonical":"https:\/\/bohngass.com.br\/?p=2918","og_locale":"pt_BR","og_type":"article","og_title":"Di\u00e1logos Amaz\u00f4nicos - Deputado Federal Bohn Gass \u2605 PT\/RS","og_description":"A CONVITE DA FAO\/ONU, BOHN GASSPARTICIPA DOS \u201cDI\u00c1LOGOS AMAZ\u00d4NICOS\u201d Relator do PPA, deputado d\u00e1 prioridade \u00e0 seguran\u00e7a alimentar Enfrentar a emerg\u00eancia clim\u00e1tica e garantir comida saud\u00e1vel na mesa de todo o povo brasileiro. Estas foram prioridades apontadas pela popula\u00e7\u00e3o no processo participativo aberto pelo governo Lula para o Plano Plurianual\/PPA do Brasil. Na condi\u00e7\u00e3o de [&hellip;]","og_url":"https:\/\/bohngass.com.br\/?p=2918","og_site_name":"Deputado Federal Bohn Gass \u2605 PT\/RS","article_publisher":"https:\/\/www.facebook.com\/bohngass13","article_published_time":"2023-08-08T12:27:42+00:00","article_modified_time":"2023-08-08T12:27:43+00:00","og_image":[{"width":2000,"height":1276,"url":"https:\/\/bohngass.com.br\/wp-content\/uploads\/2023\/08\/dialogosamazonicos1.jpg","type":"image\/jpeg"}],"author":"admin","twitter_card":"summary_large_image","twitter_creator":"@BohnGass","twitter_site":"@BohnGass","twitter_misc":{"Escrito por":"admin","Est. tempo de leitura":"3 minutos"},"schema":{"@context":"https:\/\/schema.org","@graph":[{"@type":"Article","@id":"https:\/\/bohngass.com.br\/?p=2918#article","isPartOf":{"@id":"https:\/\/bohngass.com.br\/?p=2918"},"author":{"name":"admin","@id":"https:\/\/bohngass.com.br\/#\/schema\/person\/73f139d814ad08afd66e56929f99d4d6"},"headline":"Di\u00e1logos Amaz\u00f4nicos","datePublished":"2023-08-08T12:27:42+00:00","dateModified":"2023-08-08T12:27:43+00:00","mainEntityOfPage":{"@id":"https:\/\/bohngass.com.br\/?p=2918"},"wordCount":506,"commentCount":1,"publisher":{"@id":"https:\/\/bohngass.com.br\/#organization"},"image":{"@id":"https:\/\/bohngass.com.br\/?p=2918#primaryimage"},"thumbnailUrl":"https:\/\/bohngass.com.br\/wp-content\/uploads\/2023\/08\/dialogosamazonicos1.jpg","keywords":["Amaz\u00f4nia","anater","ater","c\u00e2mara dos deputados","Embrapa","governo Lula","Lula","ONG","ONU","or\u00e7amento","Par\u00e1","plano plurianual","seguran\u00e7a alimentar"],"articleSection":["Agricultura Familiar","Congresso Nacional","Internacional","Lula","Meio Ambiente","Roteiro"],"inLanguage":"pt-BR","potentialAction":[{"@type":"CommentAction","name":"Comment","target":["https:\/\/bohngass.com.br\/?p=2918#respond"]}]},{"@type":"WebPage","@id":"https:\/\/bohngass.com.br\/?p=2918","url":"https:\/\/bohngass.com.br\/?p=2918","name":"Di\u00e1logos Amaz\u00f4nicos - Deputado Federal Bohn Gass \u2605 PT\/RS","isPartOf":{"@id":"https:\/\/bohngass.com.br\/#website"},"primaryImageOfPage":{"@id":"https:\/\/bohngass.com.br\/?p=2918#primaryimage"},"image":{"@id":"https:\/\/bohngass.com.br\/?p=2918#primaryimage"},"thumbnailUrl":"https:\/\/bohngass.com.br\/wp-content\/uploads\/2023\/08\/dialogosamazonicos1.jpg","datePublished":"2023-08-08T12:27:42+00:00","dateModified":"2023-08-08T12:27:43+00:00","breadcrumb":{"@id":"https:\/\/bohngass.com.br\/?p=2918#breadcrumb"},"inLanguage":"pt-BR","potentialAction":[{"@type":"ReadAction","target":["https:\/\/bohngass.com.br\/?p=2918"]}]},{"@type":"ImageObject","inLanguage":"pt-BR","@id":"https:\/\/bohngass.com.br\/?p=2918#primaryimage","url":"https:\/\/bohngass.com.br\/wp-content\/uploads\/2023\/08\/dialogosamazonicos1.jpg","contentUrl":"https:\/\/bohngass.com.br\/wp-content\/uploads\/2023\/08\/dialogosamazonicos1.jpg","width":2000,"height":1276,"caption":"Max Valencia\/FAO\/Divulga\u00e7\u00e3o: Bohn Gass com a Diretora Adjunta da FAo, Maria Helena Semedo: \"Combater a fome \u00e9 parte da estrat\u00e9gia de sustentabilidade do planeta\""},{"@type":"BreadcrumbList","@id":"https:\/\/bohngass.com.br\/?p=2918#breadcrumb","itemListElement":[{"@type":"ListItem","position":1,"name":"In\u00edcio","item":"https:\/\/bohngass.com.br\/"},{"@type":"ListItem","position":2,"name":"Di\u00e1logos Amaz\u00f4nicos"}]},{"@type":"WebSite","@id":"https:\/\/bohngass.com.br\/#website","url":"https:\/\/bohngass.com.br\/","name":"Deputado Federal Bohn Gass \u2605 PT\/RS","description":"Deputado Federal Bohn Gass","publisher":{"@id":"https:\/\/bohngass.com.br\/#organization"},"potentialAction":[{"@type":"SearchAction","target":{"@type":"EntryPoint","urlTemplate":"https:\/\/bohngass.com.br\/?s={search_term_string}"},"query-input":{"@type":"PropertyValueSpecification","valueRequired":true,"valueName":"search_term_string"}}],"inLanguage":"pt-BR"},{"@type":"Organization","@id":"https:\/\/bohngass.com.br\/#organization","name":"Deputado Bohn Gass","url":"https:\/\/bohngass.com.br\/","logo":{"@type":"ImageObject","inLanguage":"pt-BR","@id":"https:\/\/bohngass.com.br\/#\/schema\/logo\/image\/","url":"http:\/\/bohngass.com.br\/wp-content\/uploads\/2021\/01\/logo.png","contentUrl":"http:\/\/bohngass.com.br\/wp-content\/uploads\/2021\/01\/logo.png","width":357,"height":355,"caption":"Deputado Bohn Gass"},"image":{"@id":"https:\/\/bohngass.com.br\/#\/schema\/logo\/image\/"},"sameAs":["https:\/\/www.facebook.com\/bohngass13","https:\/\/x.com\/BohnGass","https:\/\/www.instagram.com\/bohn_gass\/","https:\/\/www.youtube.com\/BohnGass13\/","https:\/\/pt.wikipedia.org\/wiki\/Bohn_Gass"]},{"@type":"Person","@id":"https:\/\/bohngass.com.br\/#\/schema\/person\/73f139d814ad08afd66e56929f99d4d6","name":"admin","image":{"@type":"ImageObject","inLanguage":"pt-BR","@id":"https:\/\/bohngass.com.br\/wp-content\/litespeed\/avatar\/46d26e448dfe42e49944850c1affc8d8.jpg?ver=1777227068","url":"https:\/\/bohngass.com.br\/wp-content\/litespeed\/avatar\/46d26e448dfe42e49944850c1affc8d8.jpg?ver=1777227068","contentUrl":"https:\/\/bohngass.com.br\/wp-content\/litespeed\/avatar\/46d26e448dfe42e49944850c1affc8d8.jpg?ver=1777227068","caption":"admin"},"sameAs":["http:\/\/www2.bohngass.com.br"]}]}},"_links":{"self":[{"href":"https:\/\/bohngass.com.br\/index.php?rest_route=\/wp\/v2\/posts\/2918","targetHints":{"allow":["GET"]}}],"collection":[{"href":"https:\/\/bohngass.com.br\/index.php?rest_route=\/wp\/v2\/posts"}],"about":[{"href":"https:\/\/bohngass.com.br\/index.php?rest_route=\/wp\/v2\/types\/post"}],"author":[{"embeddable":true,"href":"https:\/\/bohngass.com.br\/index.php?rest_route=\/wp\/v2\/users\/1"}],"replies":[{"embeddable":true,"href":"https:\/\/bohngass.com.br\/index.php?rest_route=%2Fwp%2Fv2%2Fcomments&post=2918"}],"version-history":[{"count":0,"href":"https:\/\/bohngass.com.br\/index.php?rest_route=\/wp\/v2\/posts\/2918\/revisions"}],"wp:featuredmedia":[{"embeddable":true,"href":"https:\/\/bohngass.com.br\/index.php?rest_route=\/wp\/v2\/media\/2920"}],"wp:attachment":[{"href":"https:\/\/bohngass.com.br\/index.php?rest_route=%2Fwp%2Fv2%2Fmedia&parent=2918"}],"wp:term":[{"taxonomy":"category","embeddable":true,"href":"https:\/\/bohngass.com.br\/index.php?rest_route=%2Fwp%2Fv2%2Fcategories&post=2918"},{"taxonomy":"post_tag","embeddable":true,"href":"https:\/\/bohngass.com.br\/index.php?rest_route=%2Fwp%2Fv2%2Ftags&post=2918"}],"curies":[{"name":"wp","href":"https:\/\/api.w.org\/{rel}","templated":true}]}}