{"id":3259,"date":"2024-02-19T12:42:53","date_gmt":"2024-02-19T15:42:53","guid":{"rendered":"https:\/\/bohngass.com.br\/?p=3259"},"modified":"2024-02-19T12:42:53","modified_gmt":"2024-02-19T15:42:53","slug":"ghc-e-primeiro-hospital-publico-do-brasil-a-fechar-contrato-com-o-programa-de-aquisicao-de-alimentos","status":"publish","type":"post","link":"https:\/\/bohngass.com.br\/?p=3259","title":{"rendered":"GHC \u00c9 PRIMEIRO HOSPITAL P\u00daBLICO DO BRASIL A FECHAR CONTRATO COM O PROGRAMA DE AQUISI\u00c7\u00c3O DE ALIMENTOS"},"content":{"rendered":"\n<p class=\"has-text-align-center\"><em>COOPERATIVAS DA REDECOOP ASSINAM CONTRATO DE R$ 4,4 MILH\u00d5ES PARA FORNECER ALIMENTOS SAUD\u00c1VEIS AO GHC<\/em><\/p>\n\n\n\n<p>O ministro do Desenvolvimento Agr\u00e1rio e da Agricultura Familiar do Governo Lula, Paulo Texeira e do presidente da Companhia Nacional de Abastacimento, Edegar Pretto, foi assinado nesta sexta-feira (16), em Porto Alegre, um contrato de R$ 4,4 milh\u00f5es entre cooperativas da RedeCoop e o Grupo Hospitalar Concei\u00e7\u00e3o. O contrato faz parte do Programa de Aquisi\u00e7\u00e3o de Alimentos (PAA), abandonado no governo Bolsonaro e retomado no governo Lula.<\/p>\n\n\n\n<p>Nove das 50 cooperativas da agricultura familiar associadas \u00e0 RedeCoop v\u00e3o fornecer, pelo per\u00edodo de um ano, alimentos in natura para toda a rede do Grupo Hospitalar Concei\u00e7\u00e3o, que inclui quatro hospitais (Hospital Concei\u00e7\u00e3o, Hospital Cristo Redentor, Hospital F\u00eamina, Hospital da Crian\u00e7a Concei\u00e7\u00e3o), UPAS e Servi\u00e7os de Sa\u00fade Comunit\u00e1ria.<\/p>\n\n\n\n<p>A RedeCoop vai fornecer abacate, abobrinha, agri\u00e3o, alecrim, alho-por\u00f3, ameixa, banana, berinjela, beterraba, caqui, laranja, lim\u00e3o, ma\u00e7\u00e3, manjerona, manjeric\u00e3o, maracuj\u00e1, melancia, milho, pepino, pera, p\u00eassego, piment\u00e3o, repolho, s\u00e1lvia, tangerina, tomilho, tomate e uva. Com esses produtos, o GHC vai garantir alimenta\u00e7\u00e3o de qualidade tanto para os cerca de 2 mil pacientes internados diariamente, quanto para os seus 10 mil trabalhadores.<\/p>\n\n\n\n<p><strong>PAULO TEIXEIRA<\/strong> &#8211; O ministro Paulo Texeira ressaltou o pioneirismo do GHC que \u00e9 \u201co primeiro hospital p\u00fablico do Brasil a fechar contrato de compras p\u00fablicas com a agricultura familiar.\u201d. Para Teixeira, \u201ccertamente, se o nosso povo tivesse mais acesso \u00e0 comida saud\u00e1vel como a que \u00e9 fornecida pela agricultura familiar, n\u00e3o ter\u00edamos tanta doen\u00e7a.\u201d O ministro disse, ainda, que o governo pretende ampliar esse tipo de compra p\u00fablica para todo o sistema educacional, para as For\u00e7as Armadas e outras \u00e1reas.\u201d Antes de encerrar, o ministro mencionou o lema da RedeCoop \u2013 \u201cmenos competi\u00e7\u00e3o, mais coopera\u00e7\u00e3o\u201d \u2013 afirmando que \u201co cooperativismo \u00e9 o modelo mais elevado de agricultura familiar, porque amplia a inclus\u00e3o e refor\u00e7a a Democracia\u201d.<\/p>\n\n\n\n<p><strong>GILBERTO BARICHELLO<\/strong> &#8211; O presidente do GHC, Gilberto Barichello afirmou que \u201cum hospital n\u00e3o pode s\u00f3 atuar intramuros\u201d, por isso, segundo ele, \u201co GHC investe em educa\u00e7\u00e3o, qualifica\u00e7\u00e3o e apresenta resultados para sociedade\u201d. Barichello acrescentou: \u201cN\u00f3s temos condi\u00e7\u00f5es de ampliar n\u00e3o s\u00f3 o acesso \u00e0 sa\u00fade, mas, tamb\u00e9m queremos o GHC atuando com sua capilaridade, inclusive seja ajudando a eliminar, novamente, a fome no Brasil\u201d.<\/p>\n\n\n\n<p><strong>BRUNO ENGEL<\/strong> &#8211; Para o Coordenador da RedeCoop, Bruno Engel, este contrato de coopera\u00e7\u00e3o une duas pol\u00edticas p\u00fablicas fundamentais, apoio \u00e0 agricultura familiar e alimenta\u00e7\u00e3o saud\u00e1vel para trabalhadores e pacientes da rede de sa\u00fade p\u00fablica. \u201c\u00c9 um dia muito importante para a agricultura familiar e, de modo especial, para a RedeCoop que, com este contrato, assegura trabalho, mercado e renda \u00e0s cooperativas associadas e, por consequ\u00eancia, dignidade aos trabalhadores e \u00e0s trabalhadoras rurais\u201d, diz Engel.<\/p>\n\n\n\n<p><strong>BOHN GASS<\/strong> &#8211; Para o deputado Bohn Gass (PT\/RS), que atuou na elabora\u00e7\u00e3o da legisla\u00e7\u00e3o federal que viabilizou esse modelo de compra p\u00fablica, \u201cesta \u00e9 uma pol\u00edtica correta porque atende, de um lado, a agricultura familiar e, de outro, a sa\u00fade p\u00fablica. D\u00e1 dignidade ao homem e \u00e0 mulher do campo e d\u00e1 qualidade ao servi\u00e7o do SUS\u201d.<\/p>\n\n\n\n<p>Tamb\u00e9m estiveram presentes o presidente da RedeCoop Alcione Piasentin, a deputada federal Maria do Ros\u00e1rio, os deputados estaduais Miguel Rossetto (ex-ministro do MDA em cuja gest\u00e3o foi criado o PAA), Jeferson Fernandes e Z\u00e9 Nunes e representantes de \u00f3rg\u00e3os estaduais e municipais de sa\u00fade.<\/p>\n","protected":false},"excerpt":{"rendered":"<p>COOPERATIVAS DA REDECOOP ASSINAM CONTRATO DE R$ 4,4 MILH\u00d5ES PARA FORNECER ALIMENTOS SAUD\u00c1VEIS AO GHC O ministro do Desenvolvimento Agr\u00e1rio e da Agricultura Familiar do Governo Lula, Paulo Texeira e do presidente da Companhia Nacional de Abastacimento, Edegar Pretto, foi assinado nesta sexta-feira (16), em Porto Alegre, um contrato de R$ 4,4 milh\u00f5es entre cooperativas [&hellip;]<\/p>\n","protected":false},"author":1,"featured_media":3260,"comment_status":"open","ping_status":"open","sticky":false,"template":"","format":"standard","meta":{"footnotes":""},"categories":[41,842,127,49,780],"tags":[36,1024,843,1073,613,937,340,1072,1074,70,85],"class_list":["post-3259","post","type-post","status-publish","format-standard","has-post-thumbnail","hentry","category-agricultura-familiar","category-cooperativa","category-lula","category-rio-grande-do-sul","category-saude","tag-agricultura-familiar","tag-compra-publica","tag-cooperativa","tag-ghc","tag-governo-lula","tag-ministerio-do-desenvolvimento-agrario","tag-paa","tag-paulo-teixeira","tag-redecoop","tag-rio-grande-do-sul","tag-saude"],"yoast_head":"<!-- This site is optimized with the Yoast SEO plugin v27.4 - https:\/\/yoast.com\/product\/yoast-seo-wordpress\/ -->\n<title>GHC \u00c9 PRIMEIRO HOSPITAL P\u00daBLICO DO BRASIL A FECHAR CONTRATO COM O PROGRAMA DE AQUISI\u00c7\u00c3O DE ALIMENTOS - Deputado Federal Bohn Gass \u2605 PT\/RS<\/title>\n<meta name=\"robots\" content=\"index, follow, max-snippet:-1, max-image-preview:large, max-video-preview:-1\" \/>\n<link rel=\"canonical\" href=\"https:\/\/bohngass.com.br\/?p=3259\" \/>\n<meta property=\"og:locale\" content=\"pt_BR\" \/>\n<meta property=\"og:type\" content=\"article\" \/>\n<meta property=\"og:title\" content=\"GHC \u00c9 PRIMEIRO HOSPITAL P\u00daBLICO DO BRASIL A FECHAR CONTRATO COM O PROGRAMA DE AQUISI\u00c7\u00c3O DE ALIMENTOS - Deputado Federal Bohn Gass \u2605 PT\/RS\" \/>\n<meta property=\"og:description\" content=\"COOPERATIVAS DA REDECOOP ASSINAM CONTRATO DE R$ 4,4 MILH\u00d5ES PARA FORNECER ALIMENTOS SAUD\u00c1VEIS AO GHC O ministro do Desenvolvimento Agr\u00e1rio e da Agricultura Familiar do Governo Lula, Paulo Texeira e do presidente da Companhia Nacional de Abastacimento, Edegar Pretto, foi assinado nesta sexta-feira (16), em Porto Alegre, um contrato de R$ 4,4 milh\u00f5es entre cooperativas [&hellip;]\" \/>\n<meta property=\"og:url\" content=\"https:\/\/bohngass.com.br\/?p=3259\" \/>\n<meta property=\"og:site_name\" content=\"Deputado Federal Bohn Gass \u2605 PT\/RS\" \/>\n<meta property=\"article:publisher\" content=\"https:\/\/www.facebook.com\/bohngass13\" \/>\n<meta property=\"article:published_time\" content=\"2024-02-19T15:42:53+00:00\" \/>\n<meta property=\"og:image\" content=\"https:\/\/bohngass.com.br\/wp-content\/uploads\/2024\/02\/428628694_920148116149875_6895745156342987090_n.jpg\" \/>\n\t<meta property=\"og:image:width\" content=\"1248\" \/>\n\t<meta property=\"og:image:height\" content=\"874\" \/>\n\t<meta property=\"og:image:type\" content=\"image\/jpeg\" \/>\n<meta name=\"author\" content=\"admin\" \/>\n<meta name=\"twitter:card\" content=\"summary_large_image\" \/>\n<meta name=\"twitter:creator\" content=\"@BohnGass\" \/>\n<meta name=\"twitter:site\" content=\"@BohnGass\" \/>\n<meta name=\"twitter:label1\" content=\"Escrito por\" \/>\n\t<meta name=\"twitter:data1\" content=\"admin\" \/>\n\t<meta name=\"twitter:label2\" content=\"Est. tempo de leitura\" \/>\n\t<meta name=\"twitter:data2\" content=\"4 minutos\" \/>\n<script type=\"application\/ld+json\" class=\"yoast-schema-graph\">{\"@context\":\"https:\\\/\\\/schema.org\",\"@graph\":[{\"@type\":\"Article\",\"@id\":\"https:\\\/\\\/bohngass.com.br\\\/?p=3259#article\",\"isPartOf\":{\"@id\":\"https:\\\/\\\/bohngass.com.br\\\/?p=3259\"},\"author\":{\"name\":\"admin\",\"@id\":\"https:\\\/\\\/bohngass.com.br\\\/#\\\/schema\\\/person\\\/73f139d814ad08afd66e56929f99d4d6\"},\"headline\":\"GHC \u00c9 PRIMEIRO HOSPITAL P\u00daBLICO DO BRASIL A FECHAR CONTRATO COM O PROGRAMA DE AQUISI\u00c7\u00c3O DE ALIMENTOS\",\"datePublished\":\"2024-02-19T15:42:53+00:00\",\"mainEntityOfPage\":{\"@id\":\"https:\\\/\\\/bohngass.com.br\\\/?p=3259\"},\"wordCount\":614,\"commentCount\":0,\"publisher\":{\"@id\":\"https:\\\/\\\/bohngass.com.br\\\/#organization\"},\"image\":{\"@id\":\"https:\\\/\\\/bohngass.com.br\\\/?p=3259#primaryimage\"},\"thumbnailUrl\":\"https:\\\/\\\/bohngass.com.br\\\/wp-content\\\/uploads\\\/2024\\\/02\\\/428628694_920148116149875_6895745156342987090_n.jpg\",\"keywords\":[\"agricultura familiar\",\"compra p\u00fablica\",\"cooperativa\",\"GHC\",\"governo Lula\",\"minist\u00e9rio do desenvolvimento agr\u00e1rio\",\"PAA\",\"Paulo Teixeira\",\"Redecoop\",\"Rio Grande do Sul\",\"sa\u00fade\"],\"articleSection\":[\"Agricultura Familiar\",\"Cooperativa\",\"Lula\",\"Rio Grande do Sul\",\"Sa\u00fade\"],\"inLanguage\":\"pt-BR\",\"potentialAction\":[{\"@type\":\"CommentAction\",\"name\":\"Comment\",\"target\":[\"https:\\\/\\\/bohngass.com.br\\\/?p=3259#respond\"]}]},{\"@type\":\"WebPage\",\"@id\":\"https:\\\/\\\/bohngass.com.br\\\/?p=3259\",\"url\":\"https:\\\/\\\/bohngass.com.br\\\/?p=3259\",\"name\":\"GHC \u00c9 PRIMEIRO HOSPITAL P\u00daBLICO DO BRASIL A FECHAR CONTRATO COM O PROGRAMA DE AQUISI\u00c7\u00c3O DE ALIMENTOS - Deputado Federal Bohn Gass \u2605 PT\\\/RS\",\"isPartOf\":{\"@id\":\"https:\\\/\\\/bohngass.com.br\\\/#website\"},\"primaryImageOfPage\":{\"@id\":\"https:\\\/\\\/bohngass.com.br\\\/?p=3259#primaryimage\"},\"image\":{\"@id\":\"https:\\\/\\\/bohngass.com.br\\\/?p=3259#primaryimage\"},\"thumbnailUrl\":\"https:\\\/\\\/bohngass.com.br\\\/wp-content\\\/uploads\\\/2024\\\/02\\\/428628694_920148116149875_6895745156342987090_n.jpg\",\"datePublished\":\"2024-02-19T15:42:53+00:00\",\"breadcrumb\":{\"@id\":\"https:\\\/\\\/bohngass.com.br\\\/?p=3259#breadcrumb\"},\"inLanguage\":\"pt-BR\",\"potentialAction\":[{\"@type\":\"ReadAction\",\"target\":[\"https:\\\/\\\/bohngass.com.br\\\/?p=3259\"]}]},{\"@type\":\"ImageObject\",\"inLanguage\":\"pt-BR\",\"@id\":\"https:\\\/\\\/bohngass.com.br\\\/?p=3259#primaryimage\",\"url\":\"https:\\\/\\\/bohngass.com.br\\\/wp-content\\\/uploads\\\/2024\\\/02\\\/428628694_920148116149875_6895745156342987090_n.jpg\",\"contentUrl\":\"https:\\\/\\\/bohngass.com.br\\\/wp-content\\\/uploads\\\/2024\\\/02\\\/428628694_920148116149875_6895745156342987090_n.jpg\",\"width\":1248,\"height\":874},{\"@type\":\"BreadcrumbList\",\"@id\":\"https:\\\/\\\/bohngass.com.br\\\/?p=3259#breadcrumb\",\"itemListElement\":[{\"@type\":\"ListItem\",\"position\":1,\"name\":\"In\u00edcio\",\"item\":\"https:\\\/\\\/bohngass.com.br\\\/\"},{\"@type\":\"ListItem\",\"position\":2,\"name\":\"GHC \u00c9 PRIMEIRO HOSPITAL P\u00daBLICO DO BRASIL A FECHAR CONTRATO COM O PROGRAMA DE AQUISI\u00c7\u00c3O DE ALIMENTOS\"}]},{\"@type\":\"WebSite\",\"@id\":\"https:\\\/\\\/bohngass.com.br\\\/#website\",\"url\":\"https:\\\/\\\/bohngass.com.br\\\/\",\"name\":\"Deputado Federal Bohn Gass \u2605 PT\\\/RS\",\"description\":\"Deputado Federal Bohn Gass\",\"publisher\":{\"@id\":\"https:\\\/\\\/bohngass.com.br\\\/#organization\"},\"potentialAction\":[{\"@type\":\"SearchAction\",\"target\":{\"@type\":\"EntryPoint\",\"urlTemplate\":\"https:\\\/\\\/bohngass.com.br\\\/?s={search_term_string}\"},\"query-input\":{\"@type\":\"PropertyValueSpecification\",\"valueRequired\":true,\"valueName\":\"search_term_string\"}}],\"inLanguage\":\"pt-BR\"},{\"@type\":\"Organization\",\"@id\":\"https:\\\/\\\/bohngass.com.br\\\/#organization\",\"name\":\"Deputado Bohn Gass\",\"url\":\"https:\\\/\\\/bohngass.com.br\\\/\",\"logo\":{\"@type\":\"ImageObject\",\"inLanguage\":\"pt-BR\",\"@id\":\"https:\\\/\\\/bohngass.com.br\\\/#\\\/schema\\\/logo\\\/image\\\/\",\"url\":\"http:\\\/\\\/bohngass.com.br\\\/wp-content\\\/uploads\\\/2021\\\/01\\\/logo.png\",\"contentUrl\":\"http:\\\/\\\/bohngass.com.br\\\/wp-content\\\/uploads\\\/2021\\\/01\\\/logo.png\",\"width\":357,\"height\":355,\"caption\":\"Deputado Bohn Gass\"},\"image\":{\"@id\":\"https:\\\/\\\/bohngass.com.br\\\/#\\\/schema\\\/logo\\\/image\\\/\"},\"sameAs\":[\"https:\\\/\\\/www.facebook.com\\\/bohngass13\",\"https:\\\/\\\/x.com\\\/BohnGass\",\"https:\\\/\\\/www.instagram.com\\\/bohn_gass\\\/\",\"https:\\\/\\\/www.youtube.com\\\/BohnGass13\\\/\",\"https:\\\/\\\/pt.wikipedia.org\\\/wiki\\\/Bohn_Gass\"]},{\"@type\":\"Person\",\"@id\":\"https:\\\/\\\/bohngass.com.br\\\/#\\\/schema\\\/person\\\/73f139d814ad08afd66e56929f99d4d6\",\"name\":\"admin\",\"image\":{\"@type\":\"ImageObject\",\"inLanguage\":\"pt-BR\",\"@id\":\"https:\\\/\\\/bohngass.com.br\\\/wp-content\\\/litespeed\\\/avatar\\\/46d26e448dfe42e49944850c1affc8d8.jpg?ver=1777227068\",\"url\":\"https:\\\/\\\/bohngass.com.br\\\/wp-content\\\/litespeed\\\/avatar\\\/46d26e448dfe42e49944850c1affc8d8.jpg?ver=1777227068\",\"contentUrl\":\"https:\\\/\\\/bohngass.com.br\\\/wp-content\\\/litespeed\\\/avatar\\\/46d26e448dfe42e49944850c1affc8d8.jpg?ver=1777227068\",\"caption\":\"admin\"},\"sameAs\":[\"http:\\\/\\\/www2.bohngass.com.br\"]}]}<\/script>\n<!-- \/ Yoast SEO plugin. -->","yoast_head_json":{"title":"GHC \u00c9 PRIMEIRO HOSPITAL P\u00daBLICO DO BRASIL A FECHAR CONTRATO COM O PROGRAMA DE AQUISI\u00c7\u00c3O DE ALIMENTOS - Deputado Federal Bohn Gass \u2605 PT\/RS","robots":{"index":"index","follow":"follow","max-snippet":"max-snippet:-1","max-image-preview":"max-image-preview:large","max-video-preview":"max-video-preview:-1"},"canonical":"https:\/\/bohngass.com.br\/?p=3259","og_locale":"pt_BR","og_type":"article","og_title":"GHC \u00c9 PRIMEIRO HOSPITAL P\u00daBLICO DO BRASIL A FECHAR CONTRATO COM O PROGRAMA DE AQUISI\u00c7\u00c3O DE ALIMENTOS - Deputado Federal Bohn Gass \u2605 PT\/RS","og_description":"COOPERATIVAS DA REDECOOP ASSINAM CONTRATO DE R$ 4,4 MILH\u00d5ES PARA FORNECER ALIMENTOS SAUD\u00c1VEIS AO GHC O ministro do Desenvolvimento Agr\u00e1rio e da Agricultura Familiar do Governo Lula, Paulo Texeira e do presidente da Companhia Nacional de Abastacimento, Edegar Pretto, foi assinado nesta sexta-feira (16), em Porto Alegre, um contrato de R$ 4,4 milh\u00f5es entre cooperativas [&hellip;]","og_url":"https:\/\/bohngass.com.br\/?p=3259","og_site_name":"Deputado Federal Bohn Gass \u2605 PT\/RS","article_publisher":"https:\/\/www.facebook.com\/bohngass13","article_published_time":"2024-02-19T15:42:53+00:00","og_image":[{"width":1248,"height":874,"url":"https:\/\/bohngass.com.br\/wp-content\/uploads\/2024\/02\/428628694_920148116149875_6895745156342987090_n.jpg","type":"image\/jpeg"}],"author":"admin","twitter_card":"summary_large_image","twitter_creator":"@BohnGass","twitter_site":"@BohnGass","twitter_misc":{"Escrito por":"admin","Est. tempo de leitura":"4 minutos"},"schema":{"@context":"https:\/\/schema.org","@graph":[{"@type":"Article","@id":"https:\/\/bohngass.com.br\/?p=3259#article","isPartOf":{"@id":"https:\/\/bohngass.com.br\/?p=3259"},"author":{"name":"admin","@id":"https:\/\/bohngass.com.br\/#\/schema\/person\/73f139d814ad08afd66e56929f99d4d6"},"headline":"GHC \u00c9 PRIMEIRO HOSPITAL P\u00daBLICO DO BRASIL A FECHAR CONTRATO COM O PROGRAMA DE AQUISI\u00c7\u00c3O DE ALIMENTOS","datePublished":"2024-02-19T15:42:53+00:00","mainEntityOfPage":{"@id":"https:\/\/bohngass.com.br\/?p=3259"},"wordCount":614,"commentCount":0,"publisher":{"@id":"https:\/\/bohngass.com.br\/#organization"},"image":{"@id":"https:\/\/bohngass.com.br\/?p=3259#primaryimage"},"thumbnailUrl":"https:\/\/bohngass.com.br\/wp-content\/uploads\/2024\/02\/428628694_920148116149875_6895745156342987090_n.jpg","keywords":["agricultura familiar","compra p\u00fablica","cooperativa","GHC","governo Lula","minist\u00e9rio do desenvolvimento agr\u00e1rio","PAA","Paulo Teixeira","Redecoop","Rio Grande do Sul","sa\u00fade"],"articleSection":["Agricultura Familiar","Cooperativa","Lula","Rio Grande do Sul","Sa\u00fade"],"inLanguage":"pt-BR","potentialAction":[{"@type":"CommentAction","name":"Comment","target":["https:\/\/bohngass.com.br\/?p=3259#respond"]}]},{"@type":"WebPage","@id":"https:\/\/bohngass.com.br\/?p=3259","url":"https:\/\/bohngass.com.br\/?p=3259","name":"GHC \u00c9 PRIMEIRO HOSPITAL P\u00daBLICO DO BRASIL A FECHAR CONTRATO COM O PROGRAMA DE AQUISI\u00c7\u00c3O DE ALIMENTOS - Deputado Federal Bohn Gass \u2605 PT\/RS","isPartOf":{"@id":"https:\/\/bohngass.com.br\/#website"},"primaryImageOfPage":{"@id":"https:\/\/bohngass.com.br\/?p=3259#primaryimage"},"image":{"@id":"https:\/\/bohngass.com.br\/?p=3259#primaryimage"},"thumbnailUrl":"https:\/\/bohngass.com.br\/wp-content\/uploads\/2024\/02\/428628694_920148116149875_6895745156342987090_n.jpg","datePublished":"2024-02-19T15:42:53+00:00","breadcrumb":{"@id":"https:\/\/bohngass.com.br\/?p=3259#breadcrumb"},"inLanguage":"pt-BR","potentialAction":[{"@type":"ReadAction","target":["https:\/\/bohngass.com.br\/?p=3259"]}]},{"@type":"ImageObject","inLanguage":"pt-BR","@id":"https:\/\/bohngass.com.br\/?p=3259#primaryimage","url":"https:\/\/bohngass.com.br\/wp-content\/uploads\/2024\/02\/428628694_920148116149875_6895745156342987090_n.jpg","contentUrl":"https:\/\/bohngass.com.br\/wp-content\/uploads\/2024\/02\/428628694_920148116149875_6895745156342987090_n.jpg","width":1248,"height":874},{"@type":"BreadcrumbList","@id":"https:\/\/bohngass.com.br\/?p=3259#breadcrumb","itemListElement":[{"@type":"ListItem","position":1,"name":"In\u00edcio","item":"https:\/\/bohngass.com.br\/"},{"@type":"ListItem","position":2,"name":"GHC \u00c9 PRIMEIRO HOSPITAL P\u00daBLICO DO BRASIL A FECHAR CONTRATO COM O PROGRAMA DE AQUISI\u00c7\u00c3O DE ALIMENTOS"}]},{"@type":"WebSite","@id":"https:\/\/bohngass.com.br\/#website","url":"https:\/\/bohngass.com.br\/","name":"Deputado Federal Bohn Gass \u2605 PT\/RS","description":"Deputado Federal Bohn Gass","publisher":{"@id":"https:\/\/bohngass.com.br\/#organization"},"potentialAction":[{"@type":"SearchAction","target":{"@type":"EntryPoint","urlTemplate":"https:\/\/bohngass.com.br\/?s={search_term_string}"},"query-input":{"@type":"PropertyValueSpecification","valueRequired":true,"valueName":"search_term_string"}}],"inLanguage":"pt-BR"},{"@type":"Organization","@id":"https:\/\/bohngass.com.br\/#organization","name":"Deputado Bohn Gass","url":"https:\/\/bohngass.com.br\/","logo":{"@type":"ImageObject","inLanguage":"pt-BR","@id":"https:\/\/bohngass.com.br\/#\/schema\/logo\/image\/","url":"http:\/\/bohngass.com.br\/wp-content\/uploads\/2021\/01\/logo.png","contentUrl":"http:\/\/bohngass.com.br\/wp-content\/uploads\/2021\/01\/logo.png","width":357,"height":355,"caption":"Deputado Bohn Gass"},"image":{"@id":"https:\/\/bohngass.com.br\/#\/schema\/logo\/image\/"},"sameAs":["https:\/\/www.facebook.com\/bohngass13","https:\/\/x.com\/BohnGass","https:\/\/www.instagram.com\/bohn_gass\/","https:\/\/www.youtube.com\/BohnGass13\/","https:\/\/pt.wikipedia.org\/wiki\/Bohn_Gass"]},{"@type":"Person","@id":"https:\/\/bohngass.com.br\/#\/schema\/person\/73f139d814ad08afd66e56929f99d4d6","name":"admin","image":{"@type":"ImageObject","inLanguage":"pt-BR","@id":"https:\/\/bohngass.com.br\/wp-content\/litespeed\/avatar\/46d26e448dfe42e49944850c1affc8d8.jpg?ver=1777227068","url":"https:\/\/bohngass.com.br\/wp-content\/litespeed\/avatar\/46d26e448dfe42e49944850c1affc8d8.jpg?ver=1777227068","contentUrl":"https:\/\/bohngass.com.br\/wp-content\/litespeed\/avatar\/46d26e448dfe42e49944850c1affc8d8.jpg?ver=1777227068","caption":"admin"},"sameAs":["http:\/\/www2.bohngass.com.br"]}]}},"_links":{"self":[{"href":"https:\/\/bohngass.com.br\/index.php?rest_route=\/wp\/v2\/posts\/3259","targetHints":{"allow":["GET"]}}],"collection":[{"href":"https:\/\/bohngass.com.br\/index.php?rest_route=\/wp\/v2\/posts"}],"about":[{"href":"https:\/\/bohngass.com.br\/index.php?rest_route=\/wp\/v2\/types\/post"}],"author":[{"embeddable":true,"href":"https:\/\/bohngass.com.br\/index.php?rest_route=\/wp\/v2\/users\/1"}],"replies":[{"embeddable":true,"href":"https:\/\/bohngass.com.br\/index.php?rest_route=%2Fwp%2Fv2%2Fcomments&post=3259"}],"version-history":[{"count":0,"href":"https:\/\/bohngass.com.br\/index.php?rest_route=\/wp\/v2\/posts\/3259\/revisions"}],"wp:featuredmedia":[{"embeddable":true,"href":"https:\/\/bohngass.com.br\/index.php?rest_route=\/wp\/v2\/media\/3260"}],"wp:attachment":[{"href":"https:\/\/bohngass.com.br\/index.php?rest_route=%2Fwp%2Fv2%2Fmedia&parent=3259"}],"wp:term":[{"taxonomy":"category","embeddable":true,"href":"https:\/\/bohngass.com.br\/index.php?rest_route=%2Fwp%2Fv2%2Fcategories&post=3259"},{"taxonomy":"post_tag","embeddable":true,"href":"https:\/\/bohngass.com.br\/index.php?rest_route=%2Fwp%2Fv2%2Ftags&post=3259"}],"curies":[{"name":"wp","href":"https:\/\/api.w.org\/{rel}","templated":true}]}}