{"id":3710,"date":"2024-11-27T12:33:21","date_gmt":"2024-11-27T15:33:21","guid":{"rendered":"https:\/\/bohngass.com.br\/?p=3710"},"modified":"2024-11-27T13:26:05","modified_gmt":"2024-11-27T16:26:05","slug":"projeto-de-bohn-gass-para-desnegativar-produtores-rurais-e-aprovado-na-camara","status":"publish","type":"post","link":"https:\/\/bohngass.com.br\/?p=3710","title":{"rendered":"Projeto de Bohn Gass para desnegativar produtores rurais \u00e9 aprovado na C\u00e2mara"},"content":{"rendered":"\n<p>Para criar condi\u00e7\u00f5es muito favor\u00e1veis aos produtores rurais quitarem ou renegociarem suas d\u00edvidas e, assim, limparem seus nomes e acessarem novos cr\u00e9ditos \u2013 a chamada desnegativa\u00e7\u00e3o &#8211; &nbsp;os deputados Bohn Gass (PT\/RS) e Jos\u00e9 Guimar\u00e3es (PT\/CE), apresentaram projeto de lei que foi aprovado nesta ter\u00e7a-feira (26) na C\u00e2mara Federal. Pelo projeto, ser\u00e3o contemplados agricultores que perderam 30% ou mais da renda em atividades agropecu\u00e1rias. A proposta &nbsp;\u2013 que incorpora as&nbsp;<a href=\"https:\/\/www.camara.leg.br\/noticias\/1086093-MEDIDA-PROVISORIA-GARANTE-REPACTUACAO-DE-DIVIDAS-RURAIS-NO-RIO-GRANDE-DO-SUL\" target=\"_blank\" rel=\"noreferrer noopener\">Medidas Provis\u00f3rias 1247\/24<\/a>&nbsp;e 1272\/24 \u2013 segue, agora, para o Senado.<\/p>\n\n\n\n<p>O texto prev\u00ea a concess\u00e3o do desconto mesmo sem valida\u00e7\u00e3o das perdas declaradas caso sua an\u00e1lise n\u00e3o seja feita pelo \u00f3rg\u00e3o competente at\u00e9 31 de dezembro de 2024.<\/p>\n\n\n\n<p>\u201cEste projeto atende a pauta de entidades da agricultura ga\u00facha e tem a concord\u00e2ncia do governo Lula. \u00c9 mais uma a\u00e7\u00e3o concreta para a reconstru\u00e7\u00e3o do Estado\u201d, diz Bohn Gass. Ele lembra que culturas como soja, arroz, trigo e pecu\u00e1ria, sofreram grandes preju\u00edzos com as enchentes, e acrescenta que \u201co objetivo do projeto vai al\u00e9m porque inclui a recupera\u00e7\u00e3o da infraestrutura de propriedades rurais que foram danificadas pelas \u00e1guas\u201d.<\/p>\n\n\n\n<p>Bohn Gass tamb\u00e9m destaca que as duas MPs incorporadas ao projeto poderiam perder a validade e, em consequ\u00eancia, os recursos n\u00e3o chegariam aos agricultores ga\u00fachos.&nbsp;<\/p>\n\n\n\n<p><strong>COMO VAI FUNCIONAR &#8211;<\/strong>&nbsp;Os pedidos de desconto dever\u00e3o ser decididos pelo Conselho Municipal de Desenvolvimento Rural Sustent\u00e1vel (CMDRS). Quando n\u00e3o houver conselho, uma comiss\u00e3o especial poder\u00e1 atuar em seu lugar.<\/p>\n\n\n\n<p>Essa comiss\u00e3o ser\u00e1 composta por representantes dos minist\u00e9rios da Agricultura e Pecu\u00e1ria, da Fazenda e do Desenvolvimento Agr\u00e1rio e Agricultura Familiar, que a presidir\u00e1.<\/p>\n\n\n\n<p><strong>DESCONTOS &#8211;&nbsp;<\/strong>Os maiores descontos ser\u00e3o decididos pela comiss\u00e3o especial de an\u00e1lise, que cuidar\u00e1 dos pedidos em opera\u00e7\u00f5es individuais, grupais ou coletivas contratadas para custeio, industrializa\u00e7\u00e3o ou investimento se as perdas tiverem sido iguais ou superior a 60% devido a deslizamento de terras ou destrui\u00e7\u00e3o pela for\u00e7a das \u00e1guas na inunda\u00e7\u00e3o.<\/p>\n\n\n\n<p>O colegiado analisar\u00e1 ainda pedidos de cooperativas de produ\u00e7\u00e3o agropecu\u00e1ria se a perda tiver sido igual ou maior que 30%.<\/p>\n\n\n\n<p>Os descontos, por mutu\u00e1rio, ser\u00e3o de at\u00e9 R$ 10 mil para os cooperados e de at\u00e9 R$ 120 mil para os demais.<\/p>\n\n\n\n<p>A comiss\u00e3o pode decidir por descontos menores e haver\u00e1 um limite de desconto de at\u00e9 50% das parcelas no caso dos cooperados. Ap\u00f3s a defini\u00e7\u00e3o do desconto, o res\u00edduo de empr\u00e9stimos para custeio e industrializa\u00e7\u00e3o poder\u00e1 ser renegociado para pagamento em at\u00e9 quatro anos, com vencimento da primeira parcela no pr\u00f3ximo ano, mantidos os descontos e b\u00f4nus previstos no contrato original.<\/p>\n\n\n\n<p>Opera\u00e7\u00f5es para investimento contar\u00e3o com prazo prorrogado para at\u00e9 12 meses ap\u00f3s a data prevista para o vencimento dos contratos, mantidas tamb\u00e9m as condi\u00e7\u00f5es originais.<\/p>\n\n\n\n<p>Excepcionalmente, o desconto concedido em 2024 pela comiss\u00e3o poder\u00e1 abranger as parcelas de cr\u00e9dito de investimento com vencimento em 2025, mas dentro dos limites m\u00e1ximos por mutu\u00e1rio.<\/p>\n\n\n\n<p><strong>CASOS EXCEPCIONAIS &#8211;&nbsp;<\/strong>Outros valores diferenciados de desconto poder\u00e3o ser concedidos por um conselho municipal conforme o tipo de cr\u00e9dito obtido, mas todos os beneficiados devem seguir requisitos de enquadramento definidos nas regras para custeio, investimento e industrializa\u00e7\u00e3o.<\/p>\n\n\n\n<p>VEJA AS REGRAS:&nbsp;<\/p>\n\n\n\n<p><strong>1. para custeio:<\/strong><\/p>\n\n\n\n<ul class=\"wp-block-list\">\n<li>produtores rurais em geral ou aqueles contratantes junto ao Pronaf e Pronamp;<\/li>\n\n\n\n<li>parcelas com vencimento de 1\u00ba\/5 a 31\/12 de 2024, desde que a opera\u00e7\u00e3o tenha sido contratada at\u00e9 15\/4\/2024 e com libera\u00e7\u00e3o de recursos ao mutu\u00e1rio, total ou parcial, anterior a 1\u00ba\/5\/2024; e<\/li>\n\n\n\n<li>empreendimento financiado nos munic\u00edpios do RS com estado de calamidade p\u00fablica ou situa\u00e7\u00e3o de emerg\u00eancia reconhecidos pelo governo federal at\u00e9 30\/08\/2024<\/li>\n<\/ul>\n\n\n\n<p><strong>2. para investimento<\/strong><\/p>\n\n\n\n<ul class=\"wp-block-list\">\n<li>produtores rurais em geral ou contratantes junto ao Pronaf e ao Pronamp;<\/li>\n\n\n\n<li>com vencimento de 1\u00ba\/5 a 31\/12\/2024<\/li>\n\n\n\n<li>empreendimento financiado nos munic\u00edpios do RS com estado de calamidade p\u00fablica ou situa\u00e7\u00e3o de emerg\u00eancia reconhecidos pelo governo federal at\u00e9 30\/08\/2024<\/li>\n<\/ul>\n\n\n\n<p><strong>3. para industrializa\u00e7\u00e3o<\/strong><\/p>\n\n\n\n<ul class=\"wp-block-list\">\n<li>somente para liquida\u00e7\u00e3o ou renegocia\u00e7\u00e3o de opera\u00e7\u00f5es contratadas no \u00e2mbito do Pronaf com a comprova\u00e7\u00e3o de perdas materiais.<\/li>\n<\/ul>\n\n\n\n<p><strong>DECLARA\u00c7\u00c3O PESSOAL &#8211;<\/strong>&nbsp;Quando se tratar de empr\u00e9stimos para custeio, se o mutu\u00e1rio apresentar apenas uma declara\u00e7\u00e3o pessoal de perdas da renda na atividade financiada de 30% ou mais, o desconto ser\u00e1 de 30% sobre a parcela se houver a liquida\u00e7\u00e3o, limitado a R$ 20 mil no total.<\/p>\n\n\n\n<p>Na op\u00e7\u00e3o por renegociar, o desconto ser\u00e1 de 24% sobre as parcelas, limitado a R$ 16 mil no total.<\/p>\n\n\n\n<p>Entretanto, se al\u00e9m da declara\u00e7\u00e3o pessoal o interessado apresentar laudo t\u00e9cnico, o conselho municipal poder\u00e1 aprovar desconto de at\u00e9 50% das parcelas na quita\u00e7\u00e3o ou R$ 25 mil, o que for menor.<\/p>\n\n\n\n<p>Para renegociar, o desconto ser\u00e1 de 40% das parcelas ou R$ 20 mil, o que for menor.<\/p>\n\n\n\n<p>Esses descontos (s\u00f3 declara\u00e7\u00e3o ou declara\u00e7\u00e3o com laudo) n\u00e3o s\u00e3o cumulativos e ser\u00e3o concedidos, no contrato grupal ou coletivo, apenas ao produtor rural que tenha tido perdas e atenda \u00e0s condi\u00e7\u00f5es.<\/p>\n\n\n\n<p>Com o decurso de prazo por falta de an\u00e1lise do pedido e do laudo, o desconto poder\u00e1 atingir o m\u00e1ximo pedido pelo produtor dentro dos limites fixados.<\/p>\n\n\n\n<p><strong>Investimento<\/strong><br>Nos empr\u00e9stimos para investimento, o conselho municipal tamb\u00e9m avaliar\u00e1 da mesma forma, com valores diferentes. Assim, na apresenta\u00e7\u00e3o apenas de declara\u00e7\u00e3o, o desconto para quita\u00e7\u00e3o ser\u00e1 de 30% das parcelas, limitado a R$ 5 mil; se for para renegociar, o desconto ser\u00e1 de 24% das parcelas, limitado a R$ 4 mil por mutu\u00e1rio.<\/p>\n\n\n\n<p>Quando apresentados a declara\u00e7\u00e3o e o laudo t\u00e9cnico, o conselho poder\u00e1 conceder desconto equivalente ao percentual de perdas da atividade ou bem financiados, limitado a 50% da parcela a ser quitada ou R$ 15 mil, o que for menor.<\/p>\n\n\n\n<p>Em renegocia\u00e7\u00f5es, vale a mesma l\u00f3gica, mas os par\u00e2metros s\u00e3o 40% ou R$ 12 mil, o que for menor.<\/p>\n\n\n\n<p><strong>Sem inadimpl\u00eancia<\/strong><br>Para todos os casos, o mutu\u00e1rio dever\u00e1 estar em dia com as parcelas antes de 1\u00ba de maio de 2024 para ter acesso aos descontos nas parcelas seguintes. As parcelas em atraso n\u00e3o contar\u00e3o com desconto.<\/p>\n\n\n\n<p>Essa regra consta do decreto, mas com a aprova\u00e7\u00e3o do projeto, dever\u00e1 haver uma adequa\u00e7\u00e3o, porque o PL 4448\/24 permite aos bancos a renegocia\u00e7\u00e3o de d\u00edvidas com mutu\u00e1rios que tenham restri\u00e7\u00e3o de cr\u00e9dito (cadastro negativo).<\/p>\n\n\n\n<p>No entanto, isso valer\u00e1 apenas para contrata\u00e7\u00f5es no \u00e2mbito do Pronaf dos grupos A, A\/C e B, em opera\u00e7\u00f5es realizadas com risco integral do Fundo Constitucional de Financiamento do Nordeste (FNE), do Fundo Constitucional de Financiamento do Norte (FNO), do Fundo Constitucional de Financiamento do Centro-Oeste (FCO) ou do Tesouro Nacional.<\/p>\n\n\n\n<p><strong>Exclus\u00f5es<\/strong><br>O projeto exclui determinadas opera\u00e7\u00f5es, como aquelas liquidadas antes da data de publica\u00e7\u00e3o da Medida Provis\u00f3ria 1247\/24 (31\/07\/24), aquelas com cobertura de seguro ou do Programa de Garantia da Atividade Agropecu\u00e1ria (Proagro) e aquelas conduzidas fora das condi\u00e7\u00f5es estabelecidas pelo Zoneamento Agr\u00edcola de Risco Clim\u00e1tico (Zarc).<\/p>\n\n\n\n<p><strong>Custos<\/strong><br>Os custos resultantes da concess\u00e3o do desconto e da renegocia\u00e7\u00e3o das opera\u00e7\u00f5es equalizadas ser\u00e3o assumidos pela Uni\u00e3o dentro do limite das disponibilidades or\u00e7ament\u00e1rias e financeiras espec\u00edficas para essa finalidade.<\/p>\n\n\n\n<p><strong>Fundo Social<\/strong><br>O texto aprovado tamb\u00e9m aumenta em R$ 500 milh\u00f5es os recursos do Fundo Garantidor de Investimentos (FGI) para cobrir opera\u00e7\u00f5es inadimplentes contratadas por meio do Peac-FGI Cr\u00e9dito Solid\u00e1rio RS.<\/p>\n\n\n\n<p>Esse programa foi criado para socorrer empresas atingidas pelas enchentes no estado por meio de cr\u00e9ditos subsidiados, via Banco Nacional de Desenvolvimento Econ\u00f4mico e Social (BNDES), com R$ 20 bilh\u00f5es de recursos do Fundo Social, segundo aprovado pelo&nbsp;<a href=\"https:\/\/www.camara.leg.br\/noticias\/1098047-NOVA-LEI-FLEXIBILIZA-LICITACOES-DURANTE-CALAMIDADES-PUBLICAS\" target=\"_blank\" rel=\"noreferrer noopener\">Projeto de Lei 3117\/24<\/a>.<\/p>\n\n\n\n<p><strong>FGO &#8211;&nbsp;<\/strong>Em rela\u00e7\u00e3o ao aporte de at\u00e9 R$ 600 milh\u00f5es ao Fundo Garantidor de Opera\u00e7\u00f5es (FGO), o projeto concede prazo maior, at\u00e9 29 de novembro de 2024, para o Minist\u00e9rio da Fazenda fazer o repasse. O dinheiro garante empr\u00e9stimos do Pronaf e do Pronamp.<\/p>\n\n\n\n<p><strong>Pre\u00e7os m\u00ednimos &#8211;&nbsp;<\/strong>Da Medida Provis\u00f3ria 1272\/24, o Projeto de Lei 4448\/24 incorporou outros pontos, como o uso da Pol\u00edtica de Garantia de Pre\u00e7os M\u00ednimos (PGPM) para produtos extrativistas para beneficiar agricultores familiares, extrativistas e povos e comunidades tradicionais. Essa pol\u00edtica busca garantir uma rentabilidade m\u00ednima e beneficia principalmente a regi\u00e3o amaz\u00f4nica em raz\u00e3o da estiagem.<\/p>\n\n\n\n<p>Foto Gustavo Bezerra, PTnaC\u00e2mara&nbsp;&#8211;&nbsp;<strong><em>Bohn Gass: autor do projeto de desnegativa\u00e7\u00e3o dos produtores ga\u00fachos<\/em><\/strong><\/p>\n","protected":false},"excerpt":{"rendered":"<p>Para criar condi\u00e7\u00f5es muito favor\u00e1veis aos produtores rurais quitarem ou renegociarem suas d\u00edvidas e, assim, limparem seus nomes e acessarem novos cr\u00e9ditos \u2013 a chamada desnegativa\u00e7\u00e3o &#8211; &nbsp;os deputados Bohn Gass (PT\/RS) e Jos\u00e9 Guimar\u00e3es (PT\/CE), apresentaram projeto de lei que foi aprovado nesta ter\u00e7a-feira (26) na C\u00e2mara Federal. Pelo projeto, ser\u00e3o contemplados agricultores que [&hellip;]<\/p>\n","protected":false},"author":1,"featured_media":3711,"comment_status":"open","ping_status":"open","sticky":false,"template":"","format":"standard","meta":{"footnotes":""},"categories":[41,5],"tags":[338,36,57,1199,1133,218,7,161,70],"class_list":["post-3710","post","type-post","status-publish","format-standard","has-post-thumbnail","hentry","category-agricultura-familiar","category-iniciativa-parlamentar","tag-agricultor","tag-agricultura-familiar","tag-credito","tag-desenrola","tag-divida","tag-financiamento","tag-projeto-de-lei","tag-pronaf","tag-rio-grande-do-sul"],"yoast_head":"<!-- This site is optimized with the Yoast SEO plugin v27.4 - https:\/\/yoast.com\/product\/yoast-seo-wordpress\/ -->\n<title>Projeto de Bohn Gass para desnegativar produtores rurais \u00e9 aprovado na C\u00e2mara - Deputado Federal Bohn Gass \u2605 PT\/RS<\/title>\n<meta name=\"robots\" content=\"index, follow, max-snippet:-1, max-image-preview:large, max-video-preview:-1\" \/>\n<link rel=\"canonical\" href=\"https:\/\/bohngass.com.br\/?p=3710\" \/>\n<meta property=\"og:locale\" content=\"pt_BR\" \/>\n<meta property=\"og:type\" content=\"article\" \/>\n<meta property=\"og:title\" content=\"Projeto de Bohn Gass para desnegativar produtores rurais \u00e9 aprovado na C\u00e2mara - Deputado Federal Bohn Gass \u2605 PT\/RS\" \/>\n<meta property=\"og:description\" content=\"Para criar condi\u00e7\u00f5es muito favor\u00e1veis aos produtores rurais quitarem ou renegociarem suas d\u00edvidas e, assim, limparem seus nomes e acessarem novos cr\u00e9ditos \u2013 a chamada desnegativa\u00e7\u00e3o &#8211; &nbsp;os deputados Bohn Gass (PT\/RS) e Jos\u00e9 Guimar\u00e3es (PT\/CE), apresentaram projeto de lei que foi aprovado nesta ter\u00e7a-feira (26) na C\u00e2mara Federal. Pelo projeto, ser\u00e3o contemplados agricultores que [&hellip;]\" \/>\n<meta property=\"og:url\" content=\"https:\/\/bohngass.com.br\/?p=3710\" \/>\n<meta property=\"og:site_name\" content=\"Deputado Federal Bohn Gass \u2605 PT\/RS\" \/>\n<meta property=\"article:publisher\" content=\"https:\/\/www.facebook.com\/bohngass13\" \/>\n<meta property=\"article:published_time\" content=\"2024-11-27T15:33:21+00:00\" \/>\n<meta property=\"article:modified_time\" content=\"2024-11-27T16:26:05+00:00\" \/>\n<meta property=\"og:image\" content=\"https:\/\/bohngass.com.br\/wp-content\/uploads\/2024\/11\/26653937048_42c1684358_5k-scaled.jpg\" \/>\n\t<meta property=\"og:image:width\" content=\"2560\" \/>\n\t<meta property=\"og:image:height\" content=\"1707\" \/>\n\t<meta property=\"og:image:type\" content=\"image\/jpeg\" \/>\n<meta name=\"author\" content=\"admin\" \/>\n<meta name=\"twitter:card\" content=\"summary_large_image\" \/>\n<meta name=\"twitter:creator\" content=\"@BohnGass\" \/>\n<meta name=\"twitter:site\" content=\"@BohnGass\" \/>\n<meta name=\"twitter:label1\" content=\"Escrito por\" \/>\n\t<meta name=\"twitter:data1\" content=\"admin\" \/>\n\t<meta name=\"twitter:label2\" content=\"Est. tempo de leitura\" \/>\n\t<meta name=\"twitter:data2\" content=\"8 minutos\" \/>\n<script type=\"application\/ld+json\" class=\"yoast-schema-graph\">{\"@context\":\"https:\\\/\\\/schema.org\",\"@graph\":[{\"@type\":\"Article\",\"@id\":\"https:\\\/\\\/bohngass.com.br\\\/?p=3710#article\",\"isPartOf\":{\"@id\":\"https:\\\/\\\/bohngass.com.br\\\/?p=3710\"},\"author\":{\"name\":\"admin\",\"@id\":\"https:\\\/\\\/bohngass.com.br\\\/#\\\/schema\\\/person\\\/73f139d814ad08afd66e56929f99d4d6\"},\"headline\":\"Projeto de Bohn Gass para desnegativar produtores rurais \u00e9 aprovado na C\u00e2mara\",\"datePublished\":\"2024-11-27T15:33:21+00:00\",\"dateModified\":\"2024-11-27T16:26:05+00:00\",\"mainEntityOfPage\":{\"@id\":\"https:\\\/\\\/bohngass.com.br\\\/?p=3710\"},\"wordCount\":1452,\"commentCount\":0,\"publisher\":{\"@id\":\"https:\\\/\\\/bohngass.com.br\\\/#organization\"},\"image\":{\"@id\":\"https:\\\/\\\/bohngass.com.br\\\/?p=3710#primaryimage\"},\"thumbnailUrl\":\"https:\\\/\\\/bohngass.com.br\\\/wp-content\\\/uploads\\\/2024\\\/11\\\/26653937048_42c1684358_5k-scaled.jpg\",\"keywords\":[\"agricultor\",\"agricultura familiar\",\"cr\u00e9dito\",\"desenrola\",\"d\u00edvida\",\"financiamento\",\"projeto de lei\",\"Pronaf\",\"Rio Grande do Sul\"],\"articleSection\":[\"Agricultura Familiar\",\"Iniciativa Parlamentar\"],\"inLanguage\":\"pt-BR\",\"potentialAction\":[{\"@type\":\"CommentAction\",\"name\":\"Comment\",\"target\":[\"https:\\\/\\\/bohngass.com.br\\\/?p=3710#respond\"]}]},{\"@type\":\"WebPage\",\"@id\":\"https:\\\/\\\/bohngass.com.br\\\/?p=3710\",\"url\":\"https:\\\/\\\/bohngass.com.br\\\/?p=3710\",\"name\":\"Projeto de Bohn Gass para desnegativar produtores rurais \u00e9 aprovado na C\u00e2mara - Deputado Federal Bohn Gass \u2605 PT\\\/RS\",\"isPartOf\":{\"@id\":\"https:\\\/\\\/bohngass.com.br\\\/#website\"},\"primaryImageOfPage\":{\"@id\":\"https:\\\/\\\/bohngass.com.br\\\/?p=3710#primaryimage\"},\"image\":{\"@id\":\"https:\\\/\\\/bohngass.com.br\\\/?p=3710#primaryimage\"},\"thumbnailUrl\":\"https:\\\/\\\/bohngass.com.br\\\/wp-content\\\/uploads\\\/2024\\\/11\\\/26653937048_42c1684358_5k-scaled.jpg\",\"datePublished\":\"2024-11-27T15:33:21+00:00\",\"dateModified\":\"2024-11-27T16:26:05+00:00\",\"breadcrumb\":{\"@id\":\"https:\\\/\\\/bohngass.com.br\\\/?p=3710#breadcrumb\"},\"inLanguage\":\"pt-BR\",\"potentialAction\":[{\"@type\":\"ReadAction\",\"target\":[\"https:\\\/\\\/bohngass.com.br\\\/?p=3710\"]}]},{\"@type\":\"ImageObject\",\"inLanguage\":\"pt-BR\",\"@id\":\"https:\\\/\\\/bohngass.com.br\\\/?p=3710#primaryimage\",\"url\":\"https:\\\/\\\/bohngass.com.br\\\/wp-content\\\/uploads\\\/2024\\\/11\\\/26653937048_42c1684358_5k-scaled.jpg\",\"contentUrl\":\"https:\\\/\\\/bohngass.com.br\\\/wp-content\\\/uploads\\\/2024\\\/11\\\/26653937048_42c1684358_5k-scaled.jpg\",\"width\":2560,\"height\":1707},{\"@type\":\"BreadcrumbList\",\"@id\":\"https:\\\/\\\/bohngass.com.br\\\/?p=3710#breadcrumb\",\"itemListElement\":[{\"@type\":\"ListItem\",\"position\":1,\"name\":\"In\u00edcio\",\"item\":\"https:\\\/\\\/bohngass.com.br\\\/\"},{\"@type\":\"ListItem\",\"position\":2,\"name\":\"Projeto de Bohn Gass para desnegativar produtores rurais \u00e9 aprovado na C\u00e2mara\"}]},{\"@type\":\"WebSite\",\"@id\":\"https:\\\/\\\/bohngass.com.br\\\/#website\",\"url\":\"https:\\\/\\\/bohngass.com.br\\\/\",\"name\":\"Deputado Federal Bohn Gass \u2605 PT\\\/RS\",\"description\":\"Deputado Federal Bohn Gass\",\"publisher\":{\"@id\":\"https:\\\/\\\/bohngass.com.br\\\/#organization\"},\"potentialAction\":[{\"@type\":\"SearchAction\",\"target\":{\"@type\":\"EntryPoint\",\"urlTemplate\":\"https:\\\/\\\/bohngass.com.br\\\/?s={search_term_string}\"},\"query-input\":{\"@type\":\"PropertyValueSpecification\",\"valueRequired\":true,\"valueName\":\"search_term_string\"}}],\"inLanguage\":\"pt-BR\"},{\"@type\":\"Organization\",\"@id\":\"https:\\\/\\\/bohngass.com.br\\\/#organization\",\"name\":\"Deputado Bohn Gass\",\"url\":\"https:\\\/\\\/bohngass.com.br\\\/\",\"logo\":{\"@type\":\"ImageObject\",\"inLanguage\":\"pt-BR\",\"@id\":\"https:\\\/\\\/bohngass.com.br\\\/#\\\/schema\\\/logo\\\/image\\\/\",\"url\":\"http:\\\/\\\/bohngass.com.br\\\/wp-content\\\/uploads\\\/2021\\\/01\\\/logo.png\",\"contentUrl\":\"http:\\\/\\\/bohngass.com.br\\\/wp-content\\\/uploads\\\/2021\\\/01\\\/logo.png\",\"width\":357,\"height\":355,\"caption\":\"Deputado Bohn Gass\"},\"image\":{\"@id\":\"https:\\\/\\\/bohngass.com.br\\\/#\\\/schema\\\/logo\\\/image\\\/\"},\"sameAs\":[\"https:\\\/\\\/www.facebook.com\\\/bohngass13\",\"https:\\\/\\\/x.com\\\/BohnGass\",\"https:\\\/\\\/www.instagram.com\\\/bohn_gass\\\/\",\"https:\\\/\\\/www.youtube.com\\\/BohnGass13\\\/\",\"https:\\\/\\\/pt.wikipedia.org\\\/wiki\\\/Bohn_Gass\"]},{\"@type\":\"Person\",\"@id\":\"https:\\\/\\\/bohngass.com.br\\\/#\\\/schema\\\/person\\\/73f139d814ad08afd66e56929f99d4d6\",\"name\":\"admin\",\"image\":{\"@type\":\"ImageObject\",\"inLanguage\":\"pt-BR\",\"@id\":\"https:\\\/\\\/bohngass.com.br\\\/wp-content\\\/litespeed\\\/avatar\\\/46d26e448dfe42e49944850c1affc8d8.jpg?ver=1777227068\",\"url\":\"https:\\\/\\\/bohngass.com.br\\\/wp-content\\\/litespeed\\\/avatar\\\/46d26e448dfe42e49944850c1affc8d8.jpg?ver=1777227068\",\"contentUrl\":\"https:\\\/\\\/bohngass.com.br\\\/wp-content\\\/litespeed\\\/avatar\\\/46d26e448dfe42e49944850c1affc8d8.jpg?ver=1777227068\",\"caption\":\"admin\"},\"sameAs\":[\"http:\\\/\\\/www2.bohngass.com.br\"]}]}<\/script>\n<!-- \/ Yoast SEO plugin. -->","yoast_head_json":{"title":"Projeto de Bohn Gass para desnegativar produtores rurais \u00e9 aprovado na C\u00e2mara - Deputado Federal Bohn Gass \u2605 PT\/RS","robots":{"index":"index","follow":"follow","max-snippet":"max-snippet:-1","max-image-preview":"max-image-preview:large","max-video-preview":"max-video-preview:-1"},"canonical":"https:\/\/bohngass.com.br\/?p=3710","og_locale":"pt_BR","og_type":"article","og_title":"Projeto de Bohn Gass para desnegativar produtores rurais \u00e9 aprovado na C\u00e2mara - Deputado Federal Bohn Gass \u2605 PT\/RS","og_description":"Para criar condi\u00e7\u00f5es muito favor\u00e1veis aos produtores rurais quitarem ou renegociarem suas d\u00edvidas e, assim, limparem seus nomes e acessarem novos cr\u00e9ditos \u2013 a chamada desnegativa\u00e7\u00e3o &#8211; &nbsp;os deputados Bohn Gass (PT\/RS) e Jos\u00e9 Guimar\u00e3es (PT\/CE), apresentaram projeto de lei que foi aprovado nesta ter\u00e7a-feira (26) na C\u00e2mara Federal. Pelo projeto, ser\u00e3o contemplados agricultores que [&hellip;]","og_url":"https:\/\/bohngass.com.br\/?p=3710","og_site_name":"Deputado Federal Bohn Gass \u2605 PT\/RS","article_publisher":"https:\/\/www.facebook.com\/bohngass13","article_published_time":"2024-11-27T15:33:21+00:00","article_modified_time":"2024-11-27T16:26:05+00:00","og_image":[{"width":2560,"height":1707,"url":"https:\/\/bohngass.com.br\/wp-content\/uploads\/2024\/11\/26653937048_42c1684358_5k-scaled.jpg","type":"image\/jpeg"}],"author":"admin","twitter_card":"summary_large_image","twitter_creator":"@BohnGass","twitter_site":"@BohnGass","twitter_misc":{"Escrito por":"admin","Est. tempo de leitura":"8 minutos"},"schema":{"@context":"https:\/\/schema.org","@graph":[{"@type":"Article","@id":"https:\/\/bohngass.com.br\/?p=3710#article","isPartOf":{"@id":"https:\/\/bohngass.com.br\/?p=3710"},"author":{"name":"admin","@id":"https:\/\/bohngass.com.br\/#\/schema\/person\/73f139d814ad08afd66e56929f99d4d6"},"headline":"Projeto de Bohn Gass para desnegativar produtores rurais \u00e9 aprovado na C\u00e2mara","datePublished":"2024-11-27T15:33:21+00:00","dateModified":"2024-11-27T16:26:05+00:00","mainEntityOfPage":{"@id":"https:\/\/bohngass.com.br\/?p=3710"},"wordCount":1452,"commentCount":0,"publisher":{"@id":"https:\/\/bohngass.com.br\/#organization"},"image":{"@id":"https:\/\/bohngass.com.br\/?p=3710#primaryimage"},"thumbnailUrl":"https:\/\/bohngass.com.br\/wp-content\/uploads\/2024\/11\/26653937048_42c1684358_5k-scaled.jpg","keywords":["agricultor","agricultura familiar","cr\u00e9dito","desenrola","d\u00edvida","financiamento","projeto de lei","Pronaf","Rio Grande do Sul"],"articleSection":["Agricultura Familiar","Iniciativa Parlamentar"],"inLanguage":"pt-BR","potentialAction":[{"@type":"CommentAction","name":"Comment","target":["https:\/\/bohngass.com.br\/?p=3710#respond"]}]},{"@type":"WebPage","@id":"https:\/\/bohngass.com.br\/?p=3710","url":"https:\/\/bohngass.com.br\/?p=3710","name":"Projeto de Bohn Gass para desnegativar produtores rurais \u00e9 aprovado na C\u00e2mara - Deputado Federal Bohn Gass \u2605 PT\/RS","isPartOf":{"@id":"https:\/\/bohngass.com.br\/#website"},"primaryImageOfPage":{"@id":"https:\/\/bohngass.com.br\/?p=3710#primaryimage"},"image":{"@id":"https:\/\/bohngass.com.br\/?p=3710#primaryimage"},"thumbnailUrl":"https:\/\/bohngass.com.br\/wp-content\/uploads\/2024\/11\/26653937048_42c1684358_5k-scaled.jpg","datePublished":"2024-11-27T15:33:21+00:00","dateModified":"2024-11-27T16:26:05+00:00","breadcrumb":{"@id":"https:\/\/bohngass.com.br\/?p=3710#breadcrumb"},"inLanguage":"pt-BR","potentialAction":[{"@type":"ReadAction","target":["https:\/\/bohngass.com.br\/?p=3710"]}]},{"@type":"ImageObject","inLanguage":"pt-BR","@id":"https:\/\/bohngass.com.br\/?p=3710#primaryimage","url":"https:\/\/bohngass.com.br\/wp-content\/uploads\/2024\/11\/26653937048_42c1684358_5k-scaled.jpg","contentUrl":"https:\/\/bohngass.com.br\/wp-content\/uploads\/2024\/11\/26653937048_42c1684358_5k-scaled.jpg","width":2560,"height":1707},{"@type":"BreadcrumbList","@id":"https:\/\/bohngass.com.br\/?p=3710#breadcrumb","itemListElement":[{"@type":"ListItem","position":1,"name":"In\u00edcio","item":"https:\/\/bohngass.com.br\/"},{"@type":"ListItem","position":2,"name":"Projeto de Bohn Gass para desnegativar produtores rurais \u00e9 aprovado na C\u00e2mara"}]},{"@type":"WebSite","@id":"https:\/\/bohngass.com.br\/#website","url":"https:\/\/bohngass.com.br\/","name":"Deputado Federal Bohn Gass \u2605 PT\/RS","description":"Deputado Federal Bohn Gass","publisher":{"@id":"https:\/\/bohngass.com.br\/#organization"},"potentialAction":[{"@type":"SearchAction","target":{"@type":"EntryPoint","urlTemplate":"https:\/\/bohngass.com.br\/?s={search_term_string}"},"query-input":{"@type":"PropertyValueSpecification","valueRequired":true,"valueName":"search_term_string"}}],"inLanguage":"pt-BR"},{"@type":"Organization","@id":"https:\/\/bohngass.com.br\/#organization","name":"Deputado Bohn Gass","url":"https:\/\/bohngass.com.br\/","logo":{"@type":"ImageObject","inLanguage":"pt-BR","@id":"https:\/\/bohngass.com.br\/#\/schema\/logo\/image\/","url":"http:\/\/bohngass.com.br\/wp-content\/uploads\/2021\/01\/logo.png","contentUrl":"http:\/\/bohngass.com.br\/wp-content\/uploads\/2021\/01\/logo.png","width":357,"height":355,"caption":"Deputado Bohn Gass"},"image":{"@id":"https:\/\/bohngass.com.br\/#\/schema\/logo\/image\/"},"sameAs":["https:\/\/www.facebook.com\/bohngass13","https:\/\/x.com\/BohnGass","https:\/\/www.instagram.com\/bohn_gass\/","https:\/\/www.youtube.com\/BohnGass13\/","https:\/\/pt.wikipedia.org\/wiki\/Bohn_Gass"]},{"@type":"Person","@id":"https:\/\/bohngass.com.br\/#\/schema\/person\/73f139d814ad08afd66e56929f99d4d6","name":"admin","image":{"@type":"ImageObject","inLanguage":"pt-BR","@id":"https:\/\/bohngass.com.br\/wp-content\/litespeed\/avatar\/46d26e448dfe42e49944850c1affc8d8.jpg?ver=1777227068","url":"https:\/\/bohngass.com.br\/wp-content\/litespeed\/avatar\/46d26e448dfe42e49944850c1affc8d8.jpg?ver=1777227068","contentUrl":"https:\/\/bohngass.com.br\/wp-content\/litespeed\/avatar\/46d26e448dfe42e49944850c1affc8d8.jpg?ver=1777227068","caption":"admin"},"sameAs":["http:\/\/www2.bohngass.com.br"]}]}},"_links":{"self":[{"href":"https:\/\/bohngass.com.br\/index.php?rest_route=\/wp\/v2\/posts\/3710","targetHints":{"allow":["GET"]}}],"collection":[{"href":"https:\/\/bohngass.com.br\/index.php?rest_route=\/wp\/v2\/posts"}],"about":[{"href":"https:\/\/bohngass.com.br\/index.php?rest_route=\/wp\/v2\/types\/post"}],"author":[{"embeddable":true,"href":"https:\/\/bohngass.com.br\/index.php?rest_route=\/wp\/v2\/users\/1"}],"replies":[{"embeddable":true,"href":"https:\/\/bohngass.com.br\/index.php?rest_route=%2Fwp%2Fv2%2Fcomments&post=3710"}],"version-history":[{"count":2,"href":"https:\/\/bohngass.com.br\/index.php?rest_route=\/wp\/v2\/posts\/3710\/revisions"}],"predecessor-version":[{"id":3713,"href":"https:\/\/bohngass.com.br\/index.php?rest_route=\/wp\/v2\/posts\/3710\/revisions\/3713"}],"wp:featuredmedia":[{"embeddable":true,"href":"https:\/\/bohngass.com.br\/index.php?rest_route=\/wp\/v2\/media\/3711"}],"wp:attachment":[{"href":"https:\/\/bohngass.com.br\/index.php?rest_route=%2Fwp%2Fv2%2Fmedia&parent=3710"}],"wp:term":[{"taxonomy":"category","embeddable":true,"href":"https:\/\/bohngass.com.br\/index.php?rest_route=%2Fwp%2Fv2%2Fcategories&post=3710"},{"taxonomy":"post_tag","embeddable":true,"href":"https:\/\/bohngass.com.br\/index.php?rest_route=%2Fwp%2Fv2%2Ftags&post=3710"}],"curies":[{"name":"wp","href":"https:\/\/api.w.org\/{rel}","templated":true}]}}