{"id":3779,"date":"2025-02-12T15:15:36","date_gmt":"2025-02-12T18:15:36","guid":{"rendered":"https:\/\/bohngass.com.br\/?p=3779"},"modified":"2025-02-14T15:30:13","modified_gmt":"2025-02-14T18:30:13","slug":"bohn-gass-depos-um-passo-importante-para-garantir-a-ponte-tirandentes-el-soberbio","status":"publish","type":"post","link":"https:\/\/bohngass.com.br\/?p=3779","title":{"rendered":"Bohn Gass: \u201cDemos um passo importante para garantir a ponte Tiradentes\/El Soberbio\u201d"},"content":{"rendered":"\n<p class=\"has-medium-font-size\"><strong>Deputado e prefeitos Celeiro participaram de reuni\u00e3o em Bras\u00edlia<\/strong><\/p>\n\n\n\n<p>O deputado federal Bohn Gass (PT\/RS), vice-l\u00edder do governo Lula no Congresso Nacional, saiu satisfeito da reuni\u00e3o em que estiveram prefeitos da regi\u00e3o Celeiro do Rio Grande do Sul e do Departamento de Missiones, no Minist\u00e9rio das Rela\u00e7\u00f5es Exteriores, quando se tratou da constru\u00e7\u00e3o da ponte binacional entre Tiradentes do Sul e El Soberbio.<\/p>\n\n\n\n<p>Segundo os prefeitos, o valor estimado necess\u00e1rio para a realiza\u00e7\u00e3o da obra \u00e9 de 25 milh\u00f5es de d\u00f3lares (cerca de 140 milh\u00f5es de reais), recurso que j\u00e1 estaria garantido e reservado via Fundo para Converg\u00eancia Estrutural do Mercosul (Focem).<\/p>\n\n\n\n<p>\u201cO desafio que fica por conta dos tr\u00e2mites burocr\u00e1ticos. H\u00e1 necessidade de um acordo de fronteira entre o governo argentino e brasileiro, al\u00e9m da garantia de postos da Pol\u00edcia Federal e de outros \u00f3rg\u00e3os de fiscaliza\u00e7\u00e3o. Isto \u00e9 poss\u00edvel de resolver\u201d, avaliou Bohn Gass ao final do encontro que foi coordenado pelo embaixador Marcelo Galv\u00e3o Queiroz, Diretor do Departamento de Am\u00e9rica do Sul do minist\u00e9rio.<\/p>\n\n\n\n<p>Bohn Gass analisa que a audi\u00eancia foi um passo importante para impulsionar o acordo de fronteira. &#8220;A ponte ser\u00e1 um marco para o desenvolvimento da regi\u00e3o Celeiro. Ela integrar\u00e1 Brasil e Argentina, aumentar\u00e1 o com\u00e9rcio, impulsionar\u00e1 o turismo e desenvolver\u00e1 a agricultura&#8221;<\/p>\n\n\n\n<p>A travessia ter\u00e1 uma extens\u00e3o de 464 metros entre as duas margens, constituindo a menor ponte entre o Brasil e a Argentina.<\/p>\n\n\n\n<p>Tamb\u00e9m participaram da reuni\u00e3o contou os deputados Celso Russomanno (Republicanos\/SP) e Lucas Redecker (PSDB\/RS).<\/p>\n","protected":false},"excerpt":{"rendered":"<p>Deputado e prefeitos Celeiro participaram de reuni\u00e3o em Bras\u00edlia O deputado federal Bohn Gass (PT\/RS), vice-l\u00edder do governo Lula no Congresso Nacional, saiu satisfeito da reuni\u00e3o em que estiveram prefeitos da regi\u00e3o Celeiro do Rio Grande do Sul e do Departamento de Missiones, no Minist\u00e9rio das Rela\u00e7\u00f5es Exteriores, quando se tratou da constru\u00e7\u00e3o da ponte [&hellip;]<\/p>\n","protected":false},"author":2,"featured_media":3780,"comment_status":"open","ping_status":"open","sticky":false,"template":"","format":"standard","meta":{"footnotes":""},"categories":[127,49],"tags":[1121,553,225,1118,912,1224,1223],"class_list":["post-3779","post","type-post","status-publish","format-standard","has-post-thumbnail","hentry","category-lula","category-rio-grande-do-sul","tag-argentina","tag-brasil","tag-internacional","tag-mercosul","tag-ponte","tag-tiradentes-do-sul","tag-transporte"],"yoast_head":"<!-- This site is optimized with the Yoast SEO plugin v27.4 - https:\/\/yoast.com\/product\/yoast-seo-wordpress\/ -->\n<title>Bohn Gass: \u201cDemos um passo importante para garantir a ponte Tiradentes\/El Soberbio\u201d - Deputado Federal Bohn Gass \u2605 PT\/RS<\/title>\n<meta name=\"robots\" content=\"index, follow, max-snippet:-1, max-image-preview:large, max-video-preview:-1\" \/>\n<link rel=\"canonical\" href=\"https:\/\/bohngass.com.br\/?p=3779\" \/>\n<meta property=\"og:locale\" content=\"pt_BR\" \/>\n<meta property=\"og:type\" content=\"article\" \/>\n<meta property=\"og:title\" content=\"Bohn Gass: \u201cDemos um passo importante para garantir a ponte Tiradentes\/El Soberbio\u201d - Deputado Federal Bohn Gass \u2605 PT\/RS\" \/>\n<meta property=\"og:description\" content=\"Deputado e prefeitos Celeiro participaram de reuni\u00e3o em Bras\u00edlia O deputado federal Bohn Gass (PT\/RS), vice-l\u00edder do governo Lula no Congresso Nacional, saiu satisfeito da reuni\u00e3o em que estiveram prefeitos da regi\u00e3o Celeiro do Rio Grande do Sul e do Departamento de Missiones, no Minist\u00e9rio das Rela\u00e7\u00f5es Exteriores, quando se tratou da constru\u00e7\u00e3o da ponte [&hellip;]\" \/>\n<meta property=\"og:url\" content=\"https:\/\/bohngass.com.br\/?p=3779\" \/>\n<meta property=\"og:site_name\" content=\"Deputado Federal Bohn Gass \u2605 PT\/RS\" \/>\n<meta property=\"article:publisher\" content=\"https:\/\/www.facebook.com\/bohngass13\" \/>\n<meta property=\"article:published_time\" content=\"2025-02-12T18:15:36+00:00\" \/>\n<meta property=\"article:modified_time\" content=\"2025-02-14T18:30:13+00:00\" \/>\n<meta property=\"og:image\" content=\"https:\/\/bohngass.com.br\/wp-content\/uploads\/2025\/02\/itamaraty-ponte-tiradentes-do-sul-scaled.jpeg\" \/>\n\t<meta property=\"og:image:width\" content=\"2560\" \/>\n\t<meta property=\"og:image:height\" content=\"1441\" \/>\n\t<meta property=\"og:image:type\" content=\"image\/jpeg\" \/>\n<meta name=\"author\" content=\"Alexandre Masotti\" \/>\n<meta name=\"twitter:card\" content=\"summary_large_image\" \/>\n<meta name=\"twitter:creator\" content=\"@BohnGass\" \/>\n<meta name=\"twitter:site\" content=\"@BohnGass\" \/>\n<meta name=\"twitter:label1\" content=\"Escrito por\" \/>\n\t<meta name=\"twitter:data1\" content=\"Alexandre Masotti\" \/>\n\t<meta name=\"twitter:label2\" content=\"Est. tempo de leitura\" \/>\n\t<meta name=\"twitter:data2\" content=\"2 minutos\" \/>\n<script type=\"application\/ld+json\" class=\"yoast-schema-graph\">{\"@context\":\"https:\\\/\\\/schema.org\",\"@graph\":[{\"@type\":\"Article\",\"@id\":\"https:\\\/\\\/bohngass.com.br\\\/?p=3779#article\",\"isPartOf\":{\"@id\":\"https:\\\/\\\/bohngass.com.br\\\/?p=3779\"},\"author\":{\"name\":\"Alexandre Masotti\",\"@id\":\"https:\\\/\\\/bohngass.com.br\\\/#\\\/schema\\\/person\\\/ad80b493a74ab72eb5b56cd9bc78e8ec\"},\"headline\":\"Bohn Gass: \u201cDemos um passo importante para garantir a ponte Tiradentes\\\/El Soberbio\u201d\",\"datePublished\":\"2025-02-12T18:15:36+00:00\",\"dateModified\":\"2025-02-14T18:30:13+00:00\",\"mainEntityOfPage\":{\"@id\":\"https:\\\/\\\/bohngass.com.br\\\/?p=3779\"},\"wordCount\":286,\"commentCount\":0,\"publisher\":{\"@id\":\"https:\\\/\\\/bohngass.com.br\\\/#organization\"},\"image\":{\"@id\":\"https:\\\/\\\/bohngass.com.br\\\/?p=3779#primaryimage\"},\"thumbnailUrl\":\"https:\\\/\\\/bohngass.com.br\\\/wp-content\\\/uploads\\\/2025\\\/02\\\/itamaraty-ponte-tiradentes-do-sul-scaled.jpeg\",\"keywords\":[\"Argentina\",\"Brasil\",\"internacional\",\"mercosul\",\"ponte\",\"tiradentes do sul\",\"transporte\"],\"articleSection\":[\"Lula\",\"Rio Grande do Sul\"],\"inLanguage\":\"pt-BR\",\"potentialAction\":[{\"@type\":\"CommentAction\",\"name\":\"Comment\",\"target\":[\"https:\\\/\\\/bohngass.com.br\\\/?p=3779#respond\"]}]},{\"@type\":\"WebPage\",\"@id\":\"https:\\\/\\\/bohngass.com.br\\\/?p=3779\",\"url\":\"https:\\\/\\\/bohngass.com.br\\\/?p=3779\",\"name\":\"Bohn Gass: \u201cDemos um passo importante para garantir a ponte Tiradentes\\\/El Soberbio\u201d - Deputado Federal Bohn Gass \u2605 PT\\\/RS\",\"isPartOf\":{\"@id\":\"https:\\\/\\\/bohngass.com.br\\\/#website\"},\"primaryImageOfPage\":{\"@id\":\"https:\\\/\\\/bohngass.com.br\\\/?p=3779#primaryimage\"},\"image\":{\"@id\":\"https:\\\/\\\/bohngass.com.br\\\/?p=3779#primaryimage\"},\"thumbnailUrl\":\"https:\\\/\\\/bohngass.com.br\\\/wp-content\\\/uploads\\\/2025\\\/02\\\/itamaraty-ponte-tiradentes-do-sul-scaled.jpeg\",\"datePublished\":\"2025-02-12T18:15:36+00:00\",\"dateModified\":\"2025-02-14T18:30:13+00:00\",\"breadcrumb\":{\"@id\":\"https:\\\/\\\/bohngass.com.br\\\/?p=3779#breadcrumb\"},\"inLanguage\":\"pt-BR\",\"potentialAction\":[{\"@type\":\"ReadAction\",\"target\":[\"https:\\\/\\\/bohngass.com.br\\\/?p=3779\"]}]},{\"@type\":\"ImageObject\",\"inLanguage\":\"pt-BR\",\"@id\":\"https:\\\/\\\/bohngass.com.br\\\/?p=3779#primaryimage\",\"url\":\"https:\\\/\\\/bohngass.com.br\\\/wp-content\\\/uploads\\\/2025\\\/02\\\/itamaraty-ponte-tiradentes-do-sul-scaled.jpeg\",\"contentUrl\":\"https:\\\/\\\/bohngass.com.br\\\/wp-content\\\/uploads\\\/2025\\\/02\\\/itamaraty-ponte-tiradentes-do-sul-scaled.jpeg\",\"width\":2560,\"height\":1441,\"caption\":\"Foto: Alexandre Masotti\"},{\"@type\":\"BreadcrumbList\",\"@id\":\"https:\\\/\\\/bohngass.com.br\\\/?p=3779#breadcrumb\",\"itemListElement\":[{\"@type\":\"ListItem\",\"position\":1,\"name\":\"In\u00edcio\",\"item\":\"https:\\\/\\\/bohngass.com.br\\\/\"},{\"@type\":\"ListItem\",\"position\":2,\"name\":\"Bohn Gass: \u201cDemos um passo importante para garantir a ponte Tiradentes\\\/El Soberbio\u201d\"}]},{\"@type\":\"WebSite\",\"@id\":\"https:\\\/\\\/bohngass.com.br\\\/#website\",\"url\":\"https:\\\/\\\/bohngass.com.br\\\/\",\"name\":\"Deputado Federal Bohn Gass \u2605 PT\\\/RS\",\"description\":\"Deputado Federal Bohn Gass\",\"publisher\":{\"@id\":\"https:\\\/\\\/bohngass.com.br\\\/#organization\"},\"potentialAction\":[{\"@type\":\"SearchAction\",\"target\":{\"@type\":\"EntryPoint\",\"urlTemplate\":\"https:\\\/\\\/bohngass.com.br\\\/?s={search_term_string}\"},\"query-input\":{\"@type\":\"PropertyValueSpecification\",\"valueRequired\":true,\"valueName\":\"search_term_string\"}}],\"inLanguage\":\"pt-BR\"},{\"@type\":\"Organization\",\"@id\":\"https:\\\/\\\/bohngass.com.br\\\/#organization\",\"name\":\"Deputado Bohn Gass\",\"url\":\"https:\\\/\\\/bohngass.com.br\\\/\",\"logo\":{\"@type\":\"ImageObject\",\"inLanguage\":\"pt-BR\",\"@id\":\"https:\\\/\\\/bohngass.com.br\\\/#\\\/schema\\\/logo\\\/image\\\/\",\"url\":\"http:\\\/\\\/bohngass.com.br\\\/wp-content\\\/uploads\\\/2021\\\/01\\\/logo.png\",\"contentUrl\":\"http:\\\/\\\/bohngass.com.br\\\/wp-content\\\/uploads\\\/2021\\\/01\\\/logo.png\",\"width\":357,\"height\":355,\"caption\":\"Deputado Bohn Gass\"},\"image\":{\"@id\":\"https:\\\/\\\/bohngass.com.br\\\/#\\\/schema\\\/logo\\\/image\\\/\"},\"sameAs\":[\"https:\\\/\\\/www.facebook.com\\\/bohngass13\",\"https:\\\/\\\/x.com\\\/BohnGass\",\"https:\\\/\\\/www.instagram.com\\\/bohn_gass\\\/\",\"https:\\\/\\\/www.youtube.com\\\/BohnGass13\\\/\",\"https:\\\/\\\/pt.wikipedia.org\\\/wiki\\\/Bohn_Gass\"]},{\"@type\":\"Person\",\"@id\":\"https:\\\/\\\/bohngass.com.br\\\/#\\\/schema\\\/person\\\/ad80b493a74ab72eb5b56cd9bc78e8ec\",\"name\":\"Alexandre Masotti\",\"image\":{\"@type\":\"ImageObject\",\"inLanguage\":\"pt-BR\",\"@id\":\"https:\\\/\\\/bohngass.com.br\\\/wp-content\\\/litespeed\\\/avatar\\\/73cbc141e5f98378e7f999c498d3ce71.jpg?ver=1777227413\",\"url\":\"https:\\\/\\\/bohngass.com.br\\\/wp-content\\\/litespeed\\\/avatar\\\/73cbc141e5f98378e7f999c498d3ce71.jpg?ver=1777227413\",\"contentUrl\":\"https:\\\/\\\/bohngass.com.br\\\/wp-content\\\/litespeed\\\/avatar\\\/73cbc141e5f98378e7f999c498d3ce71.jpg?ver=1777227413\",\"caption\":\"Alexandre Masotti\"}}]}<\/script>\n<!-- \/ Yoast SEO plugin. -->","yoast_head_json":{"title":"Bohn Gass: \u201cDemos um passo importante para garantir a ponte Tiradentes\/El Soberbio\u201d - Deputado Federal Bohn Gass \u2605 PT\/RS","robots":{"index":"index","follow":"follow","max-snippet":"max-snippet:-1","max-image-preview":"max-image-preview:large","max-video-preview":"max-video-preview:-1"},"canonical":"https:\/\/bohngass.com.br\/?p=3779","og_locale":"pt_BR","og_type":"article","og_title":"Bohn Gass: \u201cDemos um passo importante para garantir a ponte Tiradentes\/El Soberbio\u201d - Deputado Federal Bohn Gass \u2605 PT\/RS","og_description":"Deputado e prefeitos Celeiro participaram de reuni\u00e3o em Bras\u00edlia O deputado federal Bohn Gass (PT\/RS), vice-l\u00edder do governo Lula no Congresso Nacional, saiu satisfeito da reuni\u00e3o em que estiveram prefeitos da regi\u00e3o Celeiro do Rio Grande do Sul e do Departamento de Missiones, no Minist\u00e9rio das Rela\u00e7\u00f5es Exteriores, quando se tratou da constru\u00e7\u00e3o da ponte [&hellip;]","og_url":"https:\/\/bohngass.com.br\/?p=3779","og_site_name":"Deputado Federal Bohn Gass \u2605 PT\/RS","article_publisher":"https:\/\/www.facebook.com\/bohngass13","article_published_time":"2025-02-12T18:15:36+00:00","article_modified_time":"2025-02-14T18:30:13+00:00","og_image":[{"width":2560,"height":1441,"url":"https:\/\/bohngass.com.br\/wp-content\/uploads\/2025\/02\/itamaraty-ponte-tiradentes-do-sul-scaled.jpeg","type":"image\/jpeg"}],"author":"Alexandre Masotti","twitter_card":"summary_large_image","twitter_creator":"@BohnGass","twitter_site":"@BohnGass","twitter_misc":{"Escrito por":"Alexandre Masotti","Est. tempo de leitura":"2 minutos"},"schema":{"@context":"https:\/\/schema.org","@graph":[{"@type":"Article","@id":"https:\/\/bohngass.com.br\/?p=3779#article","isPartOf":{"@id":"https:\/\/bohngass.com.br\/?p=3779"},"author":{"name":"Alexandre Masotti","@id":"https:\/\/bohngass.com.br\/#\/schema\/person\/ad80b493a74ab72eb5b56cd9bc78e8ec"},"headline":"Bohn Gass: \u201cDemos um passo importante para garantir a ponte Tiradentes\/El Soberbio\u201d","datePublished":"2025-02-12T18:15:36+00:00","dateModified":"2025-02-14T18:30:13+00:00","mainEntityOfPage":{"@id":"https:\/\/bohngass.com.br\/?p=3779"},"wordCount":286,"commentCount":0,"publisher":{"@id":"https:\/\/bohngass.com.br\/#organization"},"image":{"@id":"https:\/\/bohngass.com.br\/?p=3779#primaryimage"},"thumbnailUrl":"https:\/\/bohngass.com.br\/wp-content\/uploads\/2025\/02\/itamaraty-ponte-tiradentes-do-sul-scaled.jpeg","keywords":["Argentina","Brasil","internacional","mercosul","ponte","tiradentes do sul","transporte"],"articleSection":["Lula","Rio Grande do Sul"],"inLanguage":"pt-BR","potentialAction":[{"@type":"CommentAction","name":"Comment","target":["https:\/\/bohngass.com.br\/?p=3779#respond"]}]},{"@type":"WebPage","@id":"https:\/\/bohngass.com.br\/?p=3779","url":"https:\/\/bohngass.com.br\/?p=3779","name":"Bohn Gass: \u201cDemos um passo importante para garantir a ponte Tiradentes\/El Soberbio\u201d - Deputado Federal Bohn Gass \u2605 PT\/RS","isPartOf":{"@id":"https:\/\/bohngass.com.br\/#website"},"primaryImageOfPage":{"@id":"https:\/\/bohngass.com.br\/?p=3779#primaryimage"},"image":{"@id":"https:\/\/bohngass.com.br\/?p=3779#primaryimage"},"thumbnailUrl":"https:\/\/bohngass.com.br\/wp-content\/uploads\/2025\/02\/itamaraty-ponte-tiradentes-do-sul-scaled.jpeg","datePublished":"2025-02-12T18:15:36+00:00","dateModified":"2025-02-14T18:30:13+00:00","breadcrumb":{"@id":"https:\/\/bohngass.com.br\/?p=3779#breadcrumb"},"inLanguage":"pt-BR","potentialAction":[{"@type":"ReadAction","target":["https:\/\/bohngass.com.br\/?p=3779"]}]},{"@type":"ImageObject","inLanguage":"pt-BR","@id":"https:\/\/bohngass.com.br\/?p=3779#primaryimage","url":"https:\/\/bohngass.com.br\/wp-content\/uploads\/2025\/02\/itamaraty-ponte-tiradentes-do-sul-scaled.jpeg","contentUrl":"https:\/\/bohngass.com.br\/wp-content\/uploads\/2025\/02\/itamaraty-ponte-tiradentes-do-sul-scaled.jpeg","width":2560,"height":1441,"caption":"Foto: Alexandre Masotti"},{"@type":"BreadcrumbList","@id":"https:\/\/bohngass.com.br\/?p=3779#breadcrumb","itemListElement":[{"@type":"ListItem","position":1,"name":"In\u00edcio","item":"https:\/\/bohngass.com.br\/"},{"@type":"ListItem","position":2,"name":"Bohn Gass: \u201cDemos um passo importante para garantir a ponte Tiradentes\/El Soberbio\u201d"}]},{"@type":"WebSite","@id":"https:\/\/bohngass.com.br\/#website","url":"https:\/\/bohngass.com.br\/","name":"Deputado Federal Bohn Gass \u2605 PT\/RS","description":"Deputado Federal Bohn Gass","publisher":{"@id":"https:\/\/bohngass.com.br\/#organization"},"potentialAction":[{"@type":"SearchAction","target":{"@type":"EntryPoint","urlTemplate":"https:\/\/bohngass.com.br\/?s={search_term_string}"},"query-input":{"@type":"PropertyValueSpecification","valueRequired":true,"valueName":"search_term_string"}}],"inLanguage":"pt-BR"},{"@type":"Organization","@id":"https:\/\/bohngass.com.br\/#organization","name":"Deputado Bohn Gass","url":"https:\/\/bohngass.com.br\/","logo":{"@type":"ImageObject","inLanguage":"pt-BR","@id":"https:\/\/bohngass.com.br\/#\/schema\/logo\/image\/","url":"http:\/\/bohngass.com.br\/wp-content\/uploads\/2021\/01\/logo.png","contentUrl":"http:\/\/bohngass.com.br\/wp-content\/uploads\/2021\/01\/logo.png","width":357,"height":355,"caption":"Deputado Bohn Gass"},"image":{"@id":"https:\/\/bohngass.com.br\/#\/schema\/logo\/image\/"},"sameAs":["https:\/\/www.facebook.com\/bohngass13","https:\/\/x.com\/BohnGass","https:\/\/www.instagram.com\/bohn_gass\/","https:\/\/www.youtube.com\/BohnGass13\/","https:\/\/pt.wikipedia.org\/wiki\/Bohn_Gass"]},{"@type":"Person","@id":"https:\/\/bohngass.com.br\/#\/schema\/person\/ad80b493a74ab72eb5b56cd9bc78e8ec","name":"Alexandre Masotti","image":{"@type":"ImageObject","inLanguage":"pt-BR","@id":"https:\/\/bohngass.com.br\/wp-content\/litespeed\/avatar\/73cbc141e5f98378e7f999c498d3ce71.jpg?ver=1777227413","url":"https:\/\/bohngass.com.br\/wp-content\/litespeed\/avatar\/73cbc141e5f98378e7f999c498d3ce71.jpg?ver=1777227413","contentUrl":"https:\/\/bohngass.com.br\/wp-content\/litespeed\/avatar\/73cbc141e5f98378e7f999c498d3ce71.jpg?ver=1777227413","caption":"Alexandre Masotti"}}]}},"_links":{"self":[{"href":"https:\/\/bohngass.com.br\/index.php?rest_route=\/wp\/v2\/posts\/3779","targetHints":{"allow":["GET"]}}],"collection":[{"href":"https:\/\/bohngass.com.br\/index.php?rest_route=\/wp\/v2\/posts"}],"about":[{"href":"https:\/\/bohngass.com.br\/index.php?rest_route=\/wp\/v2\/types\/post"}],"author":[{"embeddable":true,"href":"https:\/\/bohngass.com.br\/index.php?rest_route=\/wp\/v2\/users\/2"}],"replies":[{"embeddable":true,"href":"https:\/\/bohngass.com.br\/index.php?rest_route=%2Fwp%2Fv2%2Fcomments&post=3779"}],"version-history":[{"count":3,"href":"https:\/\/bohngass.com.br\/index.php?rest_route=\/wp\/v2\/posts\/3779\/revisions"}],"predecessor-version":[{"id":3786,"href":"https:\/\/bohngass.com.br\/index.php?rest_route=\/wp\/v2\/posts\/3779\/revisions\/3786"}],"wp:featuredmedia":[{"embeddable":true,"href":"https:\/\/bohngass.com.br\/index.php?rest_route=\/wp\/v2\/media\/3780"}],"wp:attachment":[{"href":"https:\/\/bohngass.com.br\/index.php?rest_route=%2Fwp%2Fv2%2Fmedia&parent=3779"}],"wp:term":[{"taxonomy":"category","embeddable":true,"href":"https:\/\/bohngass.com.br\/index.php?rest_route=%2Fwp%2Fv2%2Fcategories&post=3779"},{"taxonomy":"post_tag","embeddable":true,"href":"https:\/\/bohngass.com.br\/index.php?rest_route=%2Fwp%2Fv2%2Ftags&post=3779"}],"curies":[{"name":"wp","href":"https:\/\/api.w.org\/{rel}","templated":true}]}}