{"id":3934,"date":"2025-07-09T17:59:36","date_gmt":"2025-07-09T20:59:36","guid":{"rendered":"https:\/\/bohngass.com.br\/?p=3934"},"modified":"2025-07-09T17:59:36","modified_gmt":"2025-07-09T20:59:36","slug":"agora-e-a-vez-do-povo-mas-tem-gente-contra","status":"publish","type":"post","link":"https:\/\/bohngass.com.br\/?p=3934","title":{"rendered":"Agora \u00e9 a vez do povo. Mas tem gente contra"},"content":{"rendered":"\n<p class=\"has-text-align-center has-medium-font-size\"><strong><em>Para os contr\u00e1rios \u00e0 justi\u00e7a social e tribut\u00e1ria, a \u00fanica receita \u00e9 a f\u00f3rmula neoliberal<\/em><\/strong><\/p>\n\n\n\n<p>O Brasil est\u00e1 diante de uma encruzilhada hist\u00f3rica. Est\u00e3o na pauta do pa\u00eds propostas como isen\u00e7\u00e3o do Imposto de Renda para quem ganha at\u00e9\u202fR$\u202f5\u202fmil mensais, tributa\u00e7\u00e3o de super-ricos \u2013 inclusive com taxa\u00e7\u00e3o sobre dividendos \u2013 e fim de deboches, como os supersal\u00e1rios no setor p\u00fablico e pr\u00e1ticas abusivas contra a classe trabalhadora, tal qual a jornada 6\u00d71.<\/p>\n\n\n\n<p>A hashtag #AGORAEAVEZDOPOVO, que viralizou nas redes, mostra que a popula\u00e7\u00e3o se deu conta: ou acabam esses privil\u00e9gios obscenos do sistema tribut\u00e1rio, ou o Brasil continuar\u00e1 o mesmo \u2014 um pa\u00eds riqu\u00edssimo, mas profundamente desigual.<\/p>\n\n\n\n<p>Lula foi eleito para mudar isso e est\u00e1 fazendo o que prometeu: botar o pobre no Or\u00e7amento e o rico no Imposto de Renda. Mas, ent\u00e3o, se esse combate \u00e0 desigualdade \u00e9 t\u00e3o evidentemente necess\u00e1rio, se o povo precisa e o governo quer fazer, porque \u00e9 t\u00e3o dif\u00edcil que isso aconte\u00e7a? A resposta \u00e9: porque tem gente contra.<\/p>\n\n\n\n<p>Quem?<\/p>\n\n\n\n<p>Pesquisa recente da Quaest sobre como pensa o Congresso Nacional revelou que 53% dos parlamentares \u00e9 contra, por exemplo, regulamentar os supersal\u00e1rios no setor p\u00fablico, daqueles privilegiados que, com diferentes artif\u00edcios, ganham mais que o teto constitucional de R$ 46 mil mensais. A mesma pesquisa mostra que 70% n\u00e3o querem o fim da escala 6\u00d71.<\/p>\n\n\n\n<p>Meses atr\u00e1s, quando o governo Lula prop\u00f4s taxar lucros das offshores e fundos exclusivos (que s\u00f3 super-rico tem), partidos de oposi\u00e7\u00e3o, mais notadamente o PL e Novo, juntos com grupos alinhados ao bolsonarismo, reagiram dizendo que a medida \u201cespantaria investimentos estrangeiros\u201d e que isso seria a \u201cdemoniza\u00e7\u00e3o da riqueza. Hipocrisia! Nada disso aconteceu.<\/p>\n\n\n\n<p>S\u00e3o as mesmas figuras que discursam \u201ca favor\u201d da isen\u00e7\u00e3o do Imposto de Renda para at\u00e9 R$ 5 mil, mas, por baixo dos panos, criam dificuldades. S\u00e3o tantas que a medida n\u00e3o foi ainda \u00e0 vota\u00e7\u00e3o.<\/p>\n\n\n\n<p>S\u00e3o os mesmos que espalham a mentira da \u201cgastan\u00e7a de Lula\u201d, repetem a ladainha da necessidade do ajuste fiscal, mas que, na pr\u00e1tica, se negam a reduzir os absurdos R$ 50 bilh\u00f5es de emendas parlamentares e se op\u00f5em a qualquer medida que corrija outro absurdo, os R$ 800 bilh\u00f5es de isen\u00e7\u00f5es fiscais do Or\u00e7amento, as quais beneficiam setores privilegiados da economia brasileira.<\/p>\n\n\n\n<p>Para os contr\u00e1rios \u00e0 justi\u00e7a social e tribut\u00e1ria, a \u00fanica receita \u00e9 a f\u00f3rmula neoliberal: acabar com a exig\u00eancia de investimentos m\u00ednimos na sa\u00fade e na educa\u00e7\u00e3o, congelar o sal\u00e1rio m\u00ednimo e desvincul\u00e1-lo das aposentadorias e benef\u00edcios da Previd\u00eancia Social. Acreditem: querem que alguns benef\u00edcios da Previd\u00eancia sejam menores at\u00e9 do que o sal\u00e1rio m\u00ednimo.<\/p>\n\n\n\n<p>Para esses elitistas, Lula deve equilibrar as contas sem tirar um centavo do bolso dos rica\u00e7os, mas cortando recursos do SUS, das universidades, dos institutos e das escolas p\u00fablicas.<\/p>\n\n\n\n<p>Essa \u00e9 a encruzilhada: optar pela direita no Congresso, cuja agenda poupa os rica\u00e7os e amplia as desigualdades, ou pelo modo Lula de governar, que n\u00e3o aceita sacrificar o povo e implementa um projeto para transformar o Brasil num pa\u00eds mais justo e igualit\u00e1rio, tirando-o da primeira posi\u00e7\u00e3o no ranking mundial de concentra\u00e7\u00e3o de renda e riqueza.<\/p>\n\n\n\n<p>O meu lado est\u00e1 escolhido: para mim, agora \u00e9 a vez \u00e9 do povo.<\/p>\n\n\n\n<p>Publicado originalmente em <a href=\"https:\/\/iclnoticias.com.br\/agora-e-a-vez-do-povo-mas-tem-gente-contra\/\">ICL Not\u00edcias<\/a><\/p>\n","protected":false},"excerpt":{"rendered":"<p>Para os contr\u00e1rios \u00e0 justi\u00e7a social e tribut\u00e1ria, a \u00fanica receita \u00e9 a f\u00f3rmula neoliberal O Brasil est\u00e1 diante de uma encruzilhada hist\u00f3rica. Est\u00e3o na pauta do pa\u00eds propostas como isen\u00e7\u00e3o do Imposto de Renda para quem ganha at\u00e9\u202fR$\u202f5\u202fmil mensais, tributa\u00e7\u00e3o de super-ricos \u2013 inclusive com taxa\u00e7\u00e3o sobre dividendos \u2013 e fim de deboches, como [&hellip;]<\/p>\n","protected":false},"author":2,"featured_media":3935,"comment_status":"open","ping_status":"open","sticky":false,"template":"","format":"standard","meta":{"footnotes":""},"categories":[29],"tags":[30,75,1296,529,1297,151,1220,210,107,1299,1298],"class_list":["post-3934","post","type-post","status-publish","format-standard","has-post-thumbnail","hentry","category-artigo","tag-artigo","tag-camara-dos-deputados","tag-icl","tag-imposto","tag-jornada-6x1","tag-justica","tag-justica-tributaria","tag-midia","tag-orcamento","tag-pobre","tag-rico"],"yoast_head":"<!-- This site is optimized with the Yoast SEO plugin v27.4 - https:\/\/yoast.com\/product\/yoast-seo-wordpress\/ -->\n<title>Agora \u00e9 a vez do povo. Mas tem gente contra - Deputado Federal Bohn Gass \u2605 PT\/RS<\/title>\n<meta name=\"robots\" content=\"index, follow, max-snippet:-1, max-image-preview:large, max-video-preview:-1\" \/>\n<link rel=\"canonical\" href=\"https:\/\/bohngass.com.br\/?p=3934\" \/>\n<meta property=\"og:locale\" content=\"pt_BR\" \/>\n<meta property=\"og:type\" content=\"article\" \/>\n<meta property=\"og:title\" content=\"Agora \u00e9 a vez do povo. Mas tem gente contra - Deputado Federal Bohn Gass \u2605 PT\/RS\" \/>\n<meta property=\"og:description\" content=\"Para os contr\u00e1rios \u00e0 justi\u00e7a social e tribut\u00e1ria, a \u00fanica receita \u00e9 a f\u00f3rmula neoliberal O Brasil est\u00e1 diante de uma encruzilhada hist\u00f3rica. Est\u00e3o na pauta do pa\u00eds propostas como isen\u00e7\u00e3o do Imposto de Renda para quem ganha at\u00e9\u202fR$\u202f5\u202fmil mensais, tributa\u00e7\u00e3o de super-ricos \u2013 inclusive com taxa\u00e7\u00e3o sobre dividendos \u2013 e fim de deboches, como [&hellip;]\" \/>\n<meta property=\"og:url\" content=\"https:\/\/bohngass.com.br\/?p=3934\" \/>\n<meta property=\"og:site_name\" content=\"Deputado Federal Bohn Gass \u2605 PT\/RS\" \/>\n<meta property=\"article:publisher\" content=\"https:\/\/www.facebook.com\/bohngass13\" \/>\n<meta property=\"article:published_time\" content=\"2025-07-09T20:59:36+00:00\" \/>\n<meta property=\"og:image\" content=\"https:\/\/bohngass.com.br\/wp-content\/uploads\/2025\/07\/justica.jpg\" \/>\n\t<meta property=\"og:image:width\" content=\"960\" \/>\n\t<meta property=\"og:image:height\" content=\"640\" \/>\n\t<meta property=\"og:image:type\" content=\"image\/jpeg\" \/>\n<meta name=\"author\" content=\"Alexandre Masotti\" \/>\n<meta name=\"twitter:card\" content=\"summary_large_image\" \/>\n<meta name=\"twitter:creator\" content=\"@BohnGass\" \/>\n<meta name=\"twitter:site\" content=\"@BohnGass\" \/>\n<meta name=\"twitter:label1\" content=\"Escrito por\" \/>\n\t<meta name=\"twitter:data1\" content=\"Alexandre Masotti\" \/>\n\t<meta name=\"twitter:label2\" content=\"Est. tempo de leitura\" \/>\n\t<meta name=\"twitter:data2\" content=\"4 minutos\" \/>\n<script type=\"application\/ld+json\" class=\"yoast-schema-graph\">{\"@context\":\"https:\\\/\\\/schema.org\",\"@graph\":[{\"@type\":\"Article\",\"@id\":\"https:\\\/\\\/bohngass.com.br\\\/?p=3934#article\",\"isPartOf\":{\"@id\":\"https:\\\/\\\/bohngass.com.br\\\/?p=3934\"},\"author\":{\"name\":\"Alexandre Masotti\",\"@id\":\"https:\\\/\\\/bohngass.com.br\\\/#\\\/schema\\\/person\\\/ad80b493a74ab72eb5b56cd9bc78e8ec\"},\"headline\":\"Agora \u00e9 a vez do povo. Mas tem gente contra\",\"datePublished\":\"2025-07-09T20:59:36+00:00\",\"mainEntityOfPage\":{\"@id\":\"https:\\\/\\\/bohngass.com.br\\\/?p=3934\"},\"wordCount\":591,\"commentCount\":0,\"publisher\":{\"@id\":\"https:\\\/\\\/bohngass.com.br\\\/#organization\"},\"image\":{\"@id\":\"https:\\\/\\\/bohngass.com.br\\\/?p=3934#primaryimage\"},\"thumbnailUrl\":\"https:\\\/\\\/bohngass.com.br\\\/wp-content\\\/uploads\\\/2025\\\/07\\\/justica.jpg\",\"keywords\":[\"artigo\",\"c\u00e2mara dos deputados\",\"icl\",\"imposto\",\"jornada 6x1\",\"justi\u00e7a\",\"justi\u00e7a tribut\u00e1ria\",\"m\u00eddia\",\"or\u00e7amento\",\"pobre\",\"rico\"],\"articleSection\":[\"Artigo\"],\"inLanguage\":\"pt-BR\",\"potentialAction\":[{\"@type\":\"CommentAction\",\"name\":\"Comment\",\"target\":[\"https:\\\/\\\/bohngass.com.br\\\/?p=3934#respond\"]}]},{\"@type\":\"WebPage\",\"@id\":\"https:\\\/\\\/bohngass.com.br\\\/?p=3934\",\"url\":\"https:\\\/\\\/bohngass.com.br\\\/?p=3934\",\"name\":\"Agora \u00e9 a vez do povo. Mas tem gente contra - Deputado Federal Bohn Gass \u2605 PT\\\/RS\",\"isPartOf\":{\"@id\":\"https:\\\/\\\/bohngass.com.br\\\/#website\"},\"primaryImageOfPage\":{\"@id\":\"https:\\\/\\\/bohngass.com.br\\\/?p=3934#primaryimage\"},\"image\":{\"@id\":\"https:\\\/\\\/bohngass.com.br\\\/?p=3934#primaryimage\"},\"thumbnailUrl\":\"https:\\\/\\\/bohngass.com.br\\\/wp-content\\\/uploads\\\/2025\\\/07\\\/justica.jpg\",\"datePublished\":\"2025-07-09T20:59:36+00:00\",\"breadcrumb\":{\"@id\":\"https:\\\/\\\/bohngass.com.br\\\/?p=3934#breadcrumb\"},\"inLanguage\":\"pt-BR\",\"potentialAction\":[{\"@type\":\"ReadAction\",\"target\":[\"https:\\\/\\\/bohngass.com.br\\\/?p=3934\"]}]},{\"@type\":\"ImageObject\",\"inLanguage\":\"pt-BR\",\"@id\":\"https:\\\/\\\/bohngass.com.br\\\/?p=3934#primaryimage\",\"url\":\"https:\\\/\\\/bohngass.com.br\\\/wp-content\\\/uploads\\\/2025\\\/07\\\/justica.jpg\",\"contentUrl\":\"https:\\\/\\\/bohngass.com.br\\\/wp-content\\\/uploads\\\/2025\\\/07\\\/justica.jpg\",\"width\":960,\"height\":640},{\"@type\":\"BreadcrumbList\",\"@id\":\"https:\\\/\\\/bohngass.com.br\\\/?p=3934#breadcrumb\",\"itemListElement\":[{\"@type\":\"ListItem\",\"position\":1,\"name\":\"In\u00edcio\",\"item\":\"https:\\\/\\\/bohngass.com.br\\\/\"},{\"@type\":\"ListItem\",\"position\":2,\"name\":\"Agora \u00e9 a vez do povo. Mas tem gente contra\"}]},{\"@type\":\"WebSite\",\"@id\":\"https:\\\/\\\/bohngass.com.br\\\/#website\",\"url\":\"https:\\\/\\\/bohngass.com.br\\\/\",\"name\":\"Deputado Federal Bohn Gass \u2605 PT\\\/RS\",\"description\":\"Deputado Federal Bohn Gass\",\"publisher\":{\"@id\":\"https:\\\/\\\/bohngass.com.br\\\/#organization\"},\"potentialAction\":[{\"@type\":\"SearchAction\",\"target\":{\"@type\":\"EntryPoint\",\"urlTemplate\":\"https:\\\/\\\/bohngass.com.br\\\/?s={search_term_string}\"},\"query-input\":{\"@type\":\"PropertyValueSpecification\",\"valueRequired\":true,\"valueName\":\"search_term_string\"}}],\"inLanguage\":\"pt-BR\"},{\"@type\":\"Organization\",\"@id\":\"https:\\\/\\\/bohngass.com.br\\\/#organization\",\"name\":\"Deputado Bohn Gass\",\"url\":\"https:\\\/\\\/bohngass.com.br\\\/\",\"logo\":{\"@type\":\"ImageObject\",\"inLanguage\":\"pt-BR\",\"@id\":\"https:\\\/\\\/bohngass.com.br\\\/#\\\/schema\\\/logo\\\/image\\\/\",\"url\":\"http:\\\/\\\/bohngass.com.br\\\/wp-content\\\/uploads\\\/2021\\\/01\\\/logo.png\",\"contentUrl\":\"http:\\\/\\\/bohngass.com.br\\\/wp-content\\\/uploads\\\/2021\\\/01\\\/logo.png\",\"width\":357,\"height\":355,\"caption\":\"Deputado Bohn Gass\"},\"image\":{\"@id\":\"https:\\\/\\\/bohngass.com.br\\\/#\\\/schema\\\/logo\\\/image\\\/\"},\"sameAs\":[\"https:\\\/\\\/www.facebook.com\\\/bohngass13\",\"https:\\\/\\\/x.com\\\/BohnGass\",\"https:\\\/\\\/www.instagram.com\\\/bohn_gass\\\/\",\"https:\\\/\\\/www.youtube.com\\\/BohnGass13\\\/\",\"https:\\\/\\\/pt.wikipedia.org\\\/wiki\\\/Bohn_Gass\"]},{\"@type\":\"Person\",\"@id\":\"https:\\\/\\\/bohngass.com.br\\\/#\\\/schema\\\/person\\\/ad80b493a74ab72eb5b56cd9bc78e8ec\",\"name\":\"Alexandre Masotti\",\"image\":{\"@type\":\"ImageObject\",\"inLanguage\":\"pt-BR\",\"@id\":\"https:\\\/\\\/bohngass.com.br\\\/wp-content\\\/litespeed\\\/avatar\\\/73cbc141e5f98378e7f999c498d3ce71.jpg?ver=1777227413\",\"url\":\"https:\\\/\\\/bohngass.com.br\\\/wp-content\\\/litespeed\\\/avatar\\\/73cbc141e5f98378e7f999c498d3ce71.jpg?ver=1777227413\",\"contentUrl\":\"https:\\\/\\\/bohngass.com.br\\\/wp-content\\\/litespeed\\\/avatar\\\/73cbc141e5f98378e7f999c498d3ce71.jpg?ver=1777227413\",\"caption\":\"Alexandre Masotti\"}}]}<\/script>\n<!-- \/ Yoast SEO plugin. -->","yoast_head_json":{"title":"Agora \u00e9 a vez do povo. Mas tem gente contra - Deputado Federal Bohn Gass \u2605 PT\/RS","robots":{"index":"index","follow":"follow","max-snippet":"max-snippet:-1","max-image-preview":"max-image-preview:large","max-video-preview":"max-video-preview:-1"},"canonical":"https:\/\/bohngass.com.br\/?p=3934","og_locale":"pt_BR","og_type":"article","og_title":"Agora \u00e9 a vez do povo. Mas tem gente contra - Deputado Federal Bohn Gass \u2605 PT\/RS","og_description":"Para os contr\u00e1rios \u00e0 justi\u00e7a social e tribut\u00e1ria, a \u00fanica receita \u00e9 a f\u00f3rmula neoliberal O Brasil est\u00e1 diante de uma encruzilhada hist\u00f3rica. Est\u00e3o na pauta do pa\u00eds propostas como isen\u00e7\u00e3o do Imposto de Renda para quem ganha at\u00e9\u202fR$\u202f5\u202fmil mensais, tributa\u00e7\u00e3o de super-ricos \u2013 inclusive com taxa\u00e7\u00e3o sobre dividendos \u2013 e fim de deboches, como [&hellip;]","og_url":"https:\/\/bohngass.com.br\/?p=3934","og_site_name":"Deputado Federal Bohn Gass \u2605 PT\/RS","article_publisher":"https:\/\/www.facebook.com\/bohngass13","article_published_time":"2025-07-09T20:59:36+00:00","og_image":[{"width":960,"height":640,"url":"https:\/\/bohngass.com.br\/wp-content\/uploads\/2025\/07\/justica.jpg","type":"image\/jpeg"}],"author":"Alexandre Masotti","twitter_card":"summary_large_image","twitter_creator":"@BohnGass","twitter_site":"@BohnGass","twitter_misc":{"Escrito por":"Alexandre Masotti","Est. tempo de leitura":"4 minutos"},"schema":{"@context":"https:\/\/schema.org","@graph":[{"@type":"Article","@id":"https:\/\/bohngass.com.br\/?p=3934#article","isPartOf":{"@id":"https:\/\/bohngass.com.br\/?p=3934"},"author":{"name":"Alexandre Masotti","@id":"https:\/\/bohngass.com.br\/#\/schema\/person\/ad80b493a74ab72eb5b56cd9bc78e8ec"},"headline":"Agora \u00e9 a vez do povo. Mas tem gente contra","datePublished":"2025-07-09T20:59:36+00:00","mainEntityOfPage":{"@id":"https:\/\/bohngass.com.br\/?p=3934"},"wordCount":591,"commentCount":0,"publisher":{"@id":"https:\/\/bohngass.com.br\/#organization"},"image":{"@id":"https:\/\/bohngass.com.br\/?p=3934#primaryimage"},"thumbnailUrl":"https:\/\/bohngass.com.br\/wp-content\/uploads\/2025\/07\/justica.jpg","keywords":["artigo","c\u00e2mara dos deputados","icl","imposto","jornada 6x1","justi\u00e7a","justi\u00e7a tribut\u00e1ria","m\u00eddia","or\u00e7amento","pobre","rico"],"articleSection":["Artigo"],"inLanguage":"pt-BR","potentialAction":[{"@type":"CommentAction","name":"Comment","target":["https:\/\/bohngass.com.br\/?p=3934#respond"]}]},{"@type":"WebPage","@id":"https:\/\/bohngass.com.br\/?p=3934","url":"https:\/\/bohngass.com.br\/?p=3934","name":"Agora \u00e9 a vez do povo. Mas tem gente contra - Deputado Federal Bohn Gass \u2605 PT\/RS","isPartOf":{"@id":"https:\/\/bohngass.com.br\/#website"},"primaryImageOfPage":{"@id":"https:\/\/bohngass.com.br\/?p=3934#primaryimage"},"image":{"@id":"https:\/\/bohngass.com.br\/?p=3934#primaryimage"},"thumbnailUrl":"https:\/\/bohngass.com.br\/wp-content\/uploads\/2025\/07\/justica.jpg","datePublished":"2025-07-09T20:59:36+00:00","breadcrumb":{"@id":"https:\/\/bohngass.com.br\/?p=3934#breadcrumb"},"inLanguage":"pt-BR","potentialAction":[{"@type":"ReadAction","target":["https:\/\/bohngass.com.br\/?p=3934"]}]},{"@type":"ImageObject","inLanguage":"pt-BR","@id":"https:\/\/bohngass.com.br\/?p=3934#primaryimage","url":"https:\/\/bohngass.com.br\/wp-content\/uploads\/2025\/07\/justica.jpg","contentUrl":"https:\/\/bohngass.com.br\/wp-content\/uploads\/2025\/07\/justica.jpg","width":960,"height":640},{"@type":"BreadcrumbList","@id":"https:\/\/bohngass.com.br\/?p=3934#breadcrumb","itemListElement":[{"@type":"ListItem","position":1,"name":"In\u00edcio","item":"https:\/\/bohngass.com.br\/"},{"@type":"ListItem","position":2,"name":"Agora \u00e9 a vez do povo. Mas tem gente contra"}]},{"@type":"WebSite","@id":"https:\/\/bohngass.com.br\/#website","url":"https:\/\/bohngass.com.br\/","name":"Deputado Federal Bohn Gass \u2605 PT\/RS","description":"Deputado Federal Bohn Gass","publisher":{"@id":"https:\/\/bohngass.com.br\/#organization"},"potentialAction":[{"@type":"SearchAction","target":{"@type":"EntryPoint","urlTemplate":"https:\/\/bohngass.com.br\/?s={search_term_string}"},"query-input":{"@type":"PropertyValueSpecification","valueRequired":true,"valueName":"search_term_string"}}],"inLanguage":"pt-BR"},{"@type":"Organization","@id":"https:\/\/bohngass.com.br\/#organization","name":"Deputado Bohn Gass","url":"https:\/\/bohngass.com.br\/","logo":{"@type":"ImageObject","inLanguage":"pt-BR","@id":"https:\/\/bohngass.com.br\/#\/schema\/logo\/image\/","url":"http:\/\/bohngass.com.br\/wp-content\/uploads\/2021\/01\/logo.png","contentUrl":"http:\/\/bohngass.com.br\/wp-content\/uploads\/2021\/01\/logo.png","width":357,"height":355,"caption":"Deputado Bohn Gass"},"image":{"@id":"https:\/\/bohngass.com.br\/#\/schema\/logo\/image\/"},"sameAs":["https:\/\/www.facebook.com\/bohngass13","https:\/\/x.com\/BohnGass","https:\/\/www.instagram.com\/bohn_gass\/","https:\/\/www.youtube.com\/BohnGass13\/","https:\/\/pt.wikipedia.org\/wiki\/Bohn_Gass"]},{"@type":"Person","@id":"https:\/\/bohngass.com.br\/#\/schema\/person\/ad80b493a74ab72eb5b56cd9bc78e8ec","name":"Alexandre Masotti","image":{"@type":"ImageObject","inLanguage":"pt-BR","@id":"https:\/\/bohngass.com.br\/wp-content\/litespeed\/avatar\/73cbc141e5f98378e7f999c498d3ce71.jpg?ver=1777227413","url":"https:\/\/bohngass.com.br\/wp-content\/litespeed\/avatar\/73cbc141e5f98378e7f999c498d3ce71.jpg?ver=1777227413","contentUrl":"https:\/\/bohngass.com.br\/wp-content\/litespeed\/avatar\/73cbc141e5f98378e7f999c498d3ce71.jpg?ver=1777227413","caption":"Alexandre Masotti"}}]}},"_links":{"self":[{"href":"https:\/\/bohngass.com.br\/index.php?rest_route=\/wp\/v2\/posts\/3934","targetHints":{"allow":["GET"]}}],"collection":[{"href":"https:\/\/bohngass.com.br\/index.php?rest_route=\/wp\/v2\/posts"}],"about":[{"href":"https:\/\/bohngass.com.br\/index.php?rest_route=\/wp\/v2\/types\/post"}],"author":[{"embeddable":true,"href":"https:\/\/bohngass.com.br\/index.php?rest_route=\/wp\/v2\/users\/2"}],"replies":[{"embeddable":true,"href":"https:\/\/bohngass.com.br\/index.php?rest_route=%2Fwp%2Fv2%2Fcomments&post=3934"}],"version-history":[{"count":1,"href":"https:\/\/bohngass.com.br\/index.php?rest_route=\/wp\/v2\/posts\/3934\/revisions"}],"predecessor-version":[{"id":3936,"href":"https:\/\/bohngass.com.br\/index.php?rest_route=\/wp\/v2\/posts\/3934\/revisions\/3936"}],"wp:featuredmedia":[{"embeddable":true,"href":"https:\/\/bohngass.com.br\/index.php?rest_route=\/wp\/v2\/media\/3935"}],"wp:attachment":[{"href":"https:\/\/bohngass.com.br\/index.php?rest_route=%2Fwp%2Fv2%2Fmedia&parent=3934"}],"wp:term":[{"taxonomy":"category","embeddable":true,"href":"https:\/\/bohngass.com.br\/index.php?rest_route=%2Fwp%2Fv2%2Fcategories&post=3934"},{"taxonomy":"post_tag","embeddable":true,"href":"https:\/\/bohngass.com.br\/index.php?rest_route=%2Fwp%2Fv2%2Ftags&post=3934"}],"curies":[{"name":"wp","href":"https:\/\/api.w.org\/{rel}","templated":true}]}}