{"id":4098,"date":"2025-12-12T12:32:44","date_gmt":"2025-12-12T15:32:44","guid":{"rendered":"https:\/\/bohngass.com.br\/?p=4098"},"modified":"2025-12-12T16:21:19","modified_gmt":"2025-12-12T19:21:19","slug":"santa-rosa-e-contemplada-pelo-fiis-do-governo-lula-com-novo-financiamento-para-ampliar-investimentos-na-saude","status":"publish","type":"post","link":"https:\/\/bohngass.com.br\/?p=4098","title":{"rendered":"Santa Rosa \u00e9 contemplada pelo FIIS do Governo Lula com novo financiamento para ampliar investimentos na sa\u00fade"},"content":{"rendered":"\n<p>O Hospital Vida &amp; Sa\u00fade de Santa Rosa foi oficialmente habilitado pelo Fundo de Investimento em Infraestrutura Social (FIIS), lan\u00e7ado pelo presidente Lula, para acessar financiamentos em condi\u00e7\u00f5es especiais destinados \u00e0 expans\u00e3o de servi\u00e7os e estruturas essenciais da rede hospitalar.<br>A diretora-geral do hospital, Vanderli de Barros, celebrou a conquista, afirmando que o novo financiamento permitir\u00e1 planejar e executar investimentos estrat\u00e9gicos na unidade principal e tamb\u00e9m nas unidades Dom Bosco e S\u00e3o Jos\u00e9, que atendem Santa Rosa e grande regi\u00e3o.<br>O deputado federal Bohn Gass (PT), que acompanhou o an\u00fancio em Bras\u00edlia, destacou a import\u00e2ncia do avan\u00e7o:<br>\u201c\u00c9 uma grande not\u00edcia para Santa Rosa. O FIIS do presidente Lula garante recursos estrat\u00e9gicos que fortalecem o nosso hospital e ampliam o atendimento \u00e0 popula\u00e7\u00e3o. \u00c9 assim que a sa\u00fade avan\u00e7a: com investimento p\u00fablico e compromisso com as pessoas.\u201d<br>O Governo Federal reafirma, com o FIIS, sua prioridade em ampliar a infraestrutura social e qualificar a sa\u00fade no interior ga\u00facho.<\/p>\n","protected":false},"excerpt":{"rendered":"<p>O Hospital Vida &amp; Sa\u00fade de Santa Rosa foi oficialmente habilitado pelo Fundo de Investimento em Infraestrutura Social (FIIS), lan\u00e7ado pelo presidente Lula, para acessar financiamentos em condi\u00e7\u00f5es especiais destinados \u00e0 expans\u00e3o de servi\u00e7os e estruturas essenciais da rede hospitalar.A diretora-geral do hospital, Vanderli de Barros, celebrou a conquista, afirmando que o novo financiamento permitir\u00e1 [&hellip;]<\/p>\n","protected":false},"author":1,"featured_media":4096,"comment_status":"open","ping_status":"open","sticky":false,"template":"","format":"standard","meta":{"footnotes":""},"categories":[127,49,780],"tags":[218,613,471,91,70,781,85],"class_list":["post-4098","post","type-post","status-publish","format-standard","has-post-thumbnail","hentry","category-lula","category-rio-grande-do-sul","category-saude","tag-financiamento","tag-governo-lula","tag-investimento","tag-lula","tag-rio-grande-do-sul","tag-santa-rosa","tag-saude"],"yoast_head":"<!-- This site is optimized with the Yoast SEO plugin v27.4 - https:\/\/yoast.com\/product\/yoast-seo-wordpress\/ -->\n<title>Santa Rosa \u00e9 contemplada pelo FIIS do Governo Lula com novo financiamento para ampliar investimentos na sa\u00fade - Deputado Federal Bohn Gass \u2605 PT\/RS<\/title>\n<meta name=\"robots\" content=\"index, follow, max-snippet:-1, max-image-preview:large, max-video-preview:-1\" \/>\n<link rel=\"canonical\" href=\"https:\/\/bohngass.com.br\/?p=4098\" \/>\n<meta property=\"og:locale\" content=\"pt_BR\" \/>\n<meta property=\"og:type\" content=\"article\" \/>\n<meta property=\"og:title\" content=\"Santa Rosa \u00e9 contemplada pelo FIIS do Governo Lula com novo financiamento para ampliar investimentos na sa\u00fade - Deputado Federal Bohn Gass \u2605 PT\/RS\" \/>\n<meta property=\"og:description\" content=\"O Hospital Vida &amp; Sa\u00fade de Santa Rosa foi oficialmente habilitado pelo Fundo de Investimento em Infraestrutura Social (FIIS), lan\u00e7ado pelo presidente Lula, para acessar financiamentos em condi\u00e7\u00f5es especiais destinados \u00e0 expans\u00e3o de servi\u00e7os e estruturas essenciais da rede hospitalar.A diretora-geral do hospital, Vanderli de Barros, celebrou a conquista, afirmando que o novo financiamento permitir\u00e1 [&hellip;]\" \/>\n<meta property=\"og:url\" content=\"https:\/\/bohngass.com.br\/?p=4098\" \/>\n<meta property=\"og:site_name\" content=\"Deputado Federal Bohn Gass \u2605 PT\/RS\" \/>\n<meta property=\"article:publisher\" content=\"https:\/\/www.facebook.com\/bohngass13\" \/>\n<meta property=\"article:published_time\" content=\"2025-12-12T15:32:44+00:00\" \/>\n<meta property=\"article:modified_time\" content=\"2025-12-12T19:21:19+00:00\" \/>\n<meta property=\"og:image\" content=\"https:\/\/bohngass.com.br\/wp-content\/uploads\/2025\/12\/WhatsApp-Image-2025-12-11-at-09.05.32.jpeg\" \/>\n\t<meta property=\"og:image:width\" content=\"1280\" \/>\n\t<meta property=\"og:image:height\" content=\"720\" \/>\n\t<meta property=\"og:image:type\" content=\"image\/jpeg\" \/>\n<meta name=\"author\" content=\"admin\" \/>\n<meta name=\"twitter:card\" content=\"summary_large_image\" \/>\n<meta name=\"twitter:creator\" content=\"@BohnGass\" \/>\n<meta name=\"twitter:site\" content=\"@BohnGass\" \/>\n<meta name=\"twitter:label1\" content=\"Escrito por\" \/>\n\t<meta name=\"twitter:data1\" content=\"admin\" \/>\n\t<meta name=\"twitter:label2\" content=\"Est. tempo de leitura\" \/>\n\t<meta name=\"twitter:data2\" content=\"2 minutos\" \/>\n<script type=\"application\/ld+json\" class=\"yoast-schema-graph\">{\"@context\":\"https:\\\/\\\/schema.org\",\"@graph\":[{\"@type\":\"Article\",\"@id\":\"https:\\\/\\\/bohngass.com.br\\\/?p=4098#article\",\"isPartOf\":{\"@id\":\"https:\\\/\\\/bohngass.com.br\\\/?p=4098\"},\"author\":{\"name\":\"admin\",\"@id\":\"https:\\\/\\\/bohngass.com.br\\\/#\\\/schema\\\/person\\\/73f139d814ad08afd66e56929f99d4d6\"},\"headline\":\"Santa Rosa \u00e9 contemplada pelo FIIS do Governo Lula com novo financiamento para ampliar investimentos na sa\u00fade\",\"datePublished\":\"2025-12-12T15:32:44+00:00\",\"dateModified\":\"2025-12-12T19:21:19+00:00\",\"mainEntityOfPage\":{\"@id\":\"https:\\\/\\\/bohngass.com.br\\\/?p=4098\"},\"wordCount\":192,\"commentCount\":0,\"publisher\":{\"@id\":\"https:\\\/\\\/bohngass.com.br\\\/#organization\"},\"image\":{\"@id\":\"https:\\\/\\\/bohngass.com.br\\\/?p=4098#primaryimage\"},\"thumbnailUrl\":\"https:\\\/\\\/bohngass.com.br\\\/wp-content\\\/uploads\\\/2025\\\/12\\\/WhatsApp-Image-2025-12-11-at-09.05.32.jpeg\",\"keywords\":[\"financiamento\",\"governo Lula\",\"investimento\",\"Lula\",\"Rio Grande do Sul\",\"santa rosa\",\"sa\u00fade\"],\"articleSection\":[\"Lula\",\"Rio Grande do Sul\",\"Sa\u00fade\"],\"inLanguage\":\"pt-BR\",\"potentialAction\":[{\"@type\":\"CommentAction\",\"name\":\"Comment\",\"target\":[\"https:\\\/\\\/bohngass.com.br\\\/?p=4098#respond\"]}]},{\"@type\":\"WebPage\",\"@id\":\"https:\\\/\\\/bohngass.com.br\\\/?p=4098\",\"url\":\"https:\\\/\\\/bohngass.com.br\\\/?p=4098\",\"name\":\"Santa Rosa \u00e9 contemplada pelo FIIS do Governo Lula com novo financiamento para ampliar investimentos na sa\u00fade - Deputado Federal Bohn Gass \u2605 PT\\\/RS\",\"isPartOf\":{\"@id\":\"https:\\\/\\\/bohngass.com.br\\\/#website\"},\"primaryImageOfPage\":{\"@id\":\"https:\\\/\\\/bohngass.com.br\\\/?p=4098#primaryimage\"},\"image\":{\"@id\":\"https:\\\/\\\/bohngass.com.br\\\/?p=4098#primaryimage\"},\"thumbnailUrl\":\"https:\\\/\\\/bohngass.com.br\\\/wp-content\\\/uploads\\\/2025\\\/12\\\/WhatsApp-Image-2025-12-11-at-09.05.32.jpeg\",\"datePublished\":\"2025-12-12T15:32:44+00:00\",\"dateModified\":\"2025-12-12T19:21:19+00:00\",\"breadcrumb\":{\"@id\":\"https:\\\/\\\/bohngass.com.br\\\/?p=4098#breadcrumb\"},\"inLanguage\":\"pt-BR\",\"potentialAction\":[{\"@type\":\"ReadAction\",\"target\":[\"https:\\\/\\\/bohngass.com.br\\\/?p=4098\"]}]},{\"@type\":\"ImageObject\",\"inLanguage\":\"pt-BR\",\"@id\":\"https:\\\/\\\/bohngass.com.br\\\/?p=4098#primaryimage\",\"url\":\"https:\\\/\\\/bohngass.com.br\\\/wp-content\\\/uploads\\\/2025\\\/12\\\/WhatsApp-Image-2025-12-11-at-09.05.32.jpeg\",\"contentUrl\":\"https:\\\/\\\/bohngass.com.br\\\/wp-content\\\/uploads\\\/2025\\\/12\\\/WhatsApp-Image-2025-12-11-at-09.05.32.jpeg\",\"width\":1280,\"height\":720},{\"@type\":\"BreadcrumbList\",\"@id\":\"https:\\\/\\\/bohngass.com.br\\\/?p=4098#breadcrumb\",\"itemListElement\":[{\"@type\":\"ListItem\",\"position\":1,\"name\":\"In\u00edcio\",\"item\":\"https:\\\/\\\/bohngass.com.br\\\/\"},{\"@type\":\"ListItem\",\"position\":2,\"name\":\"Santa Rosa \u00e9 contemplada pelo FIIS do Governo Lula com novo financiamento para ampliar investimentos na sa\u00fade\"}]},{\"@type\":\"WebSite\",\"@id\":\"https:\\\/\\\/bohngass.com.br\\\/#website\",\"url\":\"https:\\\/\\\/bohngass.com.br\\\/\",\"name\":\"Deputado Federal Bohn Gass \u2605 PT\\\/RS\",\"description\":\"Deputado Federal Bohn Gass\",\"publisher\":{\"@id\":\"https:\\\/\\\/bohngass.com.br\\\/#organization\"},\"potentialAction\":[{\"@type\":\"SearchAction\",\"target\":{\"@type\":\"EntryPoint\",\"urlTemplate\":\"https:\\\/\\\/bohngass.com.br\\\/?s={search_term_string}\"},\"query-input\":{\"@type\":\"PropertyValueSpecification\",\"valueRequired\":true,\"valueName\":\"search_term_string\"}}],\"inLanguage\":\"pt-BR\"},{\"@type\":\"Organization\",\"@id\":\"https:\\\/\\\/bohngass.com.br\\\/#organization\",\"name\":\"Deputado Bohn Gass\",\"url\":\"https:\\\/\\\/bohngass.com.br\\\/\",\"logo\":{\"@type\":\"ImageObject\",\"inLanguage\":\"pt-BR\",\"@id\":\"https:\\\/\\\/bohngass.com.br\\\/#\\\/schema\\\/logo\\\/image\\\/\",\"url\":\"http:\\\/\\\/bohngass.com.br\\\/wp-content\\\/uploads\\\/2021\\\/01\\\/logo.png\",\"contentUrl\":\"http:\\\/\\\/bohngass.com.br\\\/wp-content\\\/uploads\\\/2021\\\/01\\\/logo.png\",\"width\":357,\"height\":355,\"caption\":\"Deputado Bohn Gass\"},\"image\":{\"@id\":\"https:\\\/\\\/bohngass.com.br\\\/#\\\/schema\\\/logo\\\/image\\\/\"},\"sameAs\":[\"https:\\\/\\\/www.facebook.com\\\/bohngass13\",\"https:\\\/\\\/x.com\\\/BohnGass\",\"https:\\\/\\\/www.instagram.com\\\/bohn_gass\\\/\",\"https:\\\/\\\/www.youtube.com\\\/BohnGass13\\\/\",\"https:\\\/\\\/pt.wikipedia.org\\\/wiki\\\/Bohn_Gass\"]},{\"@type\":\"Person\",\"@id\":\"https:\\\/\\\/bohngass.com.br\\\/#\\\/schema\\\/person\\\/73f139d814ad08afd66e56929f99d4d6\",\"name\":\"admin\",\"image\":{\"@type\":\"ImageObject\",\"inLanguage\":\"pt-BR\",\"@id\":\"https:\\\/\\\/bohngass.com.br\\\/wp-content\\\/litespeed\\\/avatar\\\/46d26e448dfe42e49944850c1affc8d8.jpg?ver=1777227068\",\"url\":\"https:\\\/\\\/bohngass.com.br\\\/wp-content\\\/litespeed\\\/avatar\\\/46d26e448dfe42e49944850c1affc8d8.jpg?ver=1777227068\",\"contentUrl\":\"https:\\\/\\\/bohngass.com.br\\\/wp-content\\\/litespeed\\\/avatar\\\/46d26e448dfe42e49944850c1affc8d8.jpg?ver=1777227068\",\"caption\":\"admin\"},\"sameAs\":[\"http:\\\/\\\/www2.bohngass.com.br\"]}]}<\/script>\n<!-- \/ Yoast SEO plugin. -->","yoast_head_json":{"title":"Santa Rosa \u00e9 contemplada pelo FIIS do Governo Lula com novo financiamento para ampliar investimentos na sa\u00fade - Deputado Federal Bohn Gass \u2605 PT\/RS","robots":{"index":"index","follow":"follow","max-snippet":"max-snippet:-1","max-image-preview":"max-image-preview:large","max-video-preview":"max-video-preview:-1"},"canonical":"https:\/\/bohngass.com.br\/?p=4098","og_locale":"pt_BR","og_type":"article","og_title":"Santa Rosa \u00e9 contemplada pelo FIIS do Governo Lula com novo financiamento para ampliar investimentos na sa\u00fade - Deputado Federal Bohn Gass \u2605 PT\/RS","og_description":"O Hospital Vida &amp; Sa\u00fade de Santa Rosa foi oficialmente habilitado pelo Fundo de Investimento em Infraestrutura Social (FIIS), lan\u00e7ado pelo presidente Lula, para acessar financiamentos em condi\u00e7\u00f5es especiais destinados \u00e0 expans\u00e3o de servi\u00e7os e estruturas essenciais da rede hospitalar.A diretora-geral do hospital, Vanderli de Barros, celebrou a conquista, afirmando que o novo financiamento permitir\u00e1 [&hellip;]","og_url":"https:\/\/bohngass.com.br\/?p=4098","og_site_name":"Deputado Federal Bohn Gass \u2605 PT\/RS","article_publisher":"https:\/\/www.facebook.com\/bohngass13","article_published_time":"2025-12-12T15:32:44+00:00","article_modified_time":"2025-12-12T19:21:19+00:00","og_image":[{"width":1280,"height":720,"url":"https:\/\/bohngass.com.br\/wp-content\/uploads\/2025\/12\/WhatsApp-Image-2025-12-11-at-09.05.32.jpeg","type":"image\/jpeg"}],"author":"admin","twitter_card":"summary_large_image","twitter_creator":"@BohnGass","twitter_site":"@BohnGass","twitter_misc":{"Escrito por":"admin","Est. tempo de leitura":"2 minutos"},"schema":{"@context":"https:\/\/schema.org","@graph":[{"@type":"Article","@id":"https:\/\/bohngass.com.br\/?p=4098#article","isPartOf":{"@id":"https:\/\/bohngass.com.br\/?p=4098"},"author":{"name":"admin","@id":"https:\/\/bohngass.com.br\/#\/schema\/person\/73f139d814ad08afd66e56929f99d4d6"},"headline":"Santa Rosa \u00e9 contemplada pelo FIIS do Governo Lula com novo financiamento para ampliar investimentos na sa\u00fade","datePublished":"2025-12-12T15:32:44+00:00","dateModified":"2025-12-12T19:21:19+00:00","mainEntityOfPage":{"@id":"https:\/\/bohngass.com.br\/?p=4098"},"wordCount":192,"commentCount":0,"publisher":{"@id":"https:\/\/bohngass.com.br\/#organization"},"image":{"@id":"https:\/\/bohngass.com.br\/?p=4098#primaryimage"},"thumbnailUrl":"https:\/\/bohngass.com.br\/wp-content\/uploads\/2025\/12\/WhatsApp-Image-2025-12-11-at-09.05.32.jpeg","keywords":["financiamento","governo Lula","investimento","Lula","Rio Grande do Sul","santa rosa","sa\u00fade"],"articleSection":["Lula","Rio Grande do Sul","Sa\u00fade"],"inLanguage":"pt-BR","potentialAction":[{"@type":"CommentAction","name":"Comment","target":["https:\/\/bohngass.com.br\/?p=4098#respond"]}]},{"@type":"WebPage","@id":"https:\/\/bohngass.com.br\/?p=4098","url":"https:\/\/bohngass.com.br\/?p=4098","name":"Santa Rosa \u00e9 contemplada pelo FIIS do Governo Lula com novo financiamento para ampliar investimentos na sa\u00fade - Deputado Federal Bohn Gass \u2605 PT\/RS","isPartOf":{"@id":"https:\/\/bohngass.com.br\/#website"},"primaryImageOfPage":{"@id":"https:\/\/bohngass.com.br\/?p=4098#primaryimage"},"image":{"@id":"https:\/\/bohngass.com.br\/?p=4098#primaryimage"},"thumbnailUrl":"https:\/\/bohngass.com.br\/wp-content\/uploads\/2025\/12\/WhatsApp-Image-2025-12-11-at-09.05.32.jpeg","datePublished":"2025-12-12T15:32:44+00:00","dateModified":"2025-12-12T19:21:19+00:00","breadcrumb":{"@id":"https:\/\/bohngass.com.br\/?p=4098#breadcrumb"},"inLanguage":"pt-BR","potentialAction":[{"@type":"ReadAction","target":["https:\/\/bohngass.com.br\/?p=4098"]}]},{"@type":"ImageObject","inLanguage":"pt-BR","@id":"https:\/\/bohngass.com.br\/?p=4098#primaryimage","url":"https:\/\/bohngass.com.br\/wp-content\/uploads\/2025\/12\/WhatsApp-Image-2025-12-11-at-09.05.32.jpeg","contentUrl":"https:\/\/bohngass.com.br\/wp-content\/uploads\/2025\/12\/WhatsApp-Image-2025-12-11-at-09.05.32.jpeg","width":1280,"height":720},{"@type":"BreadcrumbList","@id":"https:\/\/bohngass.com.br\/?p=4098#breadcrumb","itemListElement":[{"@type":"ListItem","position":1,"name":"In\u00edcio","item":"https:\/\/bohngass.com.br\/"},{"@type":"ListItem","position":2,"name":"Santa Rosa \u00e9 contemplada pelo FIIS do Governo Lula com novo financiamento para ampliar investimentos na sa\u00fade"}]},{"@type":"WebSite","@id":"https:\/\/bohngass.com.br\/#website","url":"https:\/\/bohngass.com.br\/","name":"Deputado Federal Bohn Gass \u2605 PT\/RS","description":"Deputado Federal Bohn Gass","publisher":{"@id":"https:\/\/bohngass.com.br\/#organization"},"potentialAction":[{"@type":"SearchAction","target":{"@type":"EntryPoint","urlTemplate":"https:\/\/bohngass.com.br\/?s={search_term_string}"},"query-input":{"@type":"PropertyValueSpecification","valueRequired":true,"valueName":"search_term_string"}}],"inLanguage":"pt-BR"},{"@type":"Organization","@id":"https:\/\/bohngass.com.br\/#organization","name":"Deputado Bohn Gass","url":"https:\/\/bohngass.com.br\/","logo":{"@type":"ImageObject","inLanguage":"pt-BR","@id":"https:\/\/bohngass.com.br\/#\/schema\/logo\/image\/","url":"http:\/\/bohngass.com.br\/wp-content\/uploads\/2021\/01\/logo.png","contentUrl":"http:\/\/bohngass.com.br\/wp-content\/uploads\/2021\/01\/logo.png","width":357,"height":355,"caption":"Deputado Bohn Gass"},"image":{"@id":"https:\/\/bohngass.com.br\/#\/schema\/logo\/image\/"},"sameAs":["https:\/\/www.facebook.com\/bohngass13","https:\/\/x.com\/BohnGass","https:\/\/www.instagram.com\/bohn_gass\/","https:\/\/www.youtube.com\/BohnGass13\/","https:\/\/pt.wikipedia.org\/wiki\/Bohn_Gass"]},{"@type":"Person","@id":"https:\/\/bohngass.com.br\/#\/schema\/person\/73f139d814ad08afd66e56929f99d4d6","name":"admin","image":{"@type":"ImageObject","inLanguage":"pt-BR","@id":"https:\/\/bohngass.com.br\/wp-content\/litespeed\/avatar\/46d26e448dfe42e49944850c1affc8d8.jpg?ver=1777227068","url":"https:\/\/bohngass.com.br\/wp-content\/litespeed\/avatar\/46d26e448dfe42e49944850c1affc8d8.jpg?ver=1777227068","contentUrl":"https:\/\/bohngass.com.br\/wp-content\/litespeed\/avatar\/46d26e448dfe42e49944850c1affc8d8.jpg?ver=1777227068","caption":"admin"},"sameAs":["http:\/\/www2.bohngass.com.br"]}]}},"_links":{"self":[{"href":"https:\/\/bohngass.com.br\/index.php?rest_route=\/wp\/v2\/posts\/4098","targetHints":{"allow":["GET"]}}],"collection":[{"href":"https:\/\/bohngass.com.br\/index.php?rest_route=\/wp\/v2\/posts"}],"about":[{"href":"https:\/\/bohngass.com.br\/index.php?rest_route=\/wp\/v2\/types\/post"}],"author":[{"embeddable":true,"href":"https:\/\/bohngass.com.br\/index.php?rest_route=\/wp\/v2\/users\/1"}],"replies":[{"embeddable":true,"href":"https:\/\/bohngass.com.br\/index.php?rest_route=%2Fwp%2Fv2%2Fcomments&post=4098"}],"version-history":[{"count":1,"href":"https:\/\/bohngass.com.br\/index.php?rest_route=\/wp\/v2\/posts\/4098\/revisions"}],"predecessor-version":[{"id":4099,"href":"https:\/\/bohngass.com.br\/index.php?rest_route=\/wp\/v2\/posts\/4098\/revisions\/4099"}],"wp:featuredmedia":[{"embeddable":true,"href":"https:\/\/bohngass.com.br\/index.php?rest_route=\/wp\/v2\/media\/4096"}],"wp:attachment":[{"href":"https:\/\/bohngass.com.br\/index.php?rest_route=%2Fwp%2Fv2%2Fmedia&parent=4098"}],"wp:term":[{"taxonomy":"category","embeddable":true,"href":"https:\/\/bohngass.com.br\/index.php?rest_route=%2Fwp%2Fv2%2Fcategories&post=4098"},{"taxonomy":"post_tag","embeddable":true,"href":"https:\/\/bohngass.com.br\/index.php?rest_route=%2Fwp%2Fv2%2Ftags&post=4098"}],"curies":[{"name":"wp","href":"https:\/\/api.w.org\/{rel}","templated":true}]}}