{"id":594,"date":"2021-04-17T12:12:30","date_gmt":"2021-04-17T15:12:30","guid":{"rendered":"http:\/\/bohngass.com.br\/?p=594"},"modified":"2021-04-17T12:12:31","modified_gmt":"2021-04-17T15:12:31","slug":"nao-ao-orcamento-que-piora-o-brasil","status":"publish","type":"post","link":"https:\/\/bohngass.com.br\/?p=594","title":{"rendered":"N\u00e3o ao or\u00e7amento que piora o Brasil"},"content":{"rendered":"\n<h5 class=\"wp-block-heading\">Publicado originalmente em Brasil 247<\/h5>\n\n\n\n<p>O or\u00e7amento para 2021, aprovado pelo Congresso e ainda n\u00e3o sancionado, recebeu o voto contr\u00e1rio do PT. Por raz\u00f5es fortes: a primeira, porque a proposta aprovada fixou as despesas em um patamar absolutamente insuficiente para atender minimamente \u00e0s demandas da popula\u00e7\u00e3o em um ano em que a pandemia continua a produzir graves efeitos sociais e econ\u00f4micos sobre as pessoas, as fam\u00edlias e as empresas. Insuficiente, sim, porque muito menor do que o do ano passado, quando, em boa parte pela press\u00e3o das oposi\u00e7\u00f5es no Congresso, houve uma flexibiliza\u00e7\u00e3o das regras fiscais que permitiu o atendimento \u00e0s necessidades colocadas pela pandemia.\u00a0<\/p>\n\n\n\n<p>Enquanto em 2020 foram gastos quase R$ 300 bilh\u00f5es com o aux\u00edlio emergencial, em 2021 est\u00e3o previstos apenas R$ 44 bilh\u00f5es, quase sete vezes menos! Para a sa\u00fade, a despeito das enormes necessidades, o or\u00e7amento para 2021 \u00e9 cerca de R$ 20 bilh\u00f5es menor do que o que foi efetivamente gasto no ano passado.&nbsp;<\/p>\n\n\n\n<p>Al\u00e9m disso, a\u00e7\u00f5es de socorro aprovadas em 2020, como o Benef\u00edcio Emergencial de Preserva\u00e7\u00e3o do Emprego e da Renda &#8211; pago pelo governo aos trabalhadores com contrato suspenso ou com redu\u00e7\u00e3o de jornada &#8211; e os programas que facilitaram o acesso ao cr\u00e9dito \u00e0s micro e pequenas empresas, ficaram fora do Or\u00e7amento 2021. Contudo, os efeitos da pandemia n\u00e3o s\u00f3 n\u00e3o cessaram, como t\u00eam se agudizado. Ou seja, no momento mais cr\u00edtico da pandemia, ao inv\u00e9s de aumentar, reduziram-se os valores.\u00a0<\/p>\n\n\n\n<h2 class=\"wp-block-heading\"><strong>Interesses fisiol\u00f3gicos<\/strong><\/h2>\n\n\n\n<p>A segunda raz\u00e3o \u00e9 que, mesmo com o grande atraso, a vers\u00e3o final do Or\u00e7amento somente foi tornada p\u00fablica no pr\u00f3prio dia da vota\u00e7\u00e3o, um atropelo. E, nessa vers\u00e3o, foram retirados recursos importantes como os da Previd\u00eancia Social, do Abono Salarial, do Seguro Desemprego e da Agricultura Familiar, justamente no ano em que os pre\u00e7os dos alimentos dispararam, afetando fortemente a popula\u00e7\u00e3o mais pobre.&nbsp;<\/p>\n\n\n\n<p>Pior: esses recursos foram reservados a programa\u00e7\u00f5es or\u00e7ament\u00e1rias ligadas a interesses fisiol\u00f3gicos dos parlamentares aliados do governo. Pela primeira vez, foram cortadas despesas obrigat\u00f3rias, como os pagamentos de aposentadorias e pens\u00f5es do INSS, sem nenhuma justificativa, manobra sem amparo na legisla\u00e7\u00e3o or\u00e7ament\u00e1ria e questionada por especialistas em finan\u00e7as p\u00fablicas.<\/p>\n\n\n\n<p>O governo aponta que as regras fiscais como o teto de gastos obriga a fixa\u00e7\u00e3o das despesas or\u00e7ament\u00e1rias no patamar atual. Isso, desde logo evidencia a total inadequa\u00e7\u00e3o dessa regra draconiana destinada a reduzir a capacidade do Estado em prover os servi\u00e7os que a popula\u00e7\u00e3o requer, bem como a necessidade de sua reformula\u00e7\u00e3o.&nbsp;<\/p>\n\n\n\n<p>Contudo, mesmo com o teto, existe uma alternativa totalmente cab\u00edvel no contexto de pandemia, mas que o governo prefere omitir: a decreta\u00e7\u00e3o do estado de calamidade p\u00fablica, tal como ocorreu em 2020. Isso permitiria a flexibiliza\u00e7\u00e3o das regras e a elabora\u00e7\u00e3o de um or\u00e7amento compat\u00edvel com o que o Pa\u00eds precisa.<\/p>\n\n\n\n<h2 class=\"wp-block-heading\"><strong>Empobrecimento da popula\u00e7\u00e3o&nbsp;<\/strong><\/h2>\n\n\n\n<p>Ao rejeitar essa alternativa, o governo mostra que a austeridade fiscal, mesmo em um momento t\u00e3o dif\u00edcil para a popula\u00e7\u00e3o brasileira, \u00e9 uma escolha. E uma escolha na contram\u00e3o do que a maioria dos pa\u00edses tem feito para minimizar os efeitos da crise, e que o pr\u00f3prio Brasil fez em 2020. Vale lembrar, nesse sentido, que antes da flexibiliza\u00e7\u00e3o fiscal, previa-se para esse ano uma queda de at\u00e9 10% no PIB, em vez dos 4,1 % registrados.<\/p>\n\n\n\n<p>Ent\u00e3o, n\u00f3s, do PT, votamos contra o or\u00e7amento porque, como est\u00e1, agrava o quadro atual de empobrecimento generalizado da popula\u00e7\u00e3o, especialmente das camadas mais vulner\u00e1veis, e ainda aumenta a concentra\u00e7\u00e3o de renda, com efeitos nefastos para a retomada do n\u00edvel de atividade econ\u00f4mica. N\u00e3o \u00e9 isso o que queremos. Resta saber o que o governo quer.<\/p>\n","protected":false},"excerpt":{"rendered":"<p>Publicado originalmente em Brasil 247 O or\u00e7amento para 2021, aprovado pelo Congresso e ainda n\u00e3o sancionado, recebeu o voto contr\u00e1rio do PT. Por raz\u00f5es fortes: a primeira, porque a proposta aprovada fixou as despesas em um patamar absolutamente insuficiente para atender minimamente \u00e0s demandas da popula\u00e7\u00e3o em um ano em que a pandemia continua a [&hellip;]<\/p>\n","protected":false},"author":2,"featured_media":377,"comment_status":"open","ping_status":"open","sticky":false,"template":"","format":"standard","meta":{"footnotes":""},"categories":[29,82],"tags":[43,220,221,217,218,219,38,117,215,216,85],"class_list":["post-594","post","type-post","status-publish","format-standard","has-post-thumbnail","hentry","category-artigo","category-lideranca-do-pt","tag-auxilio-emergencial","tag-centrao","tag-empobrecimento","tag-empresas","tag-financiamento","tag-fisiologico","tag-governo-bolsonaro","tag-miseria","tag-orcamento-2021","tag-orcamento-publico","tag-saude"],"yoast_head":"<!-- This site is optimized with the Yoast SEO plugin v27.4 - https:\/\/yoast.com\/product\/yoast-seo-wordpress\/ -->\n<title>N\u00e3o ao or\u00e7amento que piora o Brasil - Deputado Federal Bohn Gass \u2605 PT\/RS<\/title>\n<meta name=\"robots\" content=\"index, follow, max-snippet:-1, max-image-preview:large, max-video-preview:-1\" \/>\n<link rel=\"canonical\" href=\"https:\/\/bohngass.com.br\/?p=594\" \/>\n<meta property=\"og:locale\" content=\"pt_BR\" \/>\n<meta property=\"og:type\" content=\"article\" \/>\n<meta property=\"og:title\" content=\"N\u00e3o ao or\u00e7amento que piora o Brasil - Deputado Federal Bohn Gass \u2605 PT\/RS\" \/>\n<meta property=\"og:description\" content=\"Publicado originalmente em Brasil 247 O or\u00e7amento para 2021, aprovado pelo Congresso e ainda n\u00e3o sancionado, recebeu o voto contr\u00e1rio do PT. Por raz\u00f5es fortes: a primeira, porque a proposta aprovada fixou as despesas em um patamar absolutamente insuficiente para atender minimamente \u00e0s demandas da popula\u00e7\u00e3o em um ano em que a pandemia continua a [&hellip;]\" \/>\n<meta property=\"og:url\" content=\"https:\/\/bohngass.com.br\/?p=594\" \/>\n<meta property=\"og:site_name\" content=\"Deputado Federal Bohn Gass \u2605 PT\/RS\" \/>\n<meta property=\"article:publisher\" content=\"https:\/\/www.facebook.com\/bohngass13\" \/>\n<meta property=\"article:published_time\" content=\"2021-04-17T15:12:30+00:00\" \/>\n<meta property=\"article:modified_time\" content=\"2021-04-17T15:12:31+00:00\" \/>\n<meta property=\"og:image\" content=\"https:\/\/bohngass.com.br\/wp-content\/uploads\/2021\/02\/bohn-gass-plenario-1.jpg\" \/>\n\t<meta property=\"og:image:width\" content=\"850\" \/>\n\t<meta property=\"og:image:height\" content=\"491\" \/>\n\t<meta property=\"og:image:type\" content=\"image\/jpeg\" \/>\n<meta name=\"author\" content=\"Alexandre Masotti\" \/>\n<meta name=\"twitter:card\" content=\"summary_large_image\" \/>\n<meta name=\"twitter:creator\" content=\"@BohnGass\" \/>\n<meta name=\"twitter:site\" content=\"@BohnGass\" \/>\n<meta name=\"twitter:label1\" content=\"Escrito por\" \/>\n\t<meta name=\"twitter:data1\" content=\"Alexandre Masotti\" \/>\n\t<meta name=\"twitter:label2\" content=\"Est. tempo de leitura\" \/>\n\t<meta name=\"twitter:data2\" content=\"3 minutos\" \/>\n<script type=\"application\/ld+json\" class=\"yoast-schema-graph\">{\"@context\":\"https:\\\/\\\/schema.org\",\"@graph\":[{\"@type\":\"Article\",\"@id\":\"https:\\\/\\\/bohngass.com.br\\\/?p=594#article\",\"isPartOf\":{\"@id\":\"https:\\\/\\\/bohngass.com.br\\\/?p=594\"},\"author\":{\"name\":\"Alexandre Masotti\",\"@id\":\"https:\\\/\\\/bohngass.com.br\\\/#\\\/schema\\\/person\\\/ad80b493a74ab72eb5b56cd9bc78e8ec\"},\"headline\":\"N\u00e3o ao or\u00e7amento que piora o Brasil\",\"datePublished\":\"2021-04-17T15:12:30+00:00\",\"dateModified\":\"2021-04-17T15:12:31+00:00\",\"mainEntityOfPage\":{\"@id\":\"https:\\\/\\\/bohngass.com.br\\\/?p=594\"},\"wordCount\":672,\"commentCount\":0,\"publisher\":{\"@id\":\"https:\\\/\\\/bohngass.com.br\\\/#organization\"},\"image\":{\"@id\":\"https:\\\/\\\/bohngass.com.br\\\/?p=594#primaryimage\"},\"thumbnailUrl\":\"https:\\\/\\\/bohngass.com.br\\\/wp-content\\\/uploads\\\/2021\\\/02\\\/bohn-gass-plenario-1.jpg\",\"keywords\":[\"aux\u00edlio emergencial\",\"Centr\u00e3o\",\"empobrecimento\",\"empresas\",\"financiamento\",\"fisiol\u00f3gico\",\"governo bolsonaro\",\"mis\u00e9ria\",\"or\u00e7amento 2021\",\"or\u00e7amento p\u00fablico\",\"sa\u00fade\"],\"articleSection\":[\"Artigo\",\"Lideran\u00e7a do PT\"],\"inLanguage\":\"pt-BR\",\"potentialAction\":[{\"@type\":\"CommentAction\",\"name\":\"Comment\",\"target\":[\"https:\\\/\\\/bohngass.com.br\\\/?p=594#respond\"]}]},{\"@type\":\"WebPage\",\"@id\":\"https:\\\/\\\/bohngass.com.br\\\/?p=594\",\"url\":\"https:\\\/\\\/bohngass.com.br\\\/?p=594\",\"name\":\"N\u00e3o ao or\u00e7amento que piora o Brasil - Deputado Federal Bohn Gass \u2605 PT\\\/RS\",\"isPartOf\":{\"@id\":\"https:\\\/\\\/bohngass.com.br\\\/#website\"},\"primaryImageOfPage\":{\"@id\":\"https:\\\/\\\/bohngass.com.br\\\/?p=594#primaryimage\"},\"image\":{\"@id\":\"https:\\\/\\\/bohngass.com.br\\\/?p=594#primaryimage\"},\"thumbnailUrl\":\"https:\\\/\\\/bohngass.com.br\\\/wp-content\\\/uploads\\\/2021\\\/02\\\/bohn-gass-plenario-1.jpg\",\"datePublished\":\"2021-04-17T15:12:30+00:00\",\"dateModified\":\"2021-04-17T15:12:31+00:00\",\"breadcrumb\":{\"@id\":\"https:\\\/\\\/bohngass.com.br\\\/?p=594#breadcrumb\"},\"inLanguage\":\"pt-BR\",\"potentialAction\":[{\"@type\":\"ReadAction\",\"target\":[\"https:\\\/\\\/bohngass.com.br\\\/?p=594\"]}]},{\"@type\":\"ImageObject\",\"inLanguage\":\"pt-BR\",\"@id\":\"https:\\\/\\\/bohngass.com.br\\\/?p=594#primaryimage\",\"url\":\"https:\\\/\\\/bohngass.com.br\\\/wp-content\\\/uploads\\\/2021\\\/02\\\/bohn-gass-plenario-1.jpg\",\"contentUrl\":\"https:\\\/\\\/bohngass.com.br\\\/wp-content\\\/uploads\\\/2021\\\/02\\\/bohn-gass-plenario-1.jpg\",\"width\":850,\"height\":491},{\"@type\":\"BreadcrumbList\",\"@id\":\"https:\\\/\\\/bohngass.com.br\\\/?p=594#breadcrumb\",\"itemListElement\":[{\"@type\":\"ListItem\",\"position\":1,\"name\":\"In\u00edcio\",\"item\":\"https:\\\/\\\/bohngass.com.br\\\/\"},{\"@type\":\"ListItem\",\"position\":2,\"name\":\"N\u00e3o ao or\u00e7amento que piora o Brasil\"}]},{\"@type\":\"WebSite\",\"@id\":\"https:\\\/\\\/bohngass.com.br\\\/#website\",\"url\":\"https:\\\/\\\/bohngass.com.br\\\/\",\"name\":\"Deputado Federal Bohn Gass \u2605 PT\\\/RS\",\"description\":\"Deputado Federal Bohn Gass\",\"publisher\":{\"@id\":\"https:\\\/\\\/bohngass.com.br\\\/#organization\"},\"potentialAction\":[{\"@type\":\"SearchAction\",\"target\":{\"@type\":\"EntryPoint\",\"urlTemplate\":\"https:\\\/\\\/bohngass.com.br\\\/?s={search_term_string}\"},\"query-input\":{\"@type\":\"PropertyValueSpecification\",\"valueRequired\":true,\"valueName\":\"search_term_string\"}}],\"inLanguage\":\"pt-BR\"},{\"@type\":\"Organization\",\"@id\":\"https:\\\/\\\/bohngass.com.br\\\/#organization\",\"name\":\"Deputado Bohn Gass\",\"url\":\"https:\\\/\\\/bohngass.com.br\\\/\",\"logo\":{\"@type\":\"ImageObject\",\"inLanguage\":\"pt-BR\",\"@id\":\"https:\\\/\\\/bohngass.com.br\\\/#\\\/schema\\\/logo\\\/image\\\/\",\"url\":\"http:\\\/\\\/bohngass.com.br\\\/wp-content\\\/uploads\\\/2021\\\/01\\\/logo.png\",\"contentUrl\":\"http:\\\/\\\/bohngass.com.br\\\/wp-content\\\/uploads\\\/2021\\\/01\\\/logo.png\",\"width\":357,\"height\":355,\"caption\":\"Deputado Bohn Gass\"},\"image\":{\"@id\":\"https:\\\/\\\/bohngass.com.br\\\/#\\\/schema\\\/logo\\\/image\\\/\"},\"sameAs\":[\"https:\\\/\\\/www.facebook.com\\\/bohngass13\",\"https:\\\/\\\/x.com\\\/BohnGass\",\"https:\\\/\\\/www.instagram.com\\\/bohn_gass\\\/\",\"https:\\\/\\\/www.youtube.com\\\/BohnGass13\\\/\",\"https:\\\/\\\/pt.wikipedia.org\\\/wiki\\\/Bohn_Gass\"]},{\"@type\":\"Person\",\"@id\":\"https:\\\/\\\/bohngass.com.br\\\/#\\\/schema\\\/person\\\/ad80b493a74ab72eb5b56cd9bc78e8ec\",\"name\":\"Alexandre Masotti\",\"image\":{\"@type\":\"ImageObject\",\"inLanguage\":\"pt-BR\",\"@id\":\"https:\\\/\\\/bohngass.com.br\\\/wp-content\\\/litespeed\\\/avatar\\\/73cbc141e5f98378e7f999c498d3ce71.jpg?ver=1777227413\",\"url\":\"https:\\\/\\\/bohngass.com.br\\\/wp-content\\\/litespeed\\\/avatar\\\/73cbc141e5f98378e7f999c498d3ce71.jpg?ver=1777227413\",\"contentUrl\":\"https:\\\/\\\/bohngass.com.br\\\/wp-content\\\/litespeed\\\/avatar\\\/73cbc141e5f98378e7f999c498d3ce71.jpg?ver=1777227413\",\"caption\":\"Alexandre Masotti\"}}]}<\/script>\n<!-- \/ Yoast SEO plugin. -->","yoast_head_json":{"title":"N\u00e3o ao or\u00e7amento que piora o Brasil - Deputado Federal Bohn Gass \u2605 PT\/RS","robots":{"index":"index","follow":"follow","max-snippet":"max-snippet:-1","max-image-preview":"max-image-preview:large","max-video-preview":"max-video-preview:-1"},"canonical":"https:\/\/bohngass.com.br\/?p=594","og_locale":"pt_BR","og_type":"article","og_title":"N\u00e3o ao or\u00e7amento que piora o Brasil - Deputado Federal Bohn Gass \u2605 PT\/RS","og_description":"Publicado originalmente em Brasil 247 O or\u00e7amento para 2021, aprovado pelo Congresso e ainda n\u00e3o sancionado, recebeu o voto contr\u00e1rio do PT. Por raz\u00f5es fortes: a primeira, porque a proposta aprovada fixou as despesas em um patamar absolutamente insuficiente para atender minimamente \u00e0s demandas da popula\u00e7\u00e3o em um ano em que a pandemia continua a [&hellip;]","og_url":"https:\/\/bohngass.com.br\/?p=594","og_site_name":"Deputado Federal Bohn Gass \u2605 PT\/RS","article_publisher":"https:\/\/www.facebook.com\/bohngass13","article_published_time":"2021-04-17T15:12:30+00:00","article_modified_time":"2021-04-17T15:12:31+00:00","og_image":[{"width":850,"height":491,"url":"https:\/\/bohngass.com.br\/wp-content\/uploads\/2021\/02\/bohn-gass-plenario-1.jpg","type":"image\/jpeg"}],"author":"Alexandre Masotti","twitter_card":"summary_large_image","twitter_creator":"@BohnGass","twitter_site":"@BohnGass","twitter_misc":{"Escrito por":"Alexandre Masotti","Est. tempo de leitura":"3 minutos"},"schema":{"@context":"https:\/\/schema.org","@graph":[{"@type":"Article","@id":"https:\/\/bohngass.com.br\/?p=594#article","isPartOf":{"@id":"https:\/\/bohngass.com.br\/?p=594"},"author":{"name":"Alexandre Masotti","@id":"https:\/\/bohngass.com.br\/#\/schema\/person\/ad80b493a74ab72eb5b56cd9bc78e8ec"},"headline":"N\u00e3o ao or\u00e7amento que piora o Brasil","datePublished":"2021-04-17T15:12:30+00:00","dateModified":"2021-04-17T15:12:31+00:00","mainEntityOfPage":{"@id":"https:\/\/bohngass.com.br\/?p=594"},"wordCount":672,"commentCount":0,"publisher":{"@id":"https:\/\/bohngass.com.br\/#organization"},"image":{"@id":"https:\/\/bohngass.com.br\/?p=594#primaryimage"},"thumbnailUrl":"https:\/\/bohngass.com.br\/wp-content\/uploads\/2021\/02\/bohn-gass-plenario-1.jpg","keywords":["aux\u00edlio emergencial","Centr\u00e3o","empobrecimento","empresas","financiamento","fisiol\u00f3gico","governo bolsonaro","mis\u00e9ria","or\u00e7amento 2021","or\u00e7amento p\u00fablico","sa\u00fade"],"articleSection":["Artigo","Lideran\u00e7a do PT"],"inLanguage":"pt-BR","potentialAction":[{"@type":"CommentAction","name":"Comment","target":["https:\/\/bohngass.com.br\/?p=594#respond"]}]},{"@type":"WebPage","@id":"https:\/\/bohngass.com.br\/?p=594","url":"https:\/\/bohngass.com.br\/?p=594","name":"N\u00e3o ao or\u00e7amento que piora o Brasil - Deputado Federal Bohn Gass \u2605 PT\/RS","isPartOf":{"@id":"https:\/\/bohngass.com.br\/#website"},"primaryImageOfPage":{"@id":"https:\/\/bohngass.com.br\/?p=594#primaryimage"},"image":{"@id":"https:\/\/bohngass.com.br\/?p=594#primaryimage"},"thumbnailUrl":"https:\/\/bohngass.com.br\/wp-content\/uploads\/2021\/02\/bohn-gass-plenario-1.jpg","datePublished":"2021-04-17T15:12:30+00:00","dateModified":"2021-04-17T15:12:31+00:00","breadcrumb":{"@id":"https:\/\/bohngass.com.br\/?p=594#breadcrumb"},"inLanguage":"pt-BR","potentialAction":[{"@type":"ReadAction","target":["https:\/\/bohngass.com.br\/?p=594"]}]},{"@type":"ImageObject","inLanguage":"pt-BR","@id":"https:\/\/bohngass.com.br\/?p=594#primaryimage","url":"https:\/\/bohngass.com.br\/wp-content\/uploads\/2021\/02\/bohn-gass-plenario-1.jpg","contentUrl":"https:\/\/bohngass.com.br\/wp-content\/uploads\/2021\/02\/bohn-gass-plenario-1.jpg","width":850,"height":491},{"@type":"BreadcrumbList","@id":"https:\/\/bohngass.com.br\/?p=594#breadcrumb","itemListElement":[{"@type":"ListItem","position":1,"name":"In\u00edcio","item":"https:\/\/bohngass.com.br\/"},{"@type":"ListItem","position":2,"name":"N\u00e3o ao or\u00e7amento que piora o Brasil"}]},{"@type":"WebSite","@id":"https:\/\/bohngass.com.br\/#website","url":"https:\/\/bohngass.com.br\/","name":"Deputado Federal Bohn Gass \u2605 PT\/RS","description":"Deputado Federal Bohn Gass","publisher":{"@id":"https:\/\/bohngass.com.br\/#organization"},"potentialAction":[{"@type":"SearchAction","target":{"@type":"EntryPoint","urlTemplate":"https:\/\/bohngass.com.br\/?s={search_term_string}"},"query-input":{"@type":"PropertyValueSpecification","valueRequired":true,"valueName":"search_term_string"}}],"inLanguage":"pt-BR"},{"@type":"Organization","@id":"https:\/\/bohngass.com.br\/#organization","name":"Deputado Bohn Gass","url":"https:\/\/bohngass.com.br\/","logo":{"@type":"ImageObject","inLanguage":"pt-BR","@id":"https:\/\/bohngass.com.br\/#\/schema\/logo\/image\/","url":"http:\/\/bohngass.com.br\/wp-content\/uploads\/2021\/01\/logo.png","contentUrl":"http:\/\/bohngass.com.br\/wp-content\/uploads\/2021\/01\/logo.png","width":357,"height":355,"caption":"Deputado Bohn Gass"},"image":{"@id":"https:\/\/bohngass.com.br\/#\/schema\/logo\/image\/"},"sameAs":["https:\/\/www.facebook.com\/bohngass13","https:\/\/x.com\/BohnGass","https:\/\/www.instagram.com\/bohn_gass\/","https:\/\/www.youtube.com\/BohnGass13\/","https:\/\/pt.wikipedia.org\/wiki\/Bohn_Gass"]},{"@type":"Person","@id":"https:\/\/bohngass.com.br\/#\/schema\/person\/ad80b493a74ab72eb5b56cd9bc78e8ec","name":"Alexandre Masotti","image":{"@type":"ImageObject","inLanguage":"pt-BR","@id":"https:\/\/bohngass.com.br\/wp-content\/litespeed\/avatar\/73cbc141e5f98378e7f999c498d3ce71.jpg?ver=1777227413","url":"https:\/\/bohngass.com.br\/wp-content\/litespeed\/avatar\/73cbc141e5f98378e7f999c498d3ce71.jpg?ver=1777227413","contentUrl":"https:\/\/bohngass.com.br\/wp-content\/litespeed\/avatar\/73cbc141e5f98378e7f999c498d3ce71.jpg?ver=1777227413","caption":"Alexandre Masotti"}}]}},"_links":{"self":[{"href":"https:\/\/bohngass.com.br\/index.php?rest_route=\/wp\/v2\/posts\/594","targetHints":{"allow":["GET"]}}],"collection":[{"href":"https:\/\/bohngass.com.br\/index.php?rest_route=\/wp\/v2\/posts"}],"about":[{"href":"https:\/\/bohngass.com.br\/index.php?rest_route=\/wp\/v2\/types\/post"}],"author":[{"embeddable":true,"href":"https:\/\/bohngass.com.br\/index.php?rest_route=\/wp\/v2\/users\/2"}],"replies":[{"embeddable":true,"href":"https:\/\/bohngass.com.br\/index.php?rest_route=%2Fwp%2Fv2%2Fcomments&post=594"}],"version-history":[{"count":0,"href":"https:\/\/bohngass.com.br\/index.php?rest_route=\/wp\/v2\/posts\/594\/revisions"}],"wp:featuredmedia":[{"embeddable":true,"href":"https:\/\/bohngass.com.br\/index.php?rest_route=\/wp\/v2\/media\/377"}],"wp:attachment":[{"href":"https:\/\/bohngass.com.br\/index.php?rest_route=%2Fwp%2Fv2%2Fmedia&parent=594"}],"wp:term":[{"taxonomy":"category","embeddable":true,"href":"https:\/\/bohngass.com.br\/index.php?rest_route=%2Fwp%2Fv2%2Fcategories&post=594"},{"taxonomy":"post_tag","embeddable":true,"href":"https:\/\/bohngass.com.br\/index.php?rest_route=%2Fwp%2Fv2%2Ftags&post=594"}],"curies":[{"name":"wp","href":"https:\/\/api.w.org\/{rel}","templated":true}]}}