{"id":787,"date":"2021-06-17T09:09:14","date_gmt":"2021-06-17T12:09:14","guid":{"rendered":"http:\/\/bohngass.com.br\/?p=787"},"modified":"2021-06-17T09:09:15","modified_gmt":"2021-06-17T12:09:15","slug":"bohn-gass-conclama-povo-a-sair-as-ruas-no-dia-19-pelo-impeachment-de-bolsonaro","status":"publish","type":"post","link":"https:\/\/bohngass.com.br\/?p=787","title":{"rendered":"Bohn Gass conclama povo a sair \u00e0s ruas no dia 19 pelo impeachment de Bolsonaro"},"content":{"rendered":"\n<p>O l\u00edder do PT na C\u00e2mara,&nbsp;<strong>Elvino Bohn Gass (RS)<\/strong>, destacou hoje (16) a import\u00e2ncia do Dia Nacional de Mobiliza\u00e7\u00e3o por Fora Bolsonaro, que acontecer\u00e1 no s\u00e1bado, 19 de junho, na sequ\u00eancia das grandes manifesta\u00e7\u00f5es realizadas dia 29 de maio em todo o Pa\u00eds, com quase meio milh\u00e3o de pessoas, em mais de 200 munic\u00edpios, que sa\u00edram \u00e0s ruas em protesto contra o presidente genocida.<\/p>\n\n\n\n<p>\u201cO Brasil precisa dar um basta ao genoc\u00eddio, \u00e0 viol\u00eancia, ao governo paralelo, ao aumento de pre\u00e7os da comida e dos combust\u00edveis e do g\u00e1s de cozinha; o povo quer empregos, renda e dignidade\u201d, afirmou o l\u00edder do PT.<\/p>\n\n\n\n<p>Ele assinalou que a manifesta\u00e7\u00e3o vai cobrar vacinas para todos, aux\u00edlio emergencial de R$ 600,00 e o afastamento do capit\u00e3o-presidente, cujo desprezo \u00e0 ci\u00eancia e \u00e0 vida dos brasileiros j\u00e1 levou a quase meio milh\u00e3o de mortes por Covid-19 no Pa\u00eds.<\/p>\n\n\n\n<h2 class=\"wp-block-heading\">Assassinato em massa<\/h2>\n\n\n\n<p>\u201c\u00c9 um governo que destr\u00f3i o sonho de vida dos brasileiros, com op\u00e7\u00e3o pelo assassinato em massa, o abandono do povo e o desmantelamento da economia brasileira\u201d, afirmou Bohn Gass.<\/p>\n\n\n\n<p>Com Bolsonaro, o fantasma da infla\u00e7\u00e3o voltou- s\u00f3 nos \u00faltimos 12 meses ultrapassou 8%, com impacto direto no bolso dos assalariados e da classe m\u00e9dia. Bohn Gass observou que somente neste ano o diesel subiu 46%, a gasolina 45%, o botij\u00e3o de g\u00e1s ultrapassou R$ 100,00 e os alugu\u00e9is 37%.<\/p>\n\n\n\n<p>O aumento do pre\u00e7o do arroz chegou a 70%, assim como o do feij\u00e3o, com a total inoper\u00e2ncia do governo atual, que desmantelou os estoques reguladores oficiais, os quais permitiam interven\u00e7\u00f5es no mercado para evitar a carestia dos produtos b\u00e1sicos.<\/p>\n\n\n\n<h2 class=\"wp-block-heading\">Aumento da conta de luz<\/h2>\n\n\n\n<p>Bohn Gass prognosticou que a situa\u00e7\u00e3o vai piorar, com o inevit\u00e1vel aumento da conta de luz diante da incompet\u00eancia de Bolsonaro para fortalecer o sistema de gera\u00e7\u00e3o de energia no Pa\u00eds.<\/p>\n\n\n\n<p>\u201cViver no Brasil est\u00e1 muito caro, sobretudo com um sal\u00e1rio m\u00ednimo congelado, desemprego e subemprego em massa e com um aux\u00edlio emergencial p\u00edfio\u201d, disse o parlamentar. Ele defendeu o retorno do aux\u00edlio emergencial de R$ 600,00, como foi no ano passado, nos primeiros meses de pandemia, por decis\u00e3o do Congresso Nacional.<\/p>\n\n\n\n<p>Bohn Gass assinalou que as manifesta\u00e7\u00f5es de s\u00e1bado s\u00e3o essenciais para fortalecer o movimento pelo impeachment de Bolsonaro, \u00fanica sa\u00edda para o Brasil sair do atoleiro econ\u00f4mico, ambiental e social em que se encontra. Na C\u00e2mara, h\u00e1 121 pedidos de impeachment aguardando decis\u00e3o do presidente da Casa, Arthur Lira (PP-AL).<\/p>\n\n\n\n<h2 class=\"wp-block-heading\">Fora, Bolsonaro!<\/h2>\n\n\n\n<p>Para as manifesta\u00e7\u00f5es de s\u00e1bado, os organizadores refor\u00e7am que ser\u00e3o mantidos os cuidados sanit\u00e1rios nos protestos. A perspectiva \u00e9 de que s\u00e3o atos \u201cextraordin\u00e1rios em uma pandemia diante da situa\u00e7\u00e3o extrema de irresponsabilidade do governo Bolsonaro.\u201d<\/p>\n\n\n\n<p>A Campanha Fora Bolsonaro, iniciativa que se re\u00fane h\u00e1 cerca de um ano e meio, \u00e9 composta pela Frente Brasil Popular, a Frente Povo Sem Medo, todos os partidos de esquerda, as centrais sindicais, a Coaliza\u00e7\u00e3o Negra por Direitos, a UNE, a UBES, a CMP, o MTST, o MST, o F\u00f3rum Nacional de ONGs e outras organiza\u00e7\u00f5es.<\/p>\n\n\n\n<p>O objetivo \u00e9 que no 19 de junho a mobiliza\u00e7\u00e3o seja maior que no dia 29 de maio. Desta vez, a organiza\u00e7\u00e3o pretende mobilizar pelo menos grandes cidades do pa\u00eds. J\u00e1 est\u00e3o marcados dezenas de atos e h\u00e1 ampla ades\u00e3o de organiza\u00e7\u00f5es de todos os segmentos sociais para este dia de luta.<\/p>\n\n\n\n<p>A mobiliza\u00e7\u00e3o do #19JForaBolsonaro ser\u00e1 tamb\u00e9m a mobiliza\u00e7\u00e3o pela vacina para todas as pessoas pelo SUS e pelo aux\u00edlio-emergencial de R$ 600,00 at\u00e9 o fim da pandemia.<\/p>\n\n\n\n<p>Os atos tamb\u00e9m se mobilizar\u00e3o contra os cortes na educa\u00e7\u00e3o, a reforma administrativa e as privatiza\u00e7\u00f5es, e em defesa das lutas do povo negro contra a viol\u00eancia e o racismo, dos servi\u00e7os p\u00fablicos e da soberania.<\/p>\n\n\n\n<div class=\"wp-block-buttons is-content-justification-center is-layout-flex wp-block-buttons-is-layout-flex\">\n<div class=\"wp-block-button\"><a class=\"wp-block-button__link has-text-color has-background\" style=\"border-radius:2px;background-color:#ba0c49;color:#fffffa\">Mais informa\u00e7\u00f5es sobre a mobiliza\u00e7\u00e3o do dia 19 de junho:<\/a><\/div>\n\n\n\n<div class=\"wp-block-button is-style-outline is-style-outline--1\"><a class=\"wp-block-button__link has-text-color\" href=\"https:\/\/pt.org.br\/partidos-frentes-e-movimentos-sociais-voltam-as-ruas-no-dia-19\/\" style=\"border-radius:2px;color:#ba0c49\">Clique aqui <\/a><\/div>\n<\/div>\n\n\n\n<p>Reda\u00e7\u00e3o PT na C\u00e2mara<\/p>\n","protected":false},"excerpt":{"rendered":"<p>O l\u00edder do PT na C\u00e2mara,&nbsp;Elvino Bohn Gass (RS), destacou hoje (16) a import\u00e2ncia do Dia Nacional de Mobiliza\u00e7\u00e3o por Fora Bolsonaro, que acontecer\u00e1 no s\u00e1bado, 19 de junho, na sequ\u00eancia das grandes manifesta\u00e7\u00f5es realizadas dia 29 de maio em todo o Pa\u00eds, com quase meio milh\u00e3o de pessoas, em mais de 200 munic\u00edpios, que [&hellip;]<\/p>\n","protected":false},"author":1,"featured_media":788,"comment_status":"open","ping_status":"open","sticky":false,"template":"","format":"standard","meta":{"footnotes":""},"categories":[82,142],"tags":[351,43,61,34,143,104,79,115,54,78,38,92,163,99,62,184,69,101],"class_list":["post-787","post","type-post","status-publish","format-standard","has-post-thumbnail","hentry","category-lideranca-do-pt","category-plenario","tag-19jforabolsonaro","tag-auxilio-emergencial","tag-coronavirus","tag-covid-19","tag-democracia","tag-desemprego","tag-diesel","tag-fome","tag-gas-de-cozinha","tag-gasolina","tag-governo-bolsonaro","tag-impeachment","tag-inflacao","tag-pandemia","tag-salario-minimo","tag-soberania-nacional","tag-vacina","tag-vacinacao"],"yoast_head":"<!-- This site is optimized with the Yoast SEO plugin v27.4 - https:\/\/yoast.com\/product\/yoast-seo-wordpress\/ -->\n<title>Bohn Gass conclama povo a sair \u00e0s ruas no dia 19 pelo impeachment de Bolsonaro - Deputado Federal Bohn Gass \u2605 PT\/RS<\/title>\n<meta name=\"robots\" content=\"index, follow, max-snippet:-1, max-image-preview:large, max-video-preview:-1\" \/>\n<link rel=\"canonical\" href=\"https:\/\/bohngass.com.br\/?p=787\" \/>\n<meta property=\"og:locale\" content=\"pt_BR\" \/>\n<meta property=\"og:type\" content=\"article\" \/>\n<meta property=\"og:title\" content=\"Bohn Gass conclama povo a sair \u00e0s ruas no dia 19 pelo impeachment de Bolsonaro - Deputado Federal Bohn Gass \u2605 PT\/RS\" \/>\n<meta property=\"og:description\" content=\"O l\u00edder do PT na C\u00e2mara,&nbsp;Elvino Bohn Gass (RS), destacou hoje (16) a import\u00e2ncia do Dia Nacional de Mobiliza\u00e7\u00e3o por Fora Bolsonaro, que acontecer\u00e1 no s\u00e1bado, 19 de junho, na sequ\u00eancia das grandes manifesta\u00e7\u00f5es realizadas dia 29 de maio em todo o Pa\u00eds, com quase meio milh\u00e3o de pessoas, em mais de 200 munic\u00edpios, que [&hellip;]\" \/>\n<meta property=\"og:url\" content=\"https:\/\/bohngass.com.br\/?p=787\" \/>\n<meta property=\"og:site_name\" content=\"Deputado Federal Bohn Gass \u2605 PT\/RS\" \/>\n<meta property=\"article:publisher\" content=\"https:\/\/www.facebook.com\/bohngass13\" \/>\n<meta property=\"article:published_time\" content=\"2021-06-17T12:09:14+00:00\" \/>\n<meta property=\"article:modified_time\" content=\"2021-06-17T12:09:15+00:00\" \/>\n<meta property=\"og:image\" content=\"https:\/\/bohngass.com.br\/wp-content\/uploads\/2021\/06\/bohn-gass-plenario-5.jpg\" \/>\n\t<meta property=\"og:image:width\" content=\"780\" \/>\n\t<meta property=\"og:image:height\" content=\"405\" \/>\n\t<meta property=\"og:image:type\" content=\"image\/jpeg\" \/>\n<meta name=\"author\" content=\"admin\" \/>\n<meta name=\"twitter:card\" content=\"summary_large_image\" \/>\n<meta name=\"twitter:creator\" content=\"@BohnGass\" \/>\n<meta name=\"twitter:site\" content=\"@BohnGass\" \/>\n<meta name=\"twitter:label1\" content=\"Escrito por\" \/>\n\t<meta name=\"twitter:data1\" content=\"admin\" \/>\n\t<meta name=\"twitter:label2\" content=\"Est. tempo de leitura\" \/>\n\t<meta name=\"twitter:data2\" content=\"3 minutos\" \/>\n<script type=\"application\/ld+json\" class=\"yoast-schema-graph\">{\"@context\":\"https:\\\/\\\/schema.org\",\"@graph\":[{\"@type\":\"Article\",\"@id\":\"https:\\\/\\\/bohngass.com.br\\\/?p=787#article\",\"isPartOf\":{\"@id\":\"https:\\\/\\\/bohngass.com.br\\\/?p=787\"},\"author\":{\"name\":\"admin\",\"@id\":\"https:\\\/\\\/bohngass.com.br\\\/#\\\/schema\\\/person\\\/73f139d814ad08afd66e56929f99d4d6\"},\"headline\":\"Bohn Gass conclama povo a sair \u00e0s ruas no dia 19 pelo impeachment de Bolsonaro\",\"datePublished\":\"2021-06-17T12:09:14+00:00\",\"dateModified\":\"2021-06-17T12:09:15+00:00\",\"mainEntityOfPage\":{\"@id\":\"https:\\\/\\\/bohngass.com.br\\\/?p=787\"},\"wordCount\":707,\"commentCount\":0,\"publisher\":{\"@id\":\"https:\\\/\\\/bohngass.com.br\\\/#organization\"},\"image\":{\"@id\":\"https:\\\/\\\/bohngass.com.br\\\/?p=787#primaryimage\"},\"thumbnailUrl\":\"https:\\\/\\\/bohngass.com.br\\\/wp-content\\\/uploads\\\/2021\\\/06\\\/bohn-gass-plenario-5.jpg\",\"keywords\":[\"#19JForaBolsonaro\",\"aux\u00edlio emergencial\",\"coronav\u00edrus\",\"covid-19\",\"democracia\",\"desemprego\",\"diesel\",\"fome\",\"g\u00e1s de cozinha\",\"gasolina\",\"governo bolsonaro\",\"impeachment\",\"infla\u00e7\u00e3o\",\"pandemia\",\"sal\u00e1rio m\u00ednimo\",\"soberania nacional\",\"vacina\",\"vacina\u00e7\u00e3o\"],\"articleSection\":[\"Lideran\u00e7a do PT\",\"Plen\u00e1rio\"],\"inLanguage\":\"pt-BR\",\"potentialAction\":[{\"@type\":\"CommentAction\",\"name\":\"Comment\",\"target\":[\"https:\\\/\\\/bohngass.com.br\\\/?p=787#respond\"]}]},{\"@type\":\"WebPage\",\"@id\":\"https:\\\/\\\/bohngass.com.br\\\/?p=787\",\"url\":\"https:\\\/\\\/bohngass.com.br\\\/?p=787\",\"name\":\"Bohn Gass conclama povo a sair \u00e0s ruas no dia 19 pelo impeachment de Bolsonaro - Deputado Federal Bohn Gass \u2605 PT\\\/RS\",\"isPartOf\":{\"@id\":\"https:\\\/\\\/bohngass.com.br\\\/#website\"},\"primaryImageOfPage\":{\"@id\":\"https:\\\/\\\/bohngass.com.br\\\/?p=787#primaryimage\"},\"image\":{\"@id\":\"https:\\\/\\\/bohngass.com.br\\\/?p=787#primaryimage\"},\"thumbnailUrl\":\"https:\\\/\\\/bohngass.com.br\\\/wp-content\\\/uploads\\\/2021\\\/06\\\/bohn-gass-plenario-5.jpg\",\"datePublished\":\"2021-06-17T12:09:14+00:00\",\"dateModified\":\"2021-06-17T12:09:15+00:00\",\"breadcrumb\":{\"@id\":\"https:\\\/\\\/bohngass.com.br\\\/?p=787#breadcrumb\"},\"inLanguage\":\"pt-BR\",\"potentialAction\":[{\"@type\":\"ReadAction\",\"target\":[\"https:\\\/\\\/bohngass.com.br\\\/?p=787\"]}]},{\"@type\":\"ImageObject\",\"inLanguage\":\"pt-BR\",\"@id\":\"https:\\\/\\\/bohngass.com.br\\\/?p=787#primaryimage\",\"url\":\"https:\\\/\\\/bohngass.com.br\\\/wp-content\\\/uploads\\\/2021\\\/06\\\/bohn-gass-plenario-5.jpg\",\"contentUrl\":\"https:\\\/\\\/bohngass.com.br\\\/wp-content\\\/uploads\\\/2021\\\/06\\\/bohn-gass-plenario-5.jpg\",\"width\":780,\"height\":405},{\"@type\":\"BreadcrumbList\",\"@id\":\"https:\\\/\\\/bohngass.com.br\\\/?p=787#breadcrumb\",\"itemListElement\":[{\"@type\":\"ListItem\",\"position\":1,\"name\":\"In\u00edcio\",\"item\":\"https:\\\/\\\/bohngass.com.br\\\/\"},{\"@type\":\"ListItem\",\"position\":2,\"name\":\"Bohn Gass conclama povo a sair \u00e0s ruas no dia 19 pelo impeachment de Bolsonaro\"}]},{\"@type\":\"WebSite\",\"@id\":\"https:\\\/\\\/bohngass.com.br\\\/#website\",\"url\":\"https:\\\/\\\/bohngass.com.br\\\/\",\"name\":\"Deputado Federal Bohn Gass \u2605 PT\\\/RS\",\"description\":\"Deputado Federal Bohn Gass\",\"publisher\":{\"@id\":\"https:\\\/\\\/bohngass.com.br\\\/#organization\"},\"potentialAction\":[{\"@type\":\"SearchAction\",\"target\":{\"@type\":\"EntryPoint\",\"urlTemplate\":\"https:\\\/\\\/bohngass.com.br\\\/?s={search_term_string}\"},\"query-input\":{\"@type\":\"PropertyValueSpecification\",\"valueRequired\":true,\"valueName\":\"search_term_string\"}}],\"inLanguage\":\"pt-BR\"},{\"@type\":\"Organization\",\"@id\":\"https:\\\/\\\/bohngass.com.br\\\/#organization\",\"name\":\"Deputado Bohn Gass\",\"url\":\"https:\\\/\\\/bohngass.com.br\\\/\",\"logo\":{\"@type\":\"ImageObject\",\"inLanguage\":\"pt-BR\",\"@id\":\"https:\\\/\\\/bohngass.com.br\\\/#\\\/schema\\\/logo\\\/image\\\/\",\"url\":\"http:\\\/\\\/bohngass.com.br\\\/wp-content\\\/uploads\\\/2021\\\/01\\\/logo.png\",\"contentUrl\":\"http:\\\/\\\/bohngass.com.br\\\/wp-content\\\/uploads\\\/2021\\\/01\\\/logo.png\",\"width\":357,\"height\":355,\"caption\":\"Deputado Bohn Gass\"},\"image\":{\"@id\":\"https:\\\/\\\/bohngass.com.br\\\/#\\\/schema\\\/logo\\\/image\\\/\"},\"sameAs\":[\"https:\\\/\\\/www.facebook.com\\\/bohngass13\",\"https:\\\/\\\/x.com\\\/BohnGass\",\"https:\\\/\\\/www.instagram.com\\\/bohn_gass\\\/\",\"https:\\\/\\\/www.youtube.com\\\/BohnGass13\\\/\",\"https:\\\/\\\/pt.wikipedia.org\\\/wiki\\\/Bohn_Gass\"]},{\"@type\":\"Person\",\"@id\":\"https:\\\/\\\/bohngass.com.br\\\/#\\\/schema\\\/person\\\/73f139d814ad08afd66e56929f99d4d6\",\"name\":\"admin\",\"image\":{\"@type\":\"ImageObject\",\"inLanguage\":\"pt-BR\",\"@id\":\"https:\\\/\\\/bohngass.com.br\\\/wp-content\\\/litespeed\\\/avatar\\\/46d26e448dfe42e49944850c1affc8d8.jpg?ver=1777227068\",\"url\":\"https:\\\/\\\/bohngass.com.br\\\/wp-content\\\/litespeed\\\/avatar\\\/46d26e448dfe42e49944850c1affc8d8.jpg?ver=1777227068\",\"contentUrl\":\"https:\\\/\\\/bohngass.com.br\\\/wp-content\\\/litespeed\\\/avatar\\\/46d26e448dfe42e49944850c1affc8d8.jpg?ver=1777227068\",\"caption\":\"admin\"},\"sameAs\":[\"http:\\\/\\\/www2.bohngass.com.br\"]}]}<\/script>\n<!-- \/ Yoast SEO plugin. -->","yoast_head_json":{"title":"Bohn Gass conclama povo a sair \u00e0s ruas no dia 19 pelo impeachment de Bolsonaro - Deputado Federal Bohn Gass \u2605 PT\/RS","robots":{"index":"index","follow":"follow","max-snippet":"max-snippet:-1","max-image-preview":"max-image-preview:large","max-video-preview":"max-video-preview:-1"},"canonical":"https:\/\/bohngass.com.br\/?p=787","og_locale":"pt_BR","og_type":"article","og_title":"Bohn Gass conclama povo a sair \u00e0s ruas no dia 19 pelo impeachment de Bolsonaro - Deputado Federal Bohn Gass \u2605 PT\/RS","og_description":"O l\u00edder do PT na C\u00e2mara,&nbsp;Elvino Bohn Gass (RS), destacou hoje (16) a import\u00e2ncia do Dia Nacional de Mobiliza\u00e7\u00e3o por Fora Bolsonaro, que acontecer\u00e1 no s\u00e1bado, 19 de junho, na sequ\u00eancia das grandes manifesta\u00e7\u00f5es realizadas dia 29 de maio em todo o Pa\u00eds, com quase meio milh\u00e3o de pessoas, em mais de 200 munic\u00edpios, que [&hellip;]","og_url":"https:\/\/bohngass.com.br\/?p=787","og_site_name":"Deputado Federal Bohn Gass \u2605 PT\/RS","article_publisher":"https:\/\/www.facebook.com\/bohngass13","article_published_time":"2021-06-17T12:09:14+00:00","article_modified_time":"2021-06-17T12:09:15+00:00","og_image":[{"width":780,"height":405,"url":"https:\/\/bohngass.com.br\/wp-content\/uploads\/2021\/06\/bohn-gass-plenario-5.jpg","type":"image\/jpeg"}],"author":"admin","twitter_card":"summary_large_image","twitter_creator":"@BohnGass","twitter_site":"@BohnGass","twitter_misc":{"Escrito por":"admin","Est. tempo de leitura":"3 minutos"},"schema":{"@context":"https:\/\/schema.org","@graph":[{"@type":"Article","@id":"https:\/\/bohngass.com.br\/?p=787#article","isPartOf":{"@id":"https:\/\/bohngass.com.br\/?p=787"},"author":{"name":"admin","@id":"https:\/\/bohngass.com.br\/#\/schema\/person\/73f139d814ad08afd66e56929f99d4d6"},"headline":"Bohn Gass conclama povo a sair \u00e0s ruas no dia 19 pelo impeachment de Bolsonaro","datePublished":"2021-06-17T12:09:14+00:00","dateModified":"2021-06-17T12:09:15+00:00","mainEntityOfPage":{"@id":"https:\/\/bohngass.com.br\/?p=787"},"wordCount":707,"commentCount":0,"publisher":{"@id":"https:\/\/bohngass.com.br\/#organization"},"image":{"@id":"https:\/\/bohngass.com.br\/?p=787#primaryimage"},"thumbnailUrl":"https:\/\/bohngass.com.br\/wp-content\/uploads\/2021\/06\/bohn-gass-plenario-5.jpg","keywords":["#19JForaBolsonaro","aux\u00edlio emergencial","coronav\u00edrus","covid-19","democracia","desemprego","diesel","fome","g\u00e1s de cozinha","gasolina","governo bolsonaro","impeachment","infla\u00e7\u00e3o","pandemia","sal\u00e1rio m\u00ednimo","soberania nacional","vacina","vacina\u00e7\u00e3o"],"articleSection":["Lideran\u00e7a do PT","Plen\u00e1rio"],"inLanguage":"pt-BR","potentialAction":[{"@type":"CommentAction","name":"Comment","target":["https:\/\/bohngass.com.br\/?p=787#respond"]}]},{"@type":"WebPage","@id":"https:\/\/bohngass.com.br\/?p=787","url":"https:\/\/bohngass.com.br\/?p=787","name":"Bohn Gass conclama povo a sair \u00e0s ruas no dia 19 pelo impeachment de Bolsonaro - Deputado Federal Bohn Gass \u2605 PT\/RS","isPartOf":{"@id":"https:\/\/bohngass.com.br\/#website"},"primaryImageOfPage":{"@id":"https:\/\/bohngass.com.br\/?p=787#primaryimage"},"image":{"@id":"https:\/\/bohngass.com.br\/?p=787#primaryimage"},"thumbnailUrl":"https:\/\/bohngass.com.br\/wp-content\/uploads\/2021\/06\/bohn-gass-plenario-5.jpg","datePublished":"2021-06-17T12:09:14+00:00","dateModified":"2021-06-17T12:09:15+00:00","breadcrumb":{"@id":"https:\/\/bohngass.com.br\/?p=787#breadcrumb"},"inLanguage":"pt-BR","potentialAction":[{"@type":"ReadAction","target":["https:\/\/bohngass.com.br\/?p=787"]}]},{"@type":"ImageObject","inLanguage":"pt-BR","@id":"https:\/\/bohngass.com.br\/?p=787#primaryimage","url":"https:\/\/bohngass.com.br\/wp-content\/uploads\/2021\/06\/bohn-gass-plenario-5.jpg","contentUrl":"https:\/\/bohngass.com.br\/wp-content\/uploads\/2021\/06\/bohn-gass-plenario-5.jpg","width":780,"height":405},{"@type":"BreadcrumbList","@id":"https:\/\/bohngass.com.br\/?p=787#breadcrumb","itemListElement":[{"@type":"ListItem","position":1,"name":"In\u00edcio","item":"https:\/\/bohngass.com.br\/"},{"@type":"ListItem","position":2,"name":"Bohn Gass conclama povo a sair \u00e0s ruas no dia 19 pelo impeachment de Bolsonaro"}]},{"@type":"WebSite","@id":"https:\/\/bohngass.com.br\/#website","url":"https:\/\/bohngass.com.br\/","name":"Deputado Federal Bohn Gass \u2605 PT\/RS","description":"Deputado Federal Bohn Gass","publisher":{"@id":"https:\/\/bohngass.com.br\/#organization"},"potentialAction":[{"@type":"SearchAction","target":{"@type":"EntryPoint","urlTemplate":"https:\/\/bohngass.com.br\/?s={search_term_string}"},"query-input":{"@type":"PropertyValueSpecification","valueRequired":true,"valueName":"search_term_string"}}],"inLanguage":"pt-BR"},{"@type":"Organization","@id":"https:\/\/bohngass.com.br\/#organization","name":"Deputado Bohn Gass","url":"https:\/\/bohngass.com.br\/","logo":{"@type":"ImageObject","inLanguage":"pt-BR","@id":"https:\/\/bohngass.com.br\/#\/schema\/logo\/image\/","url":"http:\/\/bohngass.com.br\/wp-content\/uploads\/2021\/01\/logo.png","contentUrl":"http:\/\/bohngass.com.br\/wp-content\/uploads\/2021\/01\/logo.png","width":357,"height":355,"caption":"Deputado Bohn Gass"},"image":{"@id":"https:\/\/bohngass.com.br\/#\/schema\/logo\/image\/"},"sameAs":["https:\/\/www.facebook.com\/bohngass13","https:\/\/x.com\/BohnGass","https:\/\/www.instagram.com\/bohn_gass\/","https:\/\/www.youtube.com\/BohnGass13\/","https:\/\/pt.wikipedia.org\/wiki\/Bohn_Gass"]},{"@type":"Person","@id":"https:\/\/bohngass.com.br\/#\/schema\/person\/73f139d814ad08afd66e56929f99d4d6","name":"admin","image":{"@type":"ImageObject","inLanguage":"pt-BR","@id":"https:\/\/bohngass.com.br\/wp-content\/litespeed\/avatar\/46d26e448dfe42e49944850c1affc8d8.jpg?ver=1777227068","url":"https:\/\/bohngass.com.br\/wp-content\/litespeed\/avatar\/46d26e448dfe42e49944850c1affc8d8.jpg?ver=1777227068","contentUrl":"https:\/\/bohngass.com.br\/wp-content\/litespeed\/avatar\/46d26e448dfe42e49944850c1affc8d8.jpg?ver=1777227068","caption":"admin"},"sameAs":["http:\/\/www2.bohngass.com.br"]}]}},"_links":{"self":[{"href":"https:\/\/bohngass.com.br\/index.php?rest_route=\/wp\/v2\/posts\/787","targetHints":{"allow":["GET"]}}],"collection":[{"href":"https:\/\/bohngass.com.br\/index.php?rest_route=\/wp\/v2\/posts"}],"about":[{"href":"https:\/\/bohngass.com.br\/index.php?rest_route=\/wp\/v2\/types\/post"}],"author":[{"embeddable":true,"href":"https:\/\/bohngass.com.br\/index.php?rest_route=\/wp\/v2\/users\/1"}],"replies":[{"embeddable":true,"href":"https:\/\/bohngass.com.br\/index.php?rest_route=%2Fwp%2Fv2%2Fcomments&post=787"}],"version-history":[{"count":0,"href":"https:\/\/bohngass.com.br\/index.php?rest_route=\/wp\/v2\/posts\/787\/revisions"}],"wp:featuredmedia":[{"embeddable":true,"href":"https:\/\/bohngass.com.br\/index.php?rest_route=\/wp\/v2\/media\/788"}],"wp:attachment":[{"href":"https:\/\/bohngass.com.br\/index.php?rest_route=%2Fwp%2Fv2%2Fmedia&parent=787"}],"wp:term":[{"taxonomy":"category","embeddable":true,"href":"https:\/\/bohngass.com.br\/index.php?rest_route=%2Fwp%2Fv2%2Fcategories&post=787"},{"taxonomy":"post_tag","embeddable":true,"href":"https:\/\/bohngass.com.br\/index.php?rest_route=%2Fwp%2Fv2%2Ftags&post=787"}],"curies":[{"name":"wp","href":"https:\/\/api.w.org\/{rel}","templated":true}]}}