{"id":810,"date":"2021-06-26T16:24:14","date_gmt":"2021-06-26T19:24:14","guid":{"rendered":"http:\/\/bohngass.com.br\/?p=810"},"modified":"2021-06-26T16:24:15","modified_gmt":"2021-06-26T19:24:15","slug":"lider-do-pt-na-camara-quer-parar-todas-as-votacoes-apos-revelacao-do-envolvimento-de-barros-no-escandalo-covaxin","status":"publish","type":"post","link":"https:\/\/bohngass.com.br\/?p=810","title":{"rendered":"L\u00edder do PT na C\u00e2mara quer parar todas as vota\u00e7\u00f5es ap\u00f3s revela\u00e7\u00e3o do envolvimento de Barros no esc\u00e2ndalo Covaxin"},"content":{"rendered":"\n<p>Deputado Miranda (DEM-DF) revelou que Bolsonaro associou irregularidades na compra da vacina a Barros, l\u00edder do governo na C\u00e2mara; \u201cComo vamos votar sendo comandados por suspeitos de corrup\u00e7\u00e3o?\u201d, questiona&nbsp;<strong>Bohn Gass (PT-RS).<\/strong><\/p>\n\n\n\n<p>Ap\u00f3s a revela\u00e7\u00e3o de que o l\u00edder do governo na C\u00e2mara, Ricardo Barros (PP-PR), \u00e9 o nome citado por Jair Bolsonaro como envolvido na compra com ind\u00edcios de corrup\u00e7\u00e3o da Covaxin, vacina indiana contra a Covid-19, o l\u00edder do PT, deputado Elvino Bohn Gass (PT-RS), informou \u00e0 F\u00f3rum que, j\u00e1 neste final de semana, vai se reunir com outras lideran\u00e7as para defender a paralisa\u00e7\u00e3o de todas as vota\u00e7\u00f5es na Casa.<\/p>\n\n\n\n<p>Em depoimento na CPI do Genoc\u00eddio nesta sexta-feira (25), o deputado Lu\u00eds Miranda (DEM-DF) afirmou que, quando levou a Jair Bolsonaro, em mar\u00e7o, os ind\u00edcios de corrup\u00e7\u00e3o da compra da Covaxin, o presidente afirmou que seria \u201ccoisa\u201d do l\u00edder do governo na C\u00e2mara: Ricardo Barros. Bolsonaro, no entanto, nada fez com rela\u00e7\u00e3o \u00e0s den\u00fancias de irregularidades.<\/p>\n\n\n\n<p>\u201cSe o Bolsonaro sabia que tinha maracutaia, se n\u00e3o fez nada, se manteve o Barros, ent\u00e3o, tudo est\u00e1 suspeito. Como que n\u00f3s vamos votar orientados por suspeitos de corrup\u00e7\u00e3o? A C\u00e2mara n\u00e3o pode aceitar ser orientada em suas vota\u00e7\u00f5es por suspeitos de fraude\u201d, disse Bohn Gass.<\/p>\n\n\n\n<p>\u201cEles [Barros e Bolsonaro] sabiam, participaram [das negocia\u00e7\u00f5es suspeitas para a aquisi\u00e7\u00e3o da Covaxin] e est\u00e3o suspeitos. Chega de passar a boiada\u201d, completou o l\u00edder do PT.<\/p>\n\n\n\n<h2 class=\"wp-block-heading\"><strong>Aziz<\/strong><\/h2>\n\n\n\n<p>O presidente da CPI do Genoc\u00eddio, senador Omar Aziz (PSD-AM), declarou que Jair Bolsonaro \u201cprevaricou\u201d no esc\u00e2ndalo de compra da vacina indiana Covaxin.<\/p>\n\n\n\n<p>A afirma\u00e7\u00e3o foi motivada por uma interven\u00e7\u00e3o do senador governista, Jorginho Mello (PL-SC), dizendo que o presidente, alertado sobre as suspeitas de corrup\u00e7\u00e3o no caso, teria pedido ao ex-ministro da Sa\u00fade Eduardo Pazuello para investigar.<\/p>\n\n\n\n<p>\u201cRespeito o senador Jorginho Mello, mas essa informa\u00e7\u00e3o que foi transmitida a ele \u00e9 mentirosa. O presidente Bolsonaro n\u00e3o pediu que o Pazuello investigasse nada, mesmo porque ele seria exonerado em seguida. O presidente prevaricou. Ele s\u00f3 resolveu pedir apura\u00e7\u00e3o do caso esses dias\u201d, disse Aziz.<\/p>\n\n\n\n<h2 class=\"wp-block-heading\"><strong>Ind\u00edcios de corrup\u00e7\u00e3o<\/strong><\/h2>\n\n\n\n<p>O aval para a compra da vacina foi dado por Jair Bolsonaro, no in\u00edcio do ano, que aprovou a compra do imunizante a um valor 1.000% maior que pre\u00e7o inicialmente anunciado pelo fabricante. A Covaxin foi a \u00fanica vacina que teve um intermedi\u00e1rio \u2013 a Precisa Medicamentos \u2013 na negocia\u00e7\u00e3o.<\/p>\n\n\n\n<p>Um telegrama da embaixada brasileira em Nova D\u00e9lhi mostra que, quando lan\u00e7ada, a vacina produzida pelo laborat\u00f3rio indiano Bharat Biotech custava 100 r\u00fapias ou cerca de 1,34 d\u00f3lares a dose. Em fevereiro desse ano, sob press\u00e3o de Bolsonaro, a Precisa Medicamentos fechou a compra para o Minist\u00e9rio da Sa\u00fade pelo valor de 15 d\u00f3lares a unidade. Ao mesmo tempo, o governo federal rejeitou a compra da vacina da Pfizer a 10 d\u00f3lares alegando pre\u00e7o muito alto.<\/p>\n\n\n\n<p>Em depoimento ao Minist\u00e9rio P\u00fablico, o servidor do Minist\u00e9rio da Sa\u00fade Lu\u00eds Ricardo Miranda, que nessa sexta-feira (25) prestou depoimento \u00e0 CPI do Genoc\u00eddio, diz ter sofrido press\u00e3o \u201cat\u00edpica\u201d para garantir a importa\u00e7\u00e3o da vacina, sendo acionado por diversos superiores, inclusive aos finais de semana. A pressa no fechamento da negocia\u00e7\u00e3o tamb\u00e9m impressionou o MP, que investiga o contrato suspeito. O per\u00edodo entre a negocia\u00e7\u00e3o e a assinatura do contrato para aquisi\u00e7\u00e3o da Covaxin levou 97 dias. O do imunizante da Pfizer demorou 330 dias, o prazo mais longo entre todas as vacinas.<\/p>\n\n\n\n<p>Bolsonaro teria, inclusive, sido alertado pelo deputado federal e ex-aliado Lu\u00eds Miranda (DEM-DF), irm\u00e3o do servidor do Minist\u00e9rio da Sa\u00fade, sobre os ind\u00edcios de corrup\u00e7\u00e3o na compra do imunizante, tendo apresentado documentos que refor\u00e7ariam as suspeitas. O presidente, no entanto, nada fez para investigar o caso.<\/p>\n\n\n\n<p>Por Revista F\u00f3rum<\/p>\n","protected":false},"excerpt":{"rendered":"<p>Deputado Miranda (DEM-DF) revelou que Bolsonaro associou irregularidades na compra da vacina a Barros, l\u00edder do governo na C\u00e2mara; \u201cComo vamos votar sendo comandados por suspeitos de corrup\u00e7\u00e3o?\u201d, questiona&nbsp;Bohn Gass (PT-RS). Ap\u00f3s a revela\u00e7\u00e3o de que o l\u00edder do governo na C\u00e2mara, Ricardo Barros (PP-PR), \u00e9 o nome citado por Jair Bolsonaro como envolvido na [&hellip;]<\/p>\n","protected":false},"author":1,"featured_media":811,"comment_status":"open","ping_status":"open","sticky":false,"template":"","format":"standard","meta":{"footnotes":""},"categories":[35,82,142],"tags":[61,170,386,34,270,223,144,38,92,99,390,389,388],"class_list":["post-810","post","type-post","status-publish","format-standard","has-post-thumbnail","hentry","category-governo-bolsonaro","category-lideranca-do-pt","category-plenario","tag-coronavirus","tag-corrupcao","tag-covaxin","tag-covid-19","tag-cpi-do-genocidio","tag-crime-de-responsabilidade","tag-genocida","tag-governo-bolsonaro","tag-impeachment","tag-pandemia","tag-pp","tag-ricardo-barros","tag-superfaturamento"],"yoast_head":"<!-- This site is optimized with the Yoast SEO plugin v27.4 - https:\/\/yoast.com\/product\/yoast-seo-wordpress\/ -->\n<title>L\u00edder do PT na C\u00e2mara quer parar todas as vota\u00e7\u00f5es ap\u00f3s revela\u00e7\u00e3o do envolvimento de Barros no esc\u00e2ndalo Covaxin - Deputado Federal Bohn Gass \u2605 PT\/RS<\/title>\n<meta name=\"robots\" content=\"index, follow, max-snippet:-1, max-image-preview:large, max-video-preview:-1\" \/>\n<link rel=\"canonical\" href=\"https:\/\/bohngass.com.br\/?p=810\" \/>\n<meta property=\"og:locale\" content=\"pt_BR\" \/>\n<meta property=\"og:type\" content=\"article\" \/>\n<meta property=\"og:title\" content=\"L\u00edder do PT na C\u00e2mara quer parar todas as vota\u00e7\u00f5es ap\u00f3s revela\u00e7\u00e3o do envolvimento de Barros no esc\u00e2ndalo Covaxin - Deputado Federal Bohn Gass \u2605 PT\/RS\" \/>\n<meta property=\"og:description\" content=\"Deputado Miranda (DEM-DF) revelou que Bolsonaro associou irregularidades na compra da vacina a Barros, l\u00edder do governo na C\u00e2mara; \u201cComo vamos votar sendo comandados por suspeitos de corrup\u00e7\u00e3o?\u201d, questiona&nbsp;Bohn Gass (PT-RS). Ap\u00f3s a revela\u00e7\u00e3o de que o l\u00edder do governo na C\u00e2mara, Ricardo Barros (PP-PR), \u00e9 o nome citado por Jair Bolsonaro como envolvido na [&hellip;]\" \/>\n<meta property=\"og:url\" content=\"https:\/\/bohngass.com.br\/?p=810\" \/>\n<meta property=\"og:site_name\" content=\"Deputado Federal Bohn Gass \u2605 PT\/RS\" \/>\n<meta property=\"article:publisher\" content=\"https:\/\/www.facebook.com\/bohngass13\" \/>\n<meta property=\"article:published_time\" content=\"2021-06-26T19:24:14+00:00\" \/>\n<meta property=\"article:modified_time\" content=\"2021-06-26T19:24:15+00:00\" \/>\n<meta property=\"og:image\" content=\"https:\/\/bohngass.com.br\/wp-content\/uploads\/2021\/06\/bolsonaro-ricardo-barros.jpg\" \/>\n\t<meta property=\"og:image:width\" content=\"1375\" \/>\n\t<meta property=\"og:image:height\" content=\"750\" \/>\n\t<meta property=\"og:image:type\" content=\"image\/jpeg\" \/>\n<meta name=\"author\" content=\"admin\" \/>\n<meta name=\"twitter:card\" content=\"summary_large_image\" \/>\n<meta name=\"twitter:creator\" content=\"@BohnGass\" \/>\n<meta name=\"twitter:site\" content=\"@BohnGass\" \/>\n<meta name=\"twitter:label1\" content=\"Escrito por\" \/>\n\t<meta name=\"twitter:data1\" content=\"admin\" \/>\n\t<meta name=\"twitter:label2\" content=\"Est. tempo de leitura\" \/>\n\t<meta name=\"twitter:data2\" content=\"3 minutos\" \/>\n<script type=\"application\/ld+json\" class=\"yoast-schema-graph\">{\"@context\":\"https:\\\/\\\/schema.org\",\"@graph\":[{\"@type\":\"Article\",\"@id\":\"https:\\\/\\\/bohngass.com.br\\\/?p=810#article\",\"isPartOf\":{\"@id\":\"https:\\\/\\\/bohngass.com.br\\\/?p=810\"},\"author\":{\"name\":\"admin\",\"@id\":\"https:\\\/\\\/bohngass.com.br\\\/#\\\/schema\\\/person\\\/73f139d814ad08afd66e56929f99d4d6\"},\"headline\":\"L\u00edder do PT na C\u00e2mara quer parar todas as vota\u00e7\u00f5es ap\u00f3s revela\u00e7\u00e3o do envolvimento de Barros no esc\u00e2ndalo Covaxin\",\"datePublished\":\"2021-06-26T19:24:14+00:00\",\"dateModified\":\"2021-06-26T19:24:15+00:00\",\"mainEntityOfPage\":{\"@id\":\"https:\\\/\\\/bohngass.com.br\\\/?p=810\"},\"wordCount\":700,\"commentCount\":0,\"publisher\":{\"@id\":\"https:\\\/\\\/bohngass.com.br\\\/#organization\"},\"image\":{\"@id\":\"https:\\\/\\\/bohngass.com.br\\\/?p=810#primaryimage\"},\"thumbnailUrl\":\"https:\\\/\\\/bohngass.com.br\\\/wp-content\\\/uploads\\\/2021\\\/06\\\/bolsonaro-ricardo-barros.jpg\",\"keywords\":[\"coronav\u00edrus\",\"corrup\u00e7\u00e3o\",\"Covaxin\",\"covid-19\",\"cpi do genoc\u00eddio\",\"crime de responsabilidade\",\"genocida\",\"governo bolsonaro\",\"impeachment\",\"pandemia\",\"PP\",\"Ricardo Barros\",\"superfaturamento\"],\"articleSection\":[\"Governo Bolsonaro\",\"Lideran\u00e7a do PT\",\"Plen\u00e1rio\"],\"inLanguage\":\"pt-BR\",\"potentialAction\":[{\"@type\":\"CommentAction\",\"name\":\"Comment\",\"target\":[\"https:\\\/\\\/bohngass.com.br\\\/?p=810#respond\"]}]},{\"@type\":\"WebPage\",\"@id\":\"https:\\\/\\\/bohngass.com.br\\\/?p=810\",\"url\":\"https:\\\/\\\/bohngass.com.br\\\/?p=810\",\"name\":\"L\u00edder do PT na C\u00e2mara quer parar todas as vota\u00e7\u00f5es ap\u00f3s revela\u00e7\u00e3o do envolvimento de Barros no esc\u00e2ndalo Covaxin - Deputado Federal Bohn Gass \u2605 PT\\\/RS\",\"isPartOf\":{\"@id\":\"https:\\\/\\\/bohngass.com.br\\\/#website\"},\"primaryImageOfPage\":{\"@id\":\"https:\\\/\\\/bohngass.com.br\\\/?p=810#primaryimage\"},\"image\":{\"@id\":\"https:\\\/\\\/bohngass.com.br\\\/?p=810#primaryimage\"},\"thumbnailUrl\":\"https:\\\/\\\/bohngass.com.br\\\/wp-content\\\/uploads\\\/2021\\\/06\\\/bolsonaro-ricardo-barros.jpg\",\"datePublished\":\"2021-06-26T19:24:14+00:00\",\"dateModified\":\"2021-06-26T19:24:15+00:00\",\"breadcrumb\":{\"@id\":\"https:\\\/\\\/bohngass.com.br\\\/?p=810#breadcrumb\"},\"inLanguage\":\"pt-BR\",\"potentialAction\":[{\"@type\":\"ReadAction\",\"target\":[\"https:\\\/\\\/bohngass.com.br\\\/?p=810\"]}]},{\"@type\":\"ImageObject\",\"inLanguage\":\"pt-BR\",\"@id\":\"https:\\\/\\\/bohngass.com.br\\\/?p=810#primaryimage\",\"url\":\"https:\\\/\\\/bohngass.com.br\\\/wp-content\\\/uploads\\\/2021\\\/06\\\/bolsonaro-ricardo-barros.jpg\",\"contentUrl\":\"https:\\\/\\\/bohngass.com.br\\\/wp-content\\\/uploads\\\/2021\\\/06\\\/bolsonaro-ricardo-barros.jpg\",\"width\":1375,\"height\":750},{\"@type\":\"BreadcrumbList\",\"@id\":\"https:\\\/\\\/bohngass.com.br\\\/?p=810#breadcrumb\",\"itemListElement\":[{\"@type\":\"ListItem\",\"position\":1,\"name\":\"In\u00edcio\",\"item\":\"https:\\\/\\\/bohngass.com.br\\\/\"},{\"@type\":\"ListItem\",\"position\":2,\"name\":\"L\u00edder do PT na C\u00e2mara quer parar todas as vota\u00e7\u00f5es ap\u00f3s revela\u00e7\u00e3o do envolvimento de Barros no esc\u00e2ndalo Covaxin\"}]},{\"@type\":\"WebSite\",\"@id\":\"https:\\\/\\\/bohngass.com.br\\\/#website\",\"url\":\"https:\\\/\\\/bohngass.com.br\\\/\",\"name\":\"Deputado Federal Bohn Gass \u2605 PT\\\/RS\",\"description\":\"Deputado Federal Bohn Gass\",\"publisher\":{\"@id\":\"https:\\\/\\\/bohngass.com.br\\\/#organization\"},\"potentialAction\":[{\"@type\":\"SearchAction\",\"target\":{\"@type\":\"EntryPoint\",\"urlTemplate\":\"https:\\\/\\\/bohngass.com.br\\\/?s={search_term_string}\"},\"query-input\":{\"@type\":\"PropertyValueSpecification\",\"valueRequired\":true,\"valueName\":\"search_term_string\"}}],\"inLanguage\":\"pt-BR\"},{\"@type\":\"Organization\",\"@id\":\"https:\\\/\\\/bohngass.com.br\\\/#organization\",\"name\":\"Deputado Bohn Gass\",\"url\":\"https:\\\/\\\/bohngass.com.br\\\/\",\"logo\":{\"@type\":\"ImageObject\",\"inLanguage\":\"pt-BR\",\"@id\":\"https:\\\/\\\/bohngass.com.br\\\/#\\\/schema\\\/logo\\\/image\\\/\",\"url\":\"http:\\\/\\\/bohngass.com.br\\\/wp-content\\\/uploads\\\/2021\\\/01\\\/logo.png\",\"contentUrl\":\"http:\\\/\\\/bohngass.com.br\\\/wp-content\\\/uploads\\\/2021\\\/01\\\/logo.png\",\"width\":357,\"height\":355,\"caption\":\"Deputado Bohn Gass\"},\"image\":{\"@id\":\"https:\\\/\\\/bohngass.com.br\\\/#\\\/schema\\\/logo\\\/image\\\/\"},\"sameAs\":[\"https:\\\/\\\/www.facebook.com\\\/bohngass13\",\"https:\\\/\\\/x.com\\\/BohnGass\",\"https:\\\/\\\/www.instagram.com\\\/bohn_gass\\\/\",\"https:\\\/\\\/www.youtube.com\\\/BohnGass13\\\/\",\"https:\\\/\\\/pt.wikipedia.org\\\/wiki\\\/Bohn_Gass\"]},{\"@type\":\"Person\",\"@id\":\"https:\\\/\\\/bohngass.com.br\\\/#\\\/schema\\\/person\\\/73f139d814ad08afd66e56929f99d4d6\",\"name\":\"admin\",\"image\":{\"@type\":\"ImageObject\",\"inLanguage\":\"pt-BR\",\"@id\":\"https:\\\/\\\/bohngass.com.br\\\/wp-content\\\/litespeed\\\/avatar\\\/46d26e448dfe42e49944850c1affc8d8.jpg?ver=1777227068\",\"url\":\"https:\\\/\\\/bohngass.com.br\\\/wp-content\\\/litespeed\\\/avatar\\\/46d26e448dfe42e49944850c1affc8d8.jpg?ver=1777227068\",\"contentUrl\":\"https:\\\/\\\/bohngass.com.br\\\/wp-content\\\/litespeed\\\/avatar\\\/46d26e448dfe42e49944850c1affc8d8.jpg?ver=1777227068\",\"caption\":\"admin\"},\"sameAs\":[\"http:\\\/\\\/www2.bohngass.com.br\"]}]}<\/script>\n<!-- \/ Yoast SEO plugin. -->","yoast_head_json":{"title":"L\u00edder do PT na C\u00e2mara quer parar todas as vota\u00e7\u00f5es ap\u00f3s revela\u00e7\u00e3o do envolvimento de Barros no esc\u00e2ndalo Covaxin - Deputado Federal Bohn Gass \u2605 PT\/RS","robots":{"index":"index","follow":"follow","max-snippet":"max-snippet:-1","max-image-preview":"max-image-preview:large","max-video-preview":"max-video-preview:-1"},"canonical":"https:\/\/bohngass.com.br\/?p=810","og_locale":"pt_BR","og_type":"article","og_title":"L\u00edder do PT na C\u00e2mara quer parar todas as vota\u00e7\u00f5es ap\u00f3s revela\u00e7\u00e3o do envolvimento de Barros no esc\u00e2ndalo Covaxin - Deputado Federal Bohn Gass \u2605 PT\/RS","og_description":"Deputado Miranda (DEM-DF) revelou que Bolsonaro associou irregularidades na compra da vacina a Barros, l\u00edder do governo na C\u00e2mara; \u201cComo vamos votar sendo comandados por suspeitos de corrup\u00e7\u00e3o?\u201d, questiona&nbsp;Bohn Gass (PT-RS). Ap\u00f3s a revela\u00e7\u00e3o de que o l\u00edder do governo na C\u00e2mara, Ricardo Barros (PP-PR), \u00e9 o nome citado por Jair Bolsonaro como envolvido na [&hellip;]","og_url":"https:\/\/bohngass.com.br\/?p=810","og_site_name":"Deputado Federal Bohn Gass \u2605 PT\/RS","article_publisher":"https:\/\/www.facebook.com\/bohngass13","article_published_time":"2021-06-26T19:24:14+00:00","article_modified_time":"2021-06-26T19:24:15+00:00","og_image":[{"width":1375,"height":750,"url":"https:\/\/bohngass.com.br\/wp-content\/uploads\/2021\/06\/bolsonaro-ricardo-barros.jpg","type":"image\/jpeg"}],"author":"admin","twitter_card":"summary_large_image","twitter_creator":"@BohnGass","twitter_site":"@BohnGass","twitter_misc":{"Escrito por":"admin","Est. tempo de leitura":"3 minutos"},"schema":{"@context":"https:\/\/schema.org","@graph":[{"@type":"Article","@id":"https:\/\/bohngass.com.br\/?p=810#article","isPartOf":{"@id":"https:\/\/bohngass.com.br\/?p=810"},"author":{"name":"admin","@id":"https:\/\/bohngass.com.br\/#\/schema\/person\/73f139d814ad08afd66e56929f99d4d6"},"headline":"L\u00edder do PT na C\u00e2mara quer parar todas as vota\u00e7\u00f5es ap\u00f3s revela\u00e7\u00e3o do envolvimento de Barros no esc\u00e2ndalo Covaxin","datePublished":"2021-06-26T19:24:14+00:00","dateModified":"2021-06-26T19:24:15+00:00","mainEntityOfPage":{"@id":"https:\/\/bohngass.com.br\/?p=810"},"wordCount":700,"commentCount":0,"publisher":{"@id":"https:\/\/bohngass.com.br\/#organization"},"image":{"@id":"https:\/\/bohngass.com.br\/?p=810#primaryimage"},"thumbnailUrl":"https:\/\/bohngass.com.br\/wp-content\/uploads\/2021\/06\/bolsonaro-ricardo-barros.jpg","keywords":["coronav\u00edrus","corrup\u00e7\u00e3o","Covaxin","covid-19","cpi do genoc\u00eddio","crime de responsabilidade","genocida","governo bolsonaro","impeachment","pandemia","PP","Ricardo Barros","superfaturamento"],"articleSection":["Governo Bolsonaro","Lideran\u00e7a do PT","Plen\u00e1rio"],"inLanguage":"pt-BR","potentialAction":[{"@type":"CommentAction","name":"Comment","target":["https:\/\/bohngass.com.br\/?p=810#respond"]}]},{"@type":"WebPage","@id":"https:\/\/bohngass.com.br\/?p=810","url":"https:\/\/bohngass.com.br\/?p=810","name":"L\u00edder do PT na C\u00e2mara quer parar todas as vota\u00e7\u00f5es ap\u00f3s revela\u00e7\u00e3o do envolvimento de Barros no esc\u00e2ndalo Covaxin - Deputado Federal Bohn Gass \u2605 PT\/RS","isPartOf":{"@id":"https:\/\/bohngass.com.br\/#website"},"primaryImageOfPage":{"@id":"https:\/\/bohngass.com.br\/?p=810#primaryimage"},"image":{"@id":"https:\/\/bohngass.com.br\/?p=810#primaryimage"},"thumbnailUrl":"https:\/\/bohngass.com.br\/wp-content\/uploads\/2021\/06\/bolsonaro-ricardo-barros.jpg","datePublished":"2021-06-26T19:24:14+00:00","dateModified":"2021-06-26T19:24:15+00:00","breadcrumb":{"@id":"https:\/\/bohngass.com.br\/?p=810#breadcrumb"},"inLanguage":"pt-BR","potentialAction":[{"@type":"ReadAction","target":["https:\/\/bohngass.com.br\/?p=810"]}]},{"@type":"ImageObject","inLanguage":"pt-BR","@id":"https:\/\/bohngass.com.br\/?p=810#primaryimage","url":"https:\/\/bohngass.com.br\/wp-content\/uploads\/2021\/06\/bolsonaro-ricardo-barros.jpg","contentUrl":"https:\/\/bohngass.com.br\/wp-content\/uploads\/2021\/06\/bolsonaro-ricardo-barros.jpg","width":1375,"height":750},{"@type":"BreadcrumbList","@id":"https:\/\/bohngass.com.br\/?p=810#breadcrumb","itemListElement":[{"@type":"ListItem","position":1,"name":"In\u00edcio","item":"https:\/\/bohngass.com.br\/"},{"@type":"ListItem","position":2,"name":"L\u00edder do PT na C\u00e2mara quer parar todas as vota\u00e7\u00f5es ap\u00f3s revela\u00e7\u00e3o do envolvimento de Barros no esc\u00e2ndalo Covaxin"}]},{"@type":"WebSite","@id":"https:\/\/bohngass.com.br\/#website","url":"https:\/\/bohngass.com.br\/","name":"Deputado Federal Bohn Gass \u2605 PT\/RS","description":"Deputado Federal Bohn Gass","publisher":{"@id":"https:\/\/bohngass.com.br\/#organization"},"potentialAction":[{"@type":"SearchAction","target":{"@type":"EntryPoint","urlTemplate":"https:\/\/bohngass.com.br\/?s={search_term_string}"},"query-input":{"@type":"PropertyValueSpecification","valueRequired":true,"valueName":"search_term_string"}}],"inLanguage":"pt-BR"},{"@type":"Organization","@id":"https:\/\/bohngass.com.br\/#organization","name":"Deputado Bohn Gass","url":"https:\/\/bohngass.com.br\/","logo":{"@type":"ImageObject","inLanguage":"pt-BR","@id":"https:\/\/bohngass.com.br\/#\/schema\/logo\/image\/","url":"http:\/\/bohngass.com.br\/wp-content\/uploads\/2021\/01\/logo.png","contentUrl":"http:\/\/bohngass.com.br\/wp-content\/uploads\/2021\/01\/logo.png","width":357,"height":355,"caption":"Deputado Bohn Gass"},"image":{"@id":"https:\/\/bohngass.com.br\/#\/schema\/logo\/image\/"},"sameAs":["https:\/\/www.facebook.com\/bohngass13","https:\/\/x.com\/BohnGass","https:\/\/www.instagram.com\/bohn_gass\/","https:\/\/www.youtube.com\/BohnGass13\/","https:\/\/pt.wikipedia.org\/wiki\/Bohn_Gass"]},{"@type":"Person","@id":"https:\/\/bohngass.com.br\/#\/schema\/person\/73f139d814ad08afd66e56929f99d4d6","name":"admin","image":{"@type":"ImageObject","inLanguage":"pt-BR","@id":"https:\/\/bohngass.com.br\/wp-content\/litespeed\/avatar\/46d26e448dfe42e49944850c1affc8d8.jpg?ver=1777227068","url":"https:\/\/bohngass.com.br\/wp-content\/litespeed\/avatar\/46d26e448dfe42e49944850c1affc8d8.jpg?ver=1777227068","contentUrl":"https:\/\/bohngass.com.br\/wp-content\/litespeed\/avatar\/46d26e448dfe42e49944850c1affc8d8.jpg?ver=1777227068","caption":"admin"},"sameAs":["http:\/\/www2.bohngass.com.br"]}]}},"_links":{"self":[{"href":"https:\/\/bohngass.com.br\/index.php?rest_route=\/wp\/v2\/posts\/810","targetHints":{"allow":["GET"]}}],"collection":[{"href":"https:\/\/bohngass.com.br\/index.php?rest_route=\/wp\/v2\/posts"}],"about":[{"href":"https:\/\/bohngass.com.br\/index.php?rest_route=\/wp\/v2\/types\/post"}],"author":[{"embeddable":true,"href":"https:\/\/bohngass.com.br\/index.php?rest_route=\/wp\/v2\/users\/1"}],"replies":[{"embeddable":true,"href":"https:\/\/bohngass.com.br\/index.php?rest_route=%2Fwp%2Fv2%2Fcomments&post=810"}],"version-history":[{"count":0,"href":"https:\/\/bohngass.com.br\/index.php?rest_route=\/wp\/v2\/posts\/810\/revisions"}],"wp:featuredmedia":[{"embeddable":true,"href":"https:\/\/bohngass.com.br\/index.php?rest_route=\/wp\/v2\/media\/811"}],"wp:attachment":[{"href":"https:\/\/bohngass.com.br\/index.php?rest_route=%2Fwp%2Fv2%2Fmedia&parent=810"}],"wp:term":[{"taxonomy":"category","embeddable":true,"href":"https:\/\/bohngass.com.br\/index.php?rest_route=%2Fwp%2Fv2%2Fcategories&post=810"},{"taxonomy":"post_tag","embeddable":true,"href":"https:\/\/bohngass.com.br\/index.php?rest_route=%2Fwp%2Fv2%2Ftags&post=810"}],"curies":[{"name":"wp","href":"https:\/\/api.w.org\/{rel}","templated":true}]}}