{"id":859,"date":"2021-07-15T18:48:23","date_gmt":"2021-07-15T21:48:23","guid":{"rendered":"http:\/\/bohngass.com.br\/?p=859"},"modified":"2021-07-15T18:48:24","modified_gmt":"2021-07-15T21:48:24","slug":"bancada-do-pt-na-camara-assina-projeto-que-barra-a-presenca-de-militares-da-ativa-no-governo","status":"publish","type":"post","link":"https:\/\/bohngass.com.br\/?p=859","title":{"rendered":"Bancada do PT na C\u00e2mara assina projeto que barra a presen\u00e7a de militares da ativa no governo"},"content":{"rendered":"\n<p>Toda a Bancada do PT na C\u00e2mara dos Deputados assinou o projeto de emenda \u00e0 Constitui\u00e7\u00e3o (PEC 21\/2021), que veda aos militares da ativa a ocupa\u00e7\u00e3o em cargos na administra\u00e7\u00e3o p\u00fablica, nos tr\u00eas n\u00edveis da Federa\u00e7\u00e3o. \u201cAs for\u00e7as armadas s\u00e3o do Estado brasileiro e n\u00e3o devem servir a um governo, elas devem servir ao Estado\u201d afirmou o l\u00edder do PT, deputado<strong>&nbsp;Bohn Gass (RS<\/strong>).<\/p>\n\n\n\n<p>A PEC \u00e9 de autoria da deputada Perp\u00e9tua Almeida (PCdoB-AC) e foi protocolada na \u00faltima quarta-feira (14). O texto estabelece duas condi\u00e7\u00f5es para que integrantes das For\u00e7as Armadas possam exercer fun\u00e7\u00f5es de natureza civil na administra\u00e7\u00e3o p\u00fablica. Militares com menos de 10 anos de servi\u00e7o dever\u00e3o se afastar da atividade. J\u00e1 aqueles com mais de uma d\u00e9cada passar\u00e3o automaticamente, no ato da posse, para a inatividade.<\/p>\n\n\n\n<p>O l\u00edder do PT explicou que j\u00e1 existem regras constitucionais para que integrantes das For\u00e7as Armadas possam ser candidatos para exercer um cargo pol\u00edtico, mas para isso ele precisa de afastar da sua fun\u00e7\u00e3o. \u201cA PEC 21 visa estender as regras para aqueles que forem ocupar cargos pol\u00edticos em governos\u201d, enfatizou.<\/p>\n\n\n\n<p>Na avalia\u00e7\u00e3o do deputado Bohn Gass, esse tema \u00e9 muito importante para que n\u00e3o ocorra a partidariza\u00e7\u00e3o dos quart\u00e9is. \u201cIsso \u00e9 ruim para as For\u00e7as Armadas, que s\u00e3o do Estado brasileiro, e \u00e9 ruim tamb\u00e9m para democracia e para sociedade. Quando n\u00f3s assinamos e fomos favor\u00e1veis a essa emenda \u00e0 Constitui\u00e7\u00e3o \u00e9 pensando na valoriza\u00e7\u00e3o das For\u00e7as Armadas, na valoriza\u00e7\u00e3o da democracia, em cada um cumprir o seu papel, e para o bem da Na\u00e7\u00e3o brasileira\u201d, completou.<\/p>\n\n\n\n<h2 class=\"wp-block-heading\"><strong>Amea\u00e7a ao processo democr\u00e1tico<\/strong><\/h2>\n\n\n\n<p>Para o deputado&nbsp;<strong>Rog\u00e9rio Correia (PT-MG<\/strong>), a PEC merece todo o apoio da bancada. \u201cA perman\u00eancia de militares em cargos p\u00fablicos tem sido uma amea\u00e7a constante ao processo democr\u00e1tico. Com o governo Bolsonaro e a sua \u00edndole autorit\u00e1ria isto acendeu um sinal amarelo para democracia brasileira e a amea\u00e7a de golpe virou uma constante\u201d, alertou.<\/p>\n\n\n\n<p>O parlamentar afirmou ainda que \u00e9 \u201cpreciso colocar na Constitui\u00e7\u00e3o salvaguardas que impossibilite essa amea\u00e7a golpista\u201d. Rog\u00e9rio Correia lembra que a Bancada do PT apresentou na comiss\u00e3o especial que analisa a PEC 32, da Reforma Administrativa, uma proposta semelhante \u00e0 protocolada pela deputada Perp\u00e9tua na PEC 32.<\/p>\n\n\n\n<h2 class=\"wp-block-heading\"><strong>Papel das For\u00e7as Armadas<\/strong><\/h2>\n\n\n\n<p>Para os parlamentares petistas, as For\u00e7as Armadas t\u00eam um papel estrat\u00e9gico na defesa do territ\u00f3rio brasileiro e da soberania nacional, por isso n\u00e3o devem fazer parte de governos. \u201cA democracia e a soberania s\u00e3o feitas com institui\u00e7\u00f5es fortes. As For\u00e7as Armadas s\u00e3o exemplos de institui\u00e7\u00f5es de Estado e, para o bom funcionamento delas e do Pa\u00eds, \u00e9 fundamental que n\u00e3o estejam dentro de governos\u201d, afirmou o deputado\u00a0<strong>Reginaldo Lopes (PT-MG<\/strong>). Ele enfatizou que os militares j\u00e1 t\u00eam suas atribui\u00e7\u00f5es, entre elas, a defesa do territ\u00f3rio e da soberania nacional.<\/p>\n\n\n\n<h2 class=\"wp-block-heading\">PEC Pazuello<\/h2>\n\n\n\n<p>Na avalia\u00e7\u00e3o do deputado<strong>\u00a0Rui Falc\u00e3o (PT-SP<\/strong>), \u00e9 de suma import\u00e2ncia a proposta de emenda \u00e0 Constitui\u00e7\u00e3o apresentada pela deputada Perpetua, que j\u00e1 est\u00e1 sendo chamada de \u201cPEC Pazuello\u201d, em uma refer\u00eancia ao general Eduardo Pazuello, que ocupou o Minist\u00e9rio da Sa\u00fade no momento mais critico da pandemia da Covid, sem apresentar as medidas corretas e necess\u00e1rias para conter a propaga\u00e7\u00e3o do v\u00edrus e salvar vidas. \u201cA PEC regulamenta e da transpar\u00eancia na atua\u00e7\u00e3o dos militares na administra\u00e7\u00e3o p\u00fablica. A partidariza\u00e7\u00e3o das For\u00e7as Armadas representa um risco a democracia brasileira\u201d, alertou.<\/p>\n\n\n\n<p>O deputado\u00a0<strong>Nilto Tatto (PT-SP)<\/strong>\u00a0escreveu em seu Twitter que as For\u00e7as Armadas t\u00eam um papel estrat\u00e9gico a cumprir \u201ce n\u00e3o \u00e9 atuando partidariamente para um determinado governo e sim como \u00f3rg\u00e3o de Estado. Tem diferen\u00e7a\u201d, frisou.<\/p>\n\n\n\n<h2 class=\"wp-block-heading\"><strong>Carreira de Estado<\/strong><\/h2>\n\n\n\n<p>O vice-l\u00edder da Minoria, deputado&nbsp;<strong>Jos\u00e9 Guimar\u00e3es (PT-CE<\/strong>), tamb\u00e9m apresentou uma proposta na mesma linha. O projeto de decreto legislativo (PDL n\u00ba 273\/2021) tem o objetivo de sustar decreto que considera de natureza militar, para os militares da ativa, diversos cargos e fun\u00e7\u00f5es civis. O Decreto n\u00ba 10.727, de 22 de junho de 2021, segundo Guimar\u00e3es, pode ser considerado contra a profissionaliza\u00e7\u00e3o e a carreira de Estado dos militares, os quais \u201cdevem defender a Na\u00e7\u00e3o, o governo e a oposi\u00e7\u00e3o, e n\u00e3o poderiam estar sendo confundidos com outras carreiras que s\u00e3o de dedica\u00e7\u00e3o a governos\u201d, afirmou.<\/p>\n\n\n\n<p>Como justificativa, o petista lembra o Art. 142 da Constitui\u00e7\u00e3o, que descreve as For\u00e7as Armadas como sendo \u201cinstitui\u00e7\u00f5es nacionais permanentes e regulares, e [\u2026] destinam-se \u00e0 defesa da P\u00e1tria, \u00e0 garantia dos poderes constitucionais e, por iniciativa de qualquer destes, da lei e da ordem\u201d. \u201cTrata-se de mais um ato arbitr\u00e1rio de Bolsonaro que contraria a legisla\u00e7\u00e3o e, assim, claramente exorbita o poder regulamentar e os limites da delega\u00e7\u00e3o legislativa\u201d, justificou o parlamentar.<\/p>\n\n\n\n<p>Lorena Vale | PT na C\u00e2mara<\/p>\n","protected":false},"excerpt":{"rendered":"<p>Toda a Bancada do PT na C\u00e2mara dos Deputados assinou o projeto de emenda \u00e0 Constitui\u00e7\u00e3o (PEC 21\/2021), que veda aos militares da ativa a ocupa\u00e7\u00e3o em cargos na administra\u00e7\u00e3o p\u00fablica, nos tr\u00eas n\u00edveis da Federa\u00e7\u00e3o. \u201cAs for\u00e7as armadas s\u00e3o do Estado brasileiro e n\u00e3o devem servir a um governo, elas devem servir ao Estado\u201d [&hellip;]<\/p>\n","protected":false},"author":1,"featured_media":860,"comment_status":"open","ping_status":"open","sticky":false,"template":"","format":"standard","meta":{"footnotes":""},"categories":[5,82,110],"tags":[425,143,190,426,192,234,83,77],"class_list":["post-859","post","type-post","status-publish","format-standard","has-post-thumbnail","hentry","category-iniciativa-parlamentar","category-lideranca-do-pt","category-partido-dos-trabalhadores","tag-bancada","tag-democracia","tag-forcas-armadas","tag-governo","tag-militares","tag-pcdob","tag-pec","tag-pt"],"yoast_head":"<!-- This site is optimized with the Yoast SEO plugin v27.4 - https:\/\/yoast.com\/product\/yoast-seo-wordpress\/ -->\n<title>Bancada do PT na C\u00e2mara assina projeto que barra a presen\u00e7a de militares da ativa no governo - Deputado Federal Bohn Gass \u2605 PT\/RS<\/title>\n<meta name=\"robots\" content=\"index, follow, max-snippet:-1, max-image-preview:large, max-video-preview:-1\" \/>\n<link rel=\"canonical\" href=\"https:\/\/bohngass.com.br\/?p=859\" \/>\n<meta property=\"og:locale\" content=\"pt_BR\" \/>\n<meta property=\"og:type\" content=\"article\" \/>\n<meta property=\"og:title\" content=\"Bancada do PT na C\u00e2mara assina projeto que barra a presen\u00e7a de militares da ativa no governo - Deputado Federal Bohn Gass \u2605 PT\/RS\" \/>\n<meta property=\"og:description\" content=\"Toda a Bancada do PT na C\u00e2mara dos Deputados assinou o projeto de emenda \u00e0 Constitui\u00e7\u00e3o (PEC 21\/2021), que veda aos militares da ativa a ocupa\u00e7\u00e3o em cargos na administra\u00e7\u00e3o p\u00fablica, nos tr\u00eas n\u00edveis da Federa\u00e7\u00e3o. \u201cAs for\u00e7as armadas s\u00e3o do Estado brasileiro e n\u00e3o devem servir a um governo, elas devem servir ao Estado\u201d [&hellip;]\" \/>\n<meta property=\"og:url\" content=\"https:\/\/bohngass.com.br\/?p=859\" \/>\n<meta property=\"og:site_name\" content=\"Deputado Federal Bohn Gass \u2605 PT\/RS\" \/>\n<meta property=\"article:publisher\" content=\"https:\/\/www.facebook.com\/bohngass13\" \/>\n<meta property=\"article:published_time\" content=\"2021-07-15T21:48:23+00:00\" \/>\n<meta property=\"article:modified_time\" content=\"2021-07-15T21:48:24+00:00\" \/>\n<meta property=\"og:image\" content=\"https:\/\/bohngass.com.br\/wp-content\/uploads\/2021\/07\/militarizaccca7acc83o-governo-risco-democracia-1-750x440-1.jpg\" \/>\n\t<meta property=\"og:image:width\" content=\"750\" \/>\n\t<meta property=\"og:image:height\" content=\"440\" \/>\n\t<meta property=\"og:image:type\" content=\"image\/jpeg\" \/>\n<meta name=\"author\" content=\"admin\" \/>\n<meta name=\"twitter:card\" content=\"summary_large_image\" \/>\n<meta name=\"twitter:creator\" content=\"@BohnGass\" \/>\n<meta name=\"twitter:site\" content=\"@BohnGass\" \/>\n<meta name=\"twitter:label1\" content=\"Escrito por\" \/>\n\t<meta name=\"twitter:data1\" content=\"admin\" \/>\n\t<meta name=\"twitter:label2\" content=\"Est. tempo de leitura\" \/>\n\t<meta name=\"twitter:data2\" content=\"4 minutos\" \/>\n<script type=\"application\/ld+json\" class=\"yoast-schema-graph\">{\"@context\":\"https:\\\/\\\/schema.org\",\"@graph\":[{\"@type\":\"Article\",\"@id\":\"https:\\\/\\\/bohngass.com.br\\\/?p=859#article\",\"isPartOf\":{\"@id\":\"https:\\\/\\\/bohngass.com.br\\\/?p=859\"},\"author\":{\"name\":\"admin\",\"@id\":\"https:\\\/\\\/bohngass.com.br\\\/#\\\/schema\\\/person\\\/73f139d814ad08afd66e56929f99d4d6\"},\"headline\":\"Bancada do PT na C\u00e2mara assina projeto que barra a presen\u00e7a de militares da ativa no governo\",\"datePublished\":\"2021-07-15T21:48:23+00:00\",\"dateModified\":\"2021-07-15T21:48:24+00:00\",\"mainEntityOfPage\":{\"@id\":\"https:\\\/\\\/bohngass.com.br\\\/?p=859\"},\"wordCount\":871,\"commentCount\":0,\"publisher\":{\"@id\":\"https:\\\/\\\/bohngass.com.br\\\/#organization\"},\"image\":{\"@id\":\"https:\\\/\\\/bohngass.com.br\\\/?p=859#primaryimage\"},\"thumbnailUrl\":\"https:\\\/\\\/bohngass.com.br\\\/wp-content\\\/uploads\\\/2021\\\/07\\\/militarizaccca7acc83o-governo-risco-democracia-1-750x440-1.jpg\",\"keywords\":[\"bancada\",\"democracia\",\"for\u00e7as armadas\",\"governo\",\"militares\",\"PCdoB\",\"PEC\",\"PT\"],\"articleSection\":[\"Iniciativa Parlamentar\",\"Lideran\u00e7a do PT\",\"Partido dos Trabalhadores\"],\"inLanguage\":\"pt-BR\",\"potentialAction\":[{\"@type\":\"CommentAction\",\"name\":\"Comment\",\"target\":[\"https:\\\/\\\/bohngass.com.br\\\/?p=859#respond\"]}]},{\"@type\":\"WebPage\",\"@id\":\"https:\\\/\\\/bohngass.com.br\\\/?p=859\",\"url\":\"https:\\\/\\\/bohngass.com.br\\\/?p=859\",\"name\":\"Bancada do PT na C\u00e2mara assina projeto que barra a presen\u00e7a de militares da ativa no governo - Deputado Federal Bohn Gass \u2605 PT\\\/RS\",\"isPartOf\":{\"@id\":\"https:\\\/\\\/bohngass.com.br\\\/#website\"},\"primaryImageOfPage\":{\"@id\":\"https:\\\/\\\/bohngass.com.br\\\/?p=859#primaryimage\"},\"image\":{\"@id\":\"https:\\\/\\\/bohngass.com.br\\\/?p=859#primaryimage\"},\"thumbnailUrl\":\"https:\\\/\\\/bohngass.com.br\\\/wp-content\\\/uploads\\\/2021\\\/07\\\/militarizaccca7acc83o-governo-risco-democracia-1-750x440-1.jpg\",\"datePublished\":\"2021-07-15T21:48:23+00:00\",\"dateModified\":\"2021-07-15T21:48:24+00:00\",\"breadcrumb\":{\"@id\":\"https:\\\/\\\/bohngass.com.br\\\/?p=859#breadcrumb\"},\"inLanguage\":\"pt-BR\",\"potentialAction\":[{\"@type\":\"ReadAction\",\"target\":[\"https:\\\/\\\/bohngass.com.br\\\/?p=859\"]}]},{\"@type\":\"ImageObject\",\"inLanguage\":\"pt-BR\",\"@id\":\"https:\\\/\\\/bohngass.com.br\\\/?p=859#primaryimage\",\"url\":\"https:\\\/\\\/bohngass.com.br\\\/wp-content\\\/uploads\\\/2021\\\/07\\\/militarizaccca7acc83o-governo-risco-democracia-1-750x440-1.jpg\",\"contentUrl\":\"https:\\\/\\\/bohngass.com.br\\\/wp-content\\\/uploads\\\/2021\\\/07\\\/militarizaccca7acc83o-governo-risco-democracia-1-750x440-1.jpg\",\"width\":750,\"height\":440},{\"@type\":\"BreadcrumbList\",\"@id\":\"https:\\\/\\\/bohngass.com.br\\\/?p=859#breadcrumb\",\"itemListElement\":[{\"@type\":\"ListItem\",\"position\":1,\"name\":\"In\u00edcio\",\"item\":\"https:\\\/\\\/bohngass.com.br\\\/\"},{\"@type\":\"ListItem\",\"position\":2,\"name\":\"Bancada do PT na C\u00e2mara assina projeto que barra a presen\u00e7a de militares da ativa no governo\"}]},{\"@type\":\"WebSite\",\"@id\":\"https:\\\/\\\/bohngass.com.br\\\/#website\",\"url\":\"https:\\\/\\\/bohngass.com.br\\\/\",\"name\":\"Deputado Federal Bohn Gass \u2605 PT\\\/RS\",\"description\":\"Deputado Federal Bohn Gass\",\"publisher\":{\"@id\":\"https:\\\/\\\/bohngass.com.br\\\/#organization\"},\"potentialAction\":[{\"@type\":\"SearchAction\",\"target\":{\"@type\":\"EntryPoint\",\"urlTemplate\":\"https:\\\/\\\/bohngass.com.br\\\/?s={search_term_string}\"},\"query-input\":{\"@type\":\"PropertyValueSpecification\",\"valueRequired\":true,\"valueName\":\"search_term_string\"}}],\"inLanguage\":\"pt-BR\"},{\"@type\":\"Organization\",\"@id\":\"https:\\\/\\\/bohngass.com.br\\\/#organization\",\"name\":\"Deputado Bohn Gass\",\"url\":\"https:\\\/\\\/bohngass.com.br\\\/\",\"logo\":{\"@type\":\"ImageObject\",\"inLanguage\":\"pt-BR\",\"@id\":\"https:\\\/\\\/bohngass.com.br\\\/#\\\/schema\\\/logo\\\/image\\\/\",\"url\":\"http:\\\/\\\/bohngass.com.br\\\/wp-content\\\/uploads\\\/2021\\\/01\\\/logo.png\",\"contentUrl\":\"http:\\\/\\\/bohngass.com.br\\\/wp-content\\\/uploads\\\/2021\\\/01\\\/logo.png\",\"width\":357,\"height\":355,\"caption\":\"Deputado Bohn Gass\"},\"image\":{\"@id\":\"https:\\\/\\\/bohngass.com.br\\\/#\\\/schema\\\/logo\\\/image\\\/\"},\"sameAs\":[\"https:\\\/\\\/www.facebook.com\\\/bohngass13\",\"https:\\\/\\\/x.com\\\/BohnGass\",\"https:\\\/\\\/www.instagram.com\\\/bohn_gass\\\/\",\"https:\\\/\\\/www.youtube.com\\\/BohnGass13\\\/\",\"https:\\\/\\\/pt.wikipedia.org\\\/wiki\\\/Bohn_Gass\"]},{\"@type\":\"Person\",\"@id\":\"https:\\\/\\\/bohngass.com.br\\\/#\\\/schema\\\/person\\\/73f139d814ad08afd66e56929f99d4d6\",\"name\":\"admin\",\"image\":{\"@type\":\"ImageObject\",\"inLanguage\":\"pt-BR\",\"@id\":\"https:\\\/\\\/bohngass.com.br\\\/wp-content\\\/litespeed\\\/avatar\\\/46d26e448dfe42e49944850c1affc8d8.jpg?ver=1777227068\",\"url\":\"https:\\\/\\\/bohngass.com.br\\\/wp-content\\\/litespeed\\\/avatar\\\/46d26e448dfe42e49944850c1affc8d8.jpg?ver=1777227068\",\"contentUrl\":\"https:\\\/\\\/bohngass.com.br\\\/wp-content\\\/litespeed\\\/avatar\\\/46d26e448dfe42e49944850c1affc8d8.jpg?ver=1777227068\",\"caption\":\"admin\"},\"sameAs\":[\"http:\\\/\\\/www2.bohngass.com.br\"]}]}<\/script>\n<!-- \/ Yoast SEO plugin. -->","yoast_head_json":{"title":"Bancada do PT na C\u00e2mara assina projeto que barra a presen\u00e7a de militares da ativa no governo - Deputado Federal Bohn Gass \u2605 PT\/RS","robots":{"index":"index","follow":"follow","max-snippet":"max-snippet:-1","max-image-preview":"max-image-preview:large","max-video-preview":"max-video-preview:-1"},"canonical":"https:\/\/bohngass.com.br\/?p=859","og_locale":"pt_BR","og_type":"article","og_title":"Bancada do PT na C\u00e2mara assina projeto que barra a presen\u00e7a de militares da ativa no governo - Deputado Federal Bohn Gass \u2605 PT\/RS","og_description":"Toda a Bancada do PT na C\u00e2mara dos Deputados assinou o projeto de emenda \u00e0 Constitui\u00e7\u00e3o (PEC 21\/2021), que veda aos militares da ativa a ocupa\u00e7\u00e3o em cargos na administra\u00e7\u00e3o p\u00fablica, nos tr\u00eas n\u00edveis da Federa\u00e7\u00e3o. \u201cAs for\u00e7as armadas s\u00e3o do Estado brasileiro e n\u00e3o devem servir a um governo, elas devem servir ao Estado\u201d [&hellip;]","og_url":"https:\/\/bohngass.com.br\/?p=859","og_site_name":"Deputado Federal Bohn Gass \u2605 PT\/RS","article_publisher":"https:\/\/www.facebook.com\/bohngass13","article_published_time":"2021-07-15T21:48:23+00:00","article_modified_time":"2021-07-15T21:48:24+00:00","og_image":[{"width":750,"height":440,"url":"https:\/\/bohngass.com.br\/wp-content\/uploads\/2021\/07\/militarizaccca7acc83o-governo-risco-democracia-1-750x440-1.jpg","type":"image\/jpeg"}],"author":"admin","twitter_card":"summary_large_image","twitter_creator":"@BohnGass","twitter_site":"@BohnGass","twitter_misc":{"Escrito por":"admin","Est. tempo de leitura":"4 minutos"},"schema":{"@context":"https:\/\/schema.org","@graph":[{"@type":"Article","@id":"https:\/\/bohngass.com.br\/?p=859#article","isPartOf":{"@id":"https:\/\/bohngass.com.br\/?p=859"},"author":{"name":"admin","@id":"https:\/\/bohngass.com.br\/#\/schema\/person\/73f139d814ad08afd66e56929f99d4d6"},"headline":"Bancada do PT na C\u00e2mara assina projeto que barra a presen\u00e7a de militares da ativa no governo","datePublished":"2021-07-15T21:48:23+00:00","dateModified":"2021-07-15T21:48:24+00:00","mainEntityOfPage":{"@id":"https:\/\/bohngass.com.br\/?p=859"},"wordCount":871,"commentCount":0,"publisher":{"@id":"https:\/\/bohngass.com.br\/#organization"},"image":{"@id":"https:\/\/bohngass.com.br\/?p=859#primaryimage"},"thumbnailUrl":"https:\/\/bohngass.com.br\/wp-content\/uploads\/2021\/07\/militarizaccca7acc83o-governo-risco-democracia-1-750x440-1.jpg","keywords":["bancada","democracia","for\u00e7as armadas","governo","militares","PCdoB","PEC","PT"],"articleSection":["Iniciativa Parlamentar","Lideran\u00e7a do PT","Partido dos Trabalhadores"],"inLanguage":"pt-BR","potentialAction":[{"@type":"CommentAction","name":"Comment","target":["https:\/\/bohngass.com.br\/?p=859#respond"]}]},{"@type":"WebPage","@id":"https:\/\/bohngass.com.br\/?p=859","url":"https:\/\/bohngass.com.br\/?p=859","name":"Bancada do PT na C\u00e2mara assina projeto que barra a presen\u00e7a de militares da ativa no governo - Deputado Federal Bohn Gass \u2605 PT\/RS","isPartOf":{"@id":"https:\/\/bohngass.com.br\/#website"},"primaryImageOfPage":{"@id":"https:\/\/bohngass.com.br\/?p=859#primaryimage"},"image":{"@id":"https:\/\/bohngass.com.br\/?p=859#primaryimage"},"thumbnailUrl":"https:\/\/bohngass.com.br\/wp-content\/uploads\/2021\/07\/militarizaccca7acc83o-governo-risco-democracia-1-750x440-1.jpg","datePublished":"2021-07-15T21:48:23+00:00","dateModified":"2021-07-15T21:48:24+00:00","breadcrumb":{"@id":"https:\/\/bohngass.com.br\/?p=859#breadcrumb"},"inLanguage":"pt-BR","potentialAction":[{"@type":"ReadAction","target":["https:\/\/bohngass.com.br\/?p=859"]}]},{"@type":"ImageObject","inLanguage":"pt-BR","@id":"https:\/\/bohngass.com.br\/?p=859#primaryimage","url":"https:\/\/bohngass.com.br\/wp-content\/uploads\/2021\/07\/militarizaccca7acc83o-governo-risco-democracia-1-750x440-1.jpg","contentUrl":"https:\/\/bohngass.com.br\/wp-content\/uploads\/2021\/07\/militarizaccca7acc83o-governo-risco-democracia-1-750x440-1.jpg","width":750,"height":440},{"@type":"BreadcrumbList","@id":"https:\/\/bohngass.com.br\/?p=859#breadcrumb","itemListElement":[{"@type":"ListItem","position":1,"name":"In\u00edcio","item":"https:\/\/bohngass.com.br\/"},{"@type":"ListItem","position":2,"name":"Bancada do PT na C\u00e2mara assina projeto que barra a presen\u00e7a de militares da ativa no governo"}]},{"@type":"WebSite","@id":"https:\/\/bohngass.com.br\/#website","url":"https:\/\/bohngass.com.br\/","name":"Deputado Federal Bohn Gass \u2605 PT\/RS","description":"Deputado Federal Bohn Gass","publisher":{"@id":"https:\/\/bohngass.com.br\/#organization"},"potentialAction":[{"@type":"SearchAction","target":{"@type":"EntryPoint","urlTemplate":"https:\/\/bohngass.com.br\/?s={search_term_string}"},"query-input":{"@type":"PropertyValueSpecification","valueRequired":true,"valueName":"search_term_string"}}],"inLanguage":"pt-BR"},{"@type":"Organization","@id":"https:\/\/bohngass.com.br\/#organization","name":"Deputado Bohn Gass","url":"https:\/\/bohngass.com.br\/","logo":{"@type":"ImageObject","inLanguage":"pt-BR","@id":"https:\/\/bohngass.com.br\/#\/schema\/logo\/image\/","url":"http:\/\/bohngass.com.br\/wp-content\/uploads\/2021\/01\/logo.png","contentUrl":"http:\/\/bohngass.com.br\/wp-content\/uploads\/2021\/01\/logo.png","width":357,"height":355,"caption":"Deputado Bohn Gass"},"image":{"@id":"https:\/\/bohngass.com.br\/#\/schema\/logo\/image\/"},"sameAs":["https:\/\/www.facebook.com\/bohngass13","https:\/\/x.com\/BohnGass","https:\/\/www.instagram.com\/bohn_gass\/","https:\/\/www.youtube.com\/BohnGass13\/","https:\/\/pt.wikipedia.org\/wiki\/Bohn_Gass"]},{"@type":"Person","@id":"https:\/\/bohngass.com.br\/#\/schema\/person\/73f139d814ad08afd66e56929f99d4d6","name":"admin","image":{"@type":"ImageObject","inLanguage":"pt-BR","@id":"https:\/\/bohngass.com.br\/wp-content\/litespeed\/avatar\/46d26e448dfe42e49944850c1affc8d8.jpg?ver=1777227068","url":"https:\/\/bohngass.com.br\/wp-content\/litespeed\/avatar\/46d26e448dfe42e49944850c1affc8d8.jpg?ver=1777227068","contentUrl":"https:\/\/bohngass.com.br\/wp-content\/litespeed\/avatar\/46d26e448dfe42e49944850c1affc8d8.jpg?ver=1777227068","caption":"admin"},"sameAs":["http:\/\/www2.bohngass.com.br"]}]}},"_links":{"self":[{"href":"https:\/\/bohngass.com.br\/index.php?rest_route=\/wp\/v2\/posts\/859","targetHints":{"allow":["GET"]}}],"collection":[{"href":"https:\/\/bohngass.com.br\/index.php?rest_route=\/wp\/v2\/posts"}],"about":[{"href":"https:\/\/bohngass.com.br\/index.php?rest_route=\/wp\/v2\/types\/post"}],"author":[{"embeddable":true,"href":"https:\/\/bohngass.com.br\/index.php?rest_route=\/wp\/v2\/users\/1"}],"replies":[{"embeddable":true,"href":"https:\/\/bohngass.com.br\/index.php?rest_route=%2Fwp%2Fv2%2Fcomments&post=859"}],"version-history":[{"count":0,"href":"https:\/\/bohngass.com.br\/index.php?rest_route=\/wp\/v2\/posts\/859\/revisions"}],"wp:featuredmedia":[{"embeddable":true,"href":"https:\/\/bohngass.com.br\/index.php?rest_route=\/wp\/v2\/media\/860"}],"wp:attachment":[{"href":"https:\/\/bohngass.com.br\/index.php?rest_route=%2Fwp%2Fv2%2Fmedia&parent=859"}],"wp:term":[{"taxonomy":"category","embeddable":true,"href":"https:\/\/bohngass.com.br\/index.php?rest_route=%2Fwp%2Fv2%2Fcategories&post=859"},{"taxonomy":"post_tag","embeddable":true,"href":"https:\/\/bohngass.com.br\/index.php?rest_route=%2Fwp%2Fv2%2Ftags&post=859"}],"curies":[{"name":"wp","href":"https:\/\/api.w.org\/{rel}","templated":true}]}}