{"id":95,"date":"2020-12-16T12:41:00","date_gmt":"2020-12-16T15:41:00","guid":{"rendered":"http:\/\/bohngass.lflr.com.br\/?p=95"},"modified":"2021-01-18T12:43:42","modified_gmt":"2021-01-18T15:43:42","slug":"bohn-gass-quer-o-fim-dos-fogos-de-artificio-com-estrondo-no-brasil","status":"publish","type":"post","link":"https:\/\/bohngass.com.br\/?p=95","title":{"rendered":"BOHN GASS QUER O FIM DOS FOGOS DE ARTIF\u00cdCIO COM ESTRONDO NO BRASIL"},"content":{"rendered":"\n<p><strong><em><u>Projeto do deputado visa proteger autistas, animais, crian\u00e7as, idosos e doentes<\/u><\/em><\/strong><\/p>\n\n\n\n<p>Para evitar o sofrimento de pessoas com autismo, danos auditivos em animais, crises de ansiedade e sobressaltos em pessoas adoentadas e, ainda, reduzir os acidentes, o deputado Elvino Bohn Gass (PT\/RS) apresentou um projeto de lei que veda, em todo o Brasil, a fabrica\u00e7\u00e3o, venda e utiliza\u00e7\u00e3o de fogos de artif\u00edcios e artefatos pirot\u00e9cnicos que produzam ru\u00eddos e estampidos. O projeto est\u00e1 na C\u00e0mara e Bohn Gass j\u00e1 pediu \u00e0 Mesa da C\u00e2mara que inclua a mat\u00e9ria na Ordem do Dia, antes dos festejos de final de ano.<\/p>\n\n\n\n<p>\u201cEstes fogos causam enormes danos. Em pessoas autistas, podem gerar crises graves de ansiedade. Em animais, podem levar \u00e0 perda de audi\u00e7\u00e3o. Crian\u00e7as ficam assustadas. Idosos sofrem. Pacientes hospitalizados ficam sobressaltados. Aves podem ser abatidas e pessoas que manuseiam esses fogos podem sofrer graves acidentes\u201d, argumenta Bohn Gass.<\/p>\n\n\n\n<p>Entidades que atendem autistas apoiam o projeto porque o barulho dos fogos pode gerar ocorr\u00eancias dolorosas e assustadoras. A mais recente edi\u00e7\u00e3o do Manual Diagn\u00f3stico e Estat\u00edstico de Transtornos Mentais da Associa\u00e7\u00e3o Americana de Psiquiatria \u2013 o DSM 5, informa que autistas apresentam hiper ou hiporreatividade aos est\u00edmulos sensoriais do ambiente. \u201cIsso deixa muitos pais perdidos sobre o que fazer a respeito para ajudar seus filhos, especialmente neste per\u00edodo de festas em que os fogos s\u00e3o muito usados\u201d, detalha Bohn Gass.<\/p>\n\n\n\n<p>Profissionais de sa\u00fade consultados pelo deputado foram un\u00e2nimes em afirmar que os fogos geram sobressaltos e podem agravar o estado cl\u00ednico de pacientes internados. \u201cE h\u00e1 o risco inerente de acidentes com quem manuseia esses fogos. Basta ir a um pronto socorro nas noites de festas e verificar a quantidade de pessoas acidentadas com essa pr\u00e1tica\u201d, acrescenta Bohn Gass.<\/p>\n\n\n\n<p><strong><u>ANIMAIS &#8211;&nbsp;<\/u><\/strong>&nbsp;Protetores de animais h\u00e1 tempos defendem esta proibi\u00e7\u00e3o. C\u00e3es, por exemplo, possuem a audi\u00e7\u00e3o quatro vezes mais potente que os humanos e ficam desorientados com os estampidos. \u201cVeterin\u00e1rios me dizem que alguns podem at\u00e9 desenvolver fobias e entrar em p\u00e2nico, sendo comum ocorrerem fugas e atropelamentos\u201d, relata Bohn Gass.<\/p>\n\n\n\n<p>No Rio Grande do Sul e em outros estados, j\u00e1 h\u00e1 a proibi\u00e7\u00e3o, mas em boa parte do territ\u00f3rio nacional n\u00e3o h\u00e1 regulamenta\u00e7\u00e3o sobre o uso desses fogos. \u201cA ideia \u00e9 uniformizar a proibi\u00e7\u00e3o e acabar, de vez, com esta pr\u00e1tica que s\u00f3 causa sofrimento\u201d, finaliza Bohn Gass.<\/p>\n","protected":false},"excerpt":{"rendered":"<p>Projeto do deputado visa proteger autistas, animais, crian\u00e7as, idosos e doentes Para evitar o sofrimento de pessoas com autismo, danos auditivos em animais, crises de ansiedade e sobressaltos em pessoas adoentadas e, ainda, reduzir os acidentes, o deputado Elvino Bohn Gass (PT\/RS) apresentou um projeto de lei que veda, em todo o Brasil, a fabrica\u00e7\u00e3o, [&hellip;]<\/p>\n","protected":false},"author":1,"featured_media":96,"comment_status":"open","ping_status":"open","sticky":false,"template":"","format":"standard","meta":{"footnotes":""},"categories":[5],"tags":[11,9,10,8,12,7],"class_list":["post-95","post","type-post","status-publish","format-standard","has-post-thumbnail","hentry","category-iniciativa-parlamentar","tag-animais","tag-autista","tag-crianca","tag-fogos-de-artificio","tag-pet","tag-projeto-de-lei"],"yoast_head":"<!-- This site is optimized with the Yoast SEO plugin v27.4 - https:\/\/yoast.com\/product\/yoast-seo-wordpress\/ -->\n<title>BOHN GASS QUER O FIM DOS FOGOS DE ARTIF\u00cdCIO COM ESTRONDO NO BRASIL - Deputado Federal Bohn Gass \u2605 PT\/RS<\/title>\n<meta name=\"robots\" content=\"index, follow, max-snippet:-1, max-image-preview:large, max-video-preview:-1\" \/>\n<link rel=\"canonical\" href=\"https:\/\/bohngass.com.br\/?p=95\" \/>\n<meta property=\"og:locale\" content=\"pt_BR\" \/>\n<meta property=\"og:type\" content=\"article\" \/>\n<meta property=\"og:title\" content=\"BOHN GASS QUER O FIM DOS FOGOS DE ARTIF\u00cdCIO COM ESTRONDO NO BRASIL - Deputado Federal Bohn Gass \u2605 PT\/RS\" \/>\n<meta property=\"og:description\" content=\"Projeto do deputado visa proteger autistas, animais, crian\u00e7as, idosos e doentes Para evitar o sofrimento de pessoas com autismo, danos auditivos em animais, crises de ansiedade e sobressaltos em pessoas adoentadas e, ainda, reduzir os acidentes, o deputado Elvino Bohn Gass (PT\/RS) apresentou um projeto de lei que veda, em todo o Brasil, a fabrica\u00e7\u00e3o, [&hellip;]\" \/>\n<meta property=\"og:url\" content=\"https:\/\/bohngass.com.br\/?p=95\" \/>\n<meta property=\"og:site_name\" content=\"Deputado Federal Bohn Gass \u2605 PT\/RS\" \/>\n<meta property=\"article:publisher\" content=\"https:\/\/www.facebook.com\/bohngass13\" \/>\n<meta property=\"article:published_time\" content=\"2020-12-16T15:41:00+00:00\" \/>\n<meta property=\"article:modified_time\" content=\"2021-01-18T15:43:42+00:00\" \/>\n<meta property=\"og:image\" content=\"https:\/\/bohngass.com.br\/wp-content\/uploads\/2021\/01\/fogos-de-artificio.jpg\" \/>\n\t<meta property=\"og:image:width\" content=\"1280\" \/>\n\t<meta property=\"og:image:height\" content=\"720\" \/>\n\t<meta property=\"og:image:type\" content=\"image\/jpeg\" \/>\n<meta name=\"author\" content=\"admin\" \/>\n<meta name=\"twitter:card\" content=\"summary_large_image\" \/>\n<meta name=\"twitter:creator\" content=\"@BohnGass\" \/>\n<meta name=\"twitter:site\" content=\"@BohnGass\" \/>\n<meta name=\"twitter:label1\" content=\"Escrito por\" \/>\n\t<meta name=\"twitter:data1\" content=\"admin\" \/>\n\t<meta name=\"twitter:label2\" content=\"Est. tempo de leitura\" \/>\n\t<meta name=\"twitter:data2\" content=\"2 minutos\" \/>\n<script type=\"application\/ld+json\" class=\"yoast-schema-graph\">{\"@context\":\"https:\\\/\\\/schema.org\",\"@graph\":[{\"@type\":\"Article\",\"@id\":\"https:\\\/\\\/bohngass.com.br\\\/?p=95#article\",\"isPartOf\":{\"@id\":\"https:\\\/\\\/bohngass.com.br\\\/?p=95\"},\"author\":{\"name\":\"admin\",\"@id\":\"https:\\\/\\\/bohngass.com.br\\\/#\\\/schema\\\/person\\\/73f139d814ad08afd66e56929f99d4d6\"},\"headline\":\"BOHN GASS QUER O FIM DOS FOGOS DE ARTIF\u00cdCIO COM ESTRONDO NO BRASIL\",\"datePublished\":\"2020-12-16T15:41:00+00:00\",\"dateModified\":\"2021-01-18T15:43:42+00:00\",\"mainEntityOfPage\":{\"@id\":\"https:\\\/\\\/bohngass.com.br\\\/?p=95\"},\"wordCount\":432,\"commentCount\":0,\"publisher\":{\"@id\":\"https:\\\/\\\/bohngass.com.br\\\/#organization\"},\"image\":{\"@id\":\"https:\\\/\\\/bohngass.com.br\\\/?p=95#primaryimage\"},\"thumbnailUrl\":\"https:\\\/\\\/bohngass.com.br\\\/wp-content\\\/uploads\\\/2021\\\/01\\\/fogos-de-artificio.jpg\",\"keywords\":[\"animais\",\"autista\",\"crian\u00e7a\",\"fogos de artif\u00edcio\",\"pet\",\"projeto de lei\"],\"articleSection\":[\"Iniciativa Parlamentar\"],\"inLanguage\":\"pt-BR\",\"potentialAction\":[{\"@type\":\"CommentAction\",\"name\":\"Comment\",\"target\":[\"https:\\\/\\\/bohngass.com.br\\\/?p=95#respond\"]}]},{\"@type\":\"WebPage\",\"@id\":\"https:\\\/\\\/bohngass.com.br\\\/?p=95\",\"url\":\"https:\\\/\\\/bohngass.com.br\\\/?p=95\",\"name\":\"BOHN GASS QUER O FIM DOS FOGOS DE ARTIF\u00cdCIO COM ESTRONDO NO BRASIL - Deputado Federal Bohn Gass \u2605 PT\\\/RS\",\"isPartOf\":{\"@id\":\"https:\\\/\\\/bohngass.com.br\\\/#website\"},\"primaryImageOfPage\":{\"@id\":\"https:\\\/\\\/bohngass.com.br\\\/?p=95#primaryimage\"},\"image\":{\"@id\":\"https:\\\/\\\/bohngass.com.br\\\/?p=95#primaryimage\"},\"thumbnailUrl\":\"https:\\\/\\\/bohngass.com.br\\\/wp-content\\\/uploads\\\/2021\\\/01\\\/fogos-de-artificio.jpg\",\"datePublished\":\"2020-12-16T15:41:00+00:00\",\"dateModified\":\"2021-01-18T15:43:42+00:00\",\"breadcrumb\":{\"@id\":\"https:\\\/\\\/bohngass.com.br\\\/?p=95#breadcrumb\"},\"inLanguage\":\"pt-BR\",\"potentialAction\":[{\"@type\":\"ReadAction\",\"target\":[\"https:\\\/\\\/bohngass.com.br\\\/?p=95\"]}]},{\"@type\":\"ImageObject\",\"inLanguage\":\"pt-BR\",\"@id\":\"https:\\\/\\\/bohngass.com.br\\\/?p=95#primaryimage\",\"url\":\"https:\\\/\\\/bohngass.com.br\\\/wp-content\\\/uploads\\\/2021\\\/01\\\/fogos-de-artificio.jpg\",\"contentUrl\":\"https:\\\/\\\/bohngass.com.br\\\/wp-content\\\/uploads\\\/2021\\\/01\\\/fogos-de-artificio.jpg\",\"width\":1280,\"height\":720},{\"@type\":\"BreadcrumbList\",\"@id\":\"https:\\\/\\\/bohngass.com.br\\\/?p=95#breadcrumb\",\"itemListElement\":[{\"@type\":\"ListItem\",\"position\":1,\"name\":\"In\u00edcio\",\"item\":\"https:\\\/\\\/bohngass.com.br\\\/\"},{\"@type\":\"ListItem\",\"position\":2,\"name\":\"BOHN GASS QUER O FIM DOS FOGOS DE ARTIF\u00cdCIO COM ESTRONDO NO BRASIL\"}]},{\"@type\":\"WebSite\",\"@id\":\"https:\\\/\\\/bohngass.com.br\\\/#website\",\"url\":\"https:\\\/\\\/bohngass.com.br\\\/\",\"name\":\"Deputado Federal Bohn Gass \u2605 PT\\\/RS\",\"description\":\"Deputado Federal Bohn Gass\",\"publisher\":{\"@id\":\"https:\\\/\\\/bohngass.com.br\\\/#organization\"},\"potentialAction\":[{\"@type\":\"SearchAction\",\"target\":{\"@type\":\"EntryPoint\",\"urlTemplate\":\"https:\\\/\\\/bohngass.com.br\\\/?s={search_term_string}\"},\"query-input\":{\"@type\":\"PropertyValueSpecification\",\"valueRequired\":true,\"valueName\":\"search_term_string\"}}],\"inLanguage\":\"pt-BR\"},{\"@type\":\"Organization\",\"@id\":\"https:\\\/\\\/bohngass.com.br\\\/#organization\",\"name\":\"Deputado Bohn Gass\",\"url\":\"https:\\\/\\\/bohngass.com.br\\\/\",\"logo\":{\"@type\":\"ImageObject\",\"inLanguage\":\"pt-BR\",\"@id\":\"https:\\\/\\\/bohngass.com.br\\\/#\\\/schema\\\/logo\\\/image\\\/\",\"url\":\"http:\\\/\\\/bohngass.com.br\\\/wp-content\\\/uploads\\\/2021\\\/01\\\/logo.png\",\"contentUrl\":\"http:\\\/\\\/bohngass.com.br\\\/wp-content\\\/uploads\\\/2021\\\/01\\\/logo.png\",\"width\":357,\"height\":355,\"caption\":\"Deputado Bohn Gass\"},\"image\":{\"@id\":\"https:\\\/\\\/bohngass.com.br\\\/#\\\/schema\\\/logo\\\/image\\\/\"},\"sameAs\":[\"https:\\\/\\\/www.facebook.com\\\/bohngass13\",\"https:\\\/\\\/x.com\\\/BohnGass\",\"https:\\\/\\\/www.instagram.com\\\/bohn_gass\\\/\",\"https:\\\/\\\/www.youtube.com\\\/BohnGass13\\\/\",\"https:\\\/\\\/pt.wikipedia.org\\\/wiki\\\/Bohn_Gass\"]},{\"@type\":\"Person\",\"@id\":\"https:\\\/\\\/bohngass.com.br\\\/#\\\/schema\\\/person\\\/73f139d814ad08afd66e56929f99d4d6\",\"name\":\"admin\",\"image\":{\"@type\":\"ImageObject\",\"inLanguage\":\"pt-BR\",\"@id\":\"https:\\\/\\\/bohngass.com.br\\\/wp-content\\\/litespeed\\\/avatar\\\/46d26e448dfe42e49944850c1affc8d8.jpg?ver=1777227068\",\"url\":\"https:\\\/\\\/bohngass.com.br\\\/wp-content\\\/litespeed\\\/avatar\\\/46d26e448dfe42e49944850c1affc8d8.jpg?ver=1777227068\",\"contentUrl\":\"https:\\\/\\\/bohngass.com.br\\\/wp-content\\\/litespeed\\\/avatar\\\/46d26e448dfe42e49944850c1affc8d8.jpg?ver=1777227068\",\"caption\":\"admin\"},\"sameAs\":[\"http:\\\/\\\/www2.bohngass.com.br\"]}]}<\/script>\n<!-- \/ Yoast SEO plugin. -->","yoast_head_json":{"title":"BOHN GASS QUER O FIM DOS FOGOS DE ARTIF\u00cdCIO COM ESTRONDO NO BRASIL - Deputado Federal Bohn Gass \u2605 PT\/RS","robots":{"index":"index","follow":"follow","max-snippet":"max-snippet:-1","max-image-preview":"max-image-preview:large","max-video-preview":"max-video-preview:-1"},"canonical":"https:\/\/bohngass.com.br\/?p=95","og_locale":"pt_BR","og_type":"article","og_title":"BOHN GASS QUER O FIM DOS FOGOS DE ARTIF\u00cdCIO COM ESTRONDO NO BRASIL - Deputado Federal Bohn Gass \u2605 PT\/RS","og_description":"Projeto do deputado visa proteger autistas, animais, crian\u00e7as, idosos e doentes Para evitar o sofrimento de pessoas com autismo, danos auditivos em animais, crises de ansiedade e sobressaltos em pessoas adoentadas e, ainda, reduzir os acidentes, o deputado Elvino Bohn Gass (PT\/RS) apresentou um projeto de lei que veda, em todo o Brasil, a fabrica\u00e7\u00e3o, [&hellip;]","og_url":"https:\/\/bohngass.com.br\/?p=95","og_site_name":"Deputado Federal Bohn Gass \u2605 PT\/RS","article_publisher":"https:\/\/www.facebook.com\/bohngass13","article_published_time":"2020-12-16T15:41:00+00:00","article_modified_time":"2021-01-18T15:43:42+00:00","og_image":[{"width":1280,"height":720,"url":"https:\/\/bohngass.com.br\/wp-content\/uploads\/2021\/01\/fogos-de-artificio.jpg","type":"image\/jpeg"}],"author":"admin","twitter_card":"summary_large_image","twitter_creator":"@BohnGass","twitter_site":"@BohnGass","twitter_misc":{"Escrito por":"admin","Est. tempo de leitura":"2 minutos"},"schema":{"@context":"https:\/\/schema.org","@graph":[{"@type":"Article","@id":"https:\/\/bohngass.com.br\/?p=95#article","isPartOf":{"@id":"https:\/\/bohngass.com.br\/?p=95"},"author":{"name":"admin","@id":"https:\/\/bohngass.com.br\/#\/schema\/person\/73f139d814ad08afd66e56929f99d4d6"},"headline":"BOHN GASS QUER O FIM DOS FOGOS DE ARTIF\u00cdCIO COM ESTRONDO NO BRASIL","datePublished":"2020-12-16T15:41:00+00:00","dateModified":"2021-01-18T15:43:42+00:00","mainEntityOfPage":{"@id":"https:\/\/bohngass.com.br\/?p=95"},"wordCount":432,"commentCount":0,"publisher":{"@id":"https:\/\/bohngass.com.br\/#organization"},"image":{"@id":"https:\/\/bohngass.com.br\/?p=95#primaryimage"},"thumbnailUrl":"https:\/\/bohngass.com.br\/wp-content\/uploads\/2021\/01\/fogos-de-artificio.jpg","keywords":["animais","autista","crian\u00e7a","fogos de artif\u00edcio","pet","projeto de lei"],"articleSection":["Iniciativa Parlamentar"],"inLanguage":"pt-BR","potentialAction":[{"@type":"CommentAction","name":"Comment","target":["https:\/\/bohngass.com.br\/?p=95#respond"]}]},{"@type":"WebPage","@id":"https:\/\/bohngass.com.br\/?p=95","url":"https:\/\/bohngass.com.br\/?p=95","name":"BOHN GASS QUER O FIM DOS FOGOS DE ARTIF\u00cdCIO COM ESTRONDO NO BRASIL - Deputado Federal Bohn Gass \u2605 PT\/RS","isPartOf":{"@id":"https:\/\/bohngass.com.br\/#website"},"primaryImageOfPage":{"@id":"https:\/\/bohngass.com.br\/?p=95#primaryimage"},"image":{"@id":"https:\/\/bohngass.com.br\/?p=95#primaryimage"},"thumbnailUrl":"https:\/\/bohngass.com.br\/wp-content\/uploads\/2021\/01\/fogos-de-artificio.jpg","datePublished":"2020-12-16T15:41:00+00:00","dateModified":"2021-01-18T15:43:42+00:00","breadcrumb":{"@id":"https:\/\/bohngass.com.br\/?p=95#breadcrumb"},"inLanguage":"pt-BR","potentialAction":[{"@type":"ReadAction","target":["https:\/\/bohngass.com.br\/?p=95"]}]},{"@type":"ImageObject","inLanguage":"pt-BR","@id":"https:\/\/bohngass.com.br\/?p=95#primaryimage","url":"https:\/\/bohngass.com.br\/wp-content\/uploads\/2021\/01\/fogos-de-artificio.jpg","contentUrl":"https:\/\/bohngass.com.br\/wp-content\/uploads\/2021\/01\/fogos-de-artificio.jpg","width":1280,"height":720},{"@type":"BreadcrumbList","@id":"https:\/\/bohngass.com.br\/?p=95#breadcrumb","itemListElement":[{"@type":"ListItem","position":1,"name":"In\u00edcio","item":"https:\/\/bohngass.com.br\/"},{"@type":"ListItem","position":2,"name":"BOHN GASS QUER O FIM DOS FOGOS DE ARTIF\u00cdCIO COM ESTRONDO NO BRASIL"}]},{"@type":"WebSite","@id":"https:\/\/bohngass.com.br\/#website","url":"https:\/\/bohngass.com.br\/","name":"Deputado Federal Bohn Gass \u2605 PT\/RS","description":"Deputado Federal Bohn Gass","publisher":{"@id":"https:\/\/bohngass.com.br\/#organization"},"potentialAction":[{"@type":"SearchAction","target":{"@type":"EntryPoint","urlTemplate":"https:\/\/bohngass.com.br\/?s={search_term_string}"},"query-input":{"@type":"PropertyValueSpecification","valueRequired":true,"valueName":"search_term_string"}}],"inLanguage":"pt-BR"},{"@type":"Organization","@id":"https:\/\/bohngass.com.br\/#organization","name":"Deputado Bohn Gass","url":"https:\/\/bohngass.com.br\/","logo":{"@type":"ImageObject","inLanguage":"pt-BR","@id":"https:\/\/bohngass.com.br\/#\/schema\/logo\/image\/","url":"http:\/\/bohngass.com.br\/wp-content\/uploads\/2021\/01\/logo.png","contentUrl":"http:\/\/bohngass.com.br\/wp-content\/uploads\/2021\/01\/logo.png","width":357,"height":355,"caption":"Deputado Bohn Gass"},"image":{"@id":"https:\/\/bohngass.com.br\/#\/schema\/logo\/image\/"},"sameAs":["https:\/\/www.facebook.com\/bohngass13","https:\/\/x.com\/BohnGass","https:\/\/www.instagram.com\/bohn_gass\/","https:\/\/www.youtube.com\/BohnGass13\/","https:\/\/pt.wikipedia.org\/wiki\/Bohn_Gass"]},{"@type":"Person","@id":"https:\/\/bohngass.com.br\/#\/schema\/person\/73f139d814ad08afd66e56929f99d4d6","name":"admin","image":{"@type":"ImageObject","inLanguage":"pt-BR","@id":"https:\/\/bohngass.com.br\/wp-content\/litespeed\/avatar\/46d26e448dfe42e49944850c1affc8d8.jpg?ver=1777227068","url":"https:\/\/bohngass.com.br\/wp-content\/litespeed\/avatar\/46d26e448dfe42e49944850c1affc8d8.jpg?ver=1777227068","contentUrl":"https:\/\/bohngass.com.br\/wp-content\/litespeed\/avatar\/46d26e448dfe42e49944850c1affc8d8.jpg?ver=1777227068","caption":"admin"},"sameAs":["http:\/\/www2.bohngass.com.br"]}]}},"_links":{"self":[{"href":"https:\/\/bohngass.com.br\/index.php?rest_route=\/wp\/v2\/posts\/95","targetHints":{"allow":["GET"]}}],"collection":[{"href":"https:\/\/bohngass.com.br\/index.php?rest_route=\/wp\/v2\/posts"}],"about":[{"href":"https:\/\/bohngass.com.br\/index.php?rest_route=\/wp\/v2\/types\/post"}],"author":[{"embeddable":true,"href":"https:\/\/bohngass.com.br\/index.php?rest_route=\/wp\/v2\/users\/1"}],"replies":[{"embeddable":true,"href":"https:\/\/bohngass.com.br\/index.php?rest_route=%2Fwp%2Fv2%2Fcomments&post=95"}],"version-history":[{"count":0,"href":"https:\/\/bohngass.com.br\/index.php?rest_route=\/wp\/v2\/posts\/95\/revisions"}],"wp:featuredmedia":[{"embeddable":true,"href":"https:\/\/bohngass.com.br\/index.php?rest_route=\/wp\/v2\/media\/96"}],"wp:attachment":[{"href":"https:\/\/bohngass.com.br\/index.php?rest_route=%2Fwp%2Fv2%2Fmedia&parent=95"}],"wp:term":[{"taxonomy":"category","embeddable":true,"href":"https:\/\/bohngass.com.br\/index.php?rest_route=%2Fwp%2Fv2%2Fcategories&post=95"},{"taxonomy":"post_tag","embeddable":true,"href":"https:\/\/bohngass.com.br\/index.php?rest_route=%2Fwp%2Fv2%2Ftags&post=95"}],"curies":[{"name":"wp","href":"https:\/\/api.w.org\/{rel}","templated":true}]}}